{"id":498,"date":"2005-06-10T16:04:38","date_gmt":"2005-06-10T15:04:38","guid":{"rendered":"http:\/\/www.grelibre.net\/wordpress\/?p=498"},"modified":"2013-04-15T18:45:50","modified_gmt":"2013-04-15T18:45:50","slug":"edito-du-10-juin","status":"publish","type":"post","link":"https:\/\/www.grelibre.net\/WP\/2005\/06\/10\/edito-du-10-juin\/","title":{"rendered":"Edito du 10 juin"},"content":{"rendered":"<p>Normal&#8230;<br \/>\nBonjour,<\/p>\n<p>Edito succint car peu de temps actuellement !<\/p>\n<p>Encore une assez belle journ\u00e9e qui s&rsquo;annonce&#8230; Quel plaisir de se lever le matin lorsque le soleil se l\u00e8ve \u00e0 peine. Les couleurs sont magnifiques et la visibilit\u00e9 est excellente !!<br \/>\nHier, la journ\u00e9e est rest\u00e9e belle m\u00eame si quelques voiles nuageux sont encore venus jouer les troubles f\u00eates&#8230; La temp\u00e9rature a d\u00e9pass\u00e9 les 24\u00b0C dans Grenoble&#8230;<\/p>\n<p>Photo du jour : Lever de soleil sur Le Moucherotte<br \/>\n<img decoding=\"async\" src=\"http:\/\/www.grelibre.net\/WP\/wp-content\/plugins\/image-shadow\/cache\/796c074730c293afef5125e42a0ff68e.jpg\" \/><\/p>\n<p>Info du jour :<br \/>\nExtrait en vrac sur le probl\u00e8me du tunnel Fr\u00e9jus\/Mont Blanc :<br \/>\n\u00ab\u00a0Le report du trafic du tunnel du Fr\u00e9jus sur le tunnel du Mont- Blanc, devrait entra\u00eener un d\u00e9passement des normes l\u00e9gales de pollution de l&rsquo;air aux abords de la cit\u00e9 savoyarde : c&rsquo;est ce qui ressort d&rsquo;une \u00e9tude publi\u00e9e en juin 2004 par l&rsquo;association de mesure de la qualit\u00e9 atmosph\u00e9rique\u00a0\u00bb extrait Le Monde.<\/p>\n<p>Avant l&rsquo;accident du Fr\u00e9jus, ces navettes, qui vont \u00e0 Orbassano (dans la banlieue de Turin) et parcourent 175 km en 3 heures, circulaient \u00e0 moiti\u00e9 vide et transportaient chaque semaine environ 300 camions. extrait Voila actu.<\/p>\n<p>L&rsquo;Office f\u00e9d\u00e9ral des routes (Suisse) ne veut pas d&rsquo;un itin\u00e9raire de secours \u00e0 travers les Alpes suisses pour les poids lourds transitant habituellement par le tunnel du Fr\u00e9jus. extrait Edicom Suisse.<\/p>\n<p>Commentaire du jour :<br \/>\nCourage G\u00e9rard !!!!<\/p>\n<p>La suite ? Le week end correct en persepective avec des temp\u00e9ratures un peu plus chaudes ! A suivre&#8230;<\/p>\n<p>Indice Allergique : 4\/5 = Elev\u00e9 ! Toujours les gramin\u00e9s en t\u00eate de liste !<\/p>\n<p>Indice Air: 5\/10 = Moyen Augmentation du niveau pour aujourd&rsquo;hui !!<\/p>\n","protected":false},"excerpt":{"rendered":"<p>Normal&#8230; Bonjour, Edito succint car peu de temps actuellement ! Encore une assez belle journ\u00e9e qui s&rsquo;annonce&#8230; Quel plaisir de se lever le matin lorsque le soleil se l\u00e8ve \u00e0 peine. Les couleurs sont magnifiques et la visibilit\u00e9 est excellente !! Hier, la journ\u00e9e est rest\u00e9e belle m\u00eame si quelques voiles nuageux sont encore venus&hellip;<\/p>\n<p class=\"more\"><a class=\"more-link\" href=\"https:\/\/www.grelibre.net\/WP\/2005\/06\/10\/edito-du-10-juin\/\">Continue reading <span class=\"screen-reader-text\">Edito du 10 juin<\/span><\/a><\/p>\n","protected":false},"author":2,"featured_media":0,"comment_status":"closed","ping_status":"closed","sticky":false,"template":"","format":"standard","meta":{"footnotes":""},"categories":[1],"tags":[],"class_list":["post-498","post","type-post","status-publish","format-standard","hentry","category-non-classe","entry"],"yoast_head":"<!-- This site is optimized with the Yoast SEO plugin v27.5 - https:\/\/yoast.com\/product\/yoast-seo-wordpress\/ -->\n<title>Edito du 10 juin<\/title>\n<meta name=\"description\" content=\"Normal... Bonjour, Edito succint car peu de temps actuellement ! Encore une assez belle journ\u00e9e qui s&#039;annonce... Quel plaisir de se lever le matin lorsque\" \/>\n<meta name=\"robots\" content=\"index, follow, max-snippet:-1, max-image-preview:large, max-video-preview:-1\" \/>\n<link rel=\"canonical\" href=\"https:\/\/www.grelibre.net\/WP\/2005\/06\/10\/edito-du-10-juin\/\" \/>\n<meta property=\"og:locale\" content=\"fr_FR\" \/>\n<meta property=\"og:type\" content=\"article\" \/>\n<meta property=\"og:title\" content=\"Edito du 10 juin\" \/>\n<meta property=\"og:description\" content=\"Normal... Bonjour, Edito succint car peu de temps actuellement ! Encore une assez belle journ\u00e9e qui s&#039;annonce... Quel plaisir de se lever le matin lorsque\" \/>\n<meta property=\"og:url\" content=\"https:\/\/www.grelibre.net\/WP\/2005\/06\/10\/edito-du-10-juin\/\" \/>\n<meta property=\"og:site_name\" content=\"Grelibre.net\" \/>\n<meta property=\"article:publisher\" content=\"https:\/\/www.facebook.com\/pages\/Grelibre\/127788767248442\" \/>\n<meta property=\"article:published_time\" content=\"2005-06-10T15:04:38+00:00\" \/>\n<meta property=\"article:modified_time\" content=\"2013-04-15T18:45:50+00:00\" \/>\n<meta property=\"og:image\" content=\"http:\/\/www.grelibre.net\/Images\/2005\/06\/V_100605_001.jpg\" \/>\n<meta name=\"author\" content=\"Grelibre\" \/>\n<meta name=\"twitter:label1\" content=\"\u00c9crit par\" \/>\n\t<meta name=\"twitter:data1\" content=\"Grelibre\" \/>\n\t<meta name=\"twitter:label2\" content=\"Dur\u00e9e de lecture estim\u00e9e\" \/>\n\t<meta name=\"twitter:data2\" content=\"1 minute\" \/>\n<script type=\"application\/ld+json\" class=\"yoast-schema-graph\">{\"@context\":\"https:\\\/\\\/schema.org\",\"@graph\":[{\"@type\":\"Article\",\"@id\":\"https:\\\/\\\/www.grelibre.net\\\/WP\\\/2005\\\/06\\\/10\\\/edito-du-10-juin\\\/#article\",\"isPartOf\":{\"@id\":\"https:\\\/\\\/www.grelibre.net\\\/WP\\\/2005\\\/06\\\/10\\\/edito-du-10-juin\\\/\"},\"author\":{\"name\":\"Grelibre\",\"@id\":\"https:\\\/\\\/www.grelibre.net\\\/WP\\\/#\\\/schema\\\/person\\\/ad30d863c31be1a80dd44300962ef92e\"},\"headline\":\"Edito du 10 juin\",\"datePublished\":\"2005-06-10T15:04:38+00:00\",\"dateModified\":\"2013-04-15T18:45:50+00:00\",\"mainEntityOfPage\":{\"@id\":\"https:\\\/\\\/www.grelibre.net\\\/WP\\\/2005\\\/06\\\/10\\\/edito-du-10-juin\\\/\"},\"wordCount\":267,\"image\":{\"@id\":\"https:\\\/\\\/www.grelibre.net\\\/WP\\\/2005\\\/06\\\/10\\\/edito-du-10-juin\\\/#primaryimage\"},\"thumbnailUrl\":\"http:\\\/\\\/www.grelibre.net\\\/Images\\\/2005\\\/06\\\/V_100605_001.jpg\",\"inLanguage\":\"fr-FR\"},{\"@type\":\"WebPage\",\"@id\":\"https:\\\/\\\/www.grelibre.net\\\/WP\\\/2005\\\/06\\\/10\\\/edito-du-10-juin\\\/\",\"url\":\"https:\\\/\\\/www.grelibre.net\\\/WP\\\/2005\\\/06\\\/10\\\/edito-du-10-juin\\\/\",\"name\":\"Edito du 10 juin\",\"isPartOf\":{\"@id\":\"https:\\\/\\\/www.grelibre.net\\\/WP\\\/#website\"},\"primaryImageOfPage\":{\"@id\":\"https:\\\/\\\/www.grelibre.net\\\/WP\\\/2005\\\/06\\\/10\\\/edito-du-10-juin\\\/#primaryimage\"},\"image\":{\"@id\":\"https:\\\/\\\/www.grelibre.net\\\/WP\\\/2005\\\/06\\\/10\\\/edito-du-10-juin\\\/#primaryimage\"},\"thumbnailUrl\":\"http:\\\/\\\/www.grelibre.net\\\/Images\\\/2005\\\/06\\\/V_100605_001.jpg\",\"datePublished\":\"2005-06-10T15:04:38+00:00\",\"dateModified\":\"2013-04-15T18:45:50+00:00\",\"author\":{\"@id\":\"https:\\\/\\\/www.grelibre.net\\\/WP\\\/#\\\/schema\\\/person\\\/ad30d863c31be1a80dd44300962ef92e\"},\"description\":\"Normal... Bonjour, Edito succint car peu de temps actuellement ! Encore une assez belle journ\u00e9e qui s'annonce... Quel plaisir de se lever le matin lorsque\",\"inLanguage\":\"fr-FR\",\"potentialAction\":[{\"@type\":\"ReadAction\",\"target\":[\"https:\\\/\\\/www.grelibre.net\\\/WP\\\/2005\\\/06\\\/10\\\/edito-du-10-juin\\\/\"]}]},{\"@type\":\"ImageObject\",\"inLanguage\":\"fr-FR\",\"@id\":\"https:\\\/\\\/www.grelibre.net\\\/WP\\\/2005\\\/06\\\/10\\\/edito-du-10-juin\\\/#primaryimage\",\"url\":\"http:\\\/\\\/www.grelibre.net\\\/Images\\\/2005\\\/06\\\/V_100605_001.jpg\",\"contentUrl\":\"http:\\\/\\\/www.grelibre.net\\\/Images\\\/2005\\\/06\\\/V_100605_001.jpg\"},{\"@type\":\"WebSite\",\"@id\":\"https:\\\/\\\/www.grelibre.net\\\/WP\\\/#website\",\"url\":\"https:\\\/\\\/www.grelibre.net\\\/WP\\\/\",\"name\":\"Grelibre.net\",\"description\":\"la Montagne dans tous ses \u00e9tats\",\"potentialAction\":[{\"@type\":\"SearchAction\",\"target\":{\"@type\":\"EntryPoint\",\"urlTemplate\":\"https:\\\/\\\/www.grelibre.net\\\/WP\\\/?s={search_term_string}\"},\"query-input\":{\"@type\":\"PropertyValueSpecification\",\"valueRequired\":true,\"valueName\":\"search_term_string\"}}],\"inLanguage\":\"fr-FR\"},{\"@type\":\"Person\",\"@id\":\"https:\\\/\\\/www.grelibre.net\\\/WP\\\/#\\\/schema\\\/person\\\/ad30d863c31be1a80dd44300962ef92e\",\"name\":\"Grelibre\",\"image\":{\"@type\":\"ImageObject\",\"inLanguage\":\"fr-FR\",\"@id\":\"https:\\\/\\\/secure.gravatar.com\\\/avatar\\\/58beb5dfb95390604f13a3474b88e7c3cccbd91d3d084e8a46fb51deed41ea4c?s=96&d=mm&r=g\",\"url\":\"https:\\\/\\\/secure.gravatar.com\\\/avatar\\\/58beb5dfb95390604f13a3474b88e7c3cccbd91d3d084e8a46fb51deed41ea4c?s=96&d=mm&r=g\",\"contentUrl\":\"https:\\\/\\\/secure.gravatar.com\\\/avatar\\\/58beb5dfb95390604f13a3474b88e7c3cccbd91d3d084e8a46fb51deed41ea4c?s=96&d=mm&r=g\",\"caption\":\"Grelibre\"},\"sameAs\":[\"http:\\\/\\\/wwww.grelibre.net\"],\"url\":\"https:\\\/\\\/www.grelibre.net\\\/WP\\\/author\\\/grelibreadmin\\\/\"}]}<\/script>\n<!-- \/ Yoast SEO plugin. -->","yoast_head_json":{"title":"Edito du 10 juin","description":"Normal... Bonjour, Edito succint car peu de temps actuellement ! Encore une assez belle journ\u00e9e qui s'annonce... Quel plaisir de se lever le matin lorsque","robots":{"index":"index","follow":"follow","max-snippet":"max-snippet:-1","max-image-preview":"max-image-preview:large","max-video-preview":"max-video-preview:-1"},"canonical":"https:\/\/www.grelibre.net\/WP\/2005\/06\/10\/edito-du-10-juin\/","og_locale":"fr_FR","og_type":"article","og_title":"Edito du 10 juin","og_description":"Normal... Bonjour, Edito succint car peu de temps actuellement ! Encore une assez belle journ\u00e9e qui s'annonce... Quel plaisir de se lever le matin lorsque","og_url":"https:\/\/www.grelibre.net\/WP\/2005\/06\/10\/edito-du-10-juin\/","og_site_name":"Grelibre.net","article_publisher":"https:\/\/www.facebook.com\/pages\/Grelibre\/127788767248442","article_published_time":"2005-06-10T15:04:38+00:00","article_modified_time":"2013-04-15T18:45:50+00:00","og_image":[{"url":"http:\/\/www.grelibre.net\/Images\/2005\/06\/V_100605_001.jpg","type":"","width":"","height":""}],"author":"Grelibre","twitter_misc":{"\u00c9crit par":"Grelibre","Dur\u00e9e de lecture estim\u00e9e":"1 minute"},"schema":{"@context":"https:\/\/schema.org","@graph":[{"@type":"Article","@id":"https:\/\/www.grelibre.net\/WP\/2005\/06\/10\/edito-du-10-juin\/#article","isPartOf":{"@id":"https:\/\/www.grelibre.net\/WP\/2005\/06\/10\/edito-du-10-juin\/"},"author":{"name":"Grelibre","@id":"https:\/\/www.grelibre.net\/WP\/#\/schema\/person\/ad30d863c31be1a80dd44300962ef92e"},"headline":"Edito du 10 juin","datePublished":"2005-06-10T15:04:38+00:00","dateModified":"2013-04-15T18:45:50+00:00","mainEntityOfPage":{"@id":"https:\/\/www.grelibre.net\/WP\/2005\/06\/10\/edito-du-10-juin\/"},"wordCount":267,"image":{"@id":"https:\/\/www.grelibre.net\/WP\/2005\/06\/10\/edito-du-10-juin\/#primaryimage"},"thumbnailUrl":"http:\/\/www.grelibre.net\/Images\/2005\/06\/V_100605_001.jpg","inLanguage":"fr-FR"},{"@type":"WebPage","@id":"https:\/\/www.grelibre.net\/WP\/2005\/06\/10\/edito-du-10-juin\/","url":"https:\/\/www.grelibre.net\/WP\/2005\/06\/10\/edito-du-10-juin\/","name":"Edito du 10 juin","isPartOf":{"@id":"https:\/\/www.grelibre.net\/WP\/#website"},"primaryImageOfPage":{"@id":"https:\/\/www.grelibre.net\/WP\/2005\/06\/10\/edito-du-10-juin\/#primaryimage"},"image":{"@id":"https:\/\/www.grelibre.net\/WP\/2005\/06\/10\/edito-du-10-juin\/#primaryimage"},"thumbnailUrl":"http:\/\/www.grelibre.net\/Images\/2005\/06\/V_100605_001.jpg","datePublished":"2005-06-10T15:04:38+00:00","dateModified":"2013-04-15T18:45:50+00:00","author":{"@id":"https:\/\/www.grelibre.net\/WP\/#\/schema\/person\/ad30d863c31be1a80dd44300962ef92e"},"description":"Normal... Bonjour, Edito succint car peu de temps actuellement ! Encore une assez belle journ\u00e9e qui s'annonce... Quel plaisir de se lever le matin lorsque","inLanguage":"fr-FR","potentialAction":[{"@type":"ReadAction","target":["https:\/\/www.grelibre.net\/WP\/2005\/06\/10\/edito-du-10-juin\/"]}]},{"@type":"ImageObject","inLanguage":"fr-FR","@id":"https:\/\/www.grelibre.net\/WP\/2005\/06\/10\/edito-du-10-juin\/#primaryimage","url":"http:\/\/www.grelibre.net\/Images\/2005\/06\/V_100605_001.jpg","contentUrl":"http:\/\/www.grelibre.net\/Images\/2005\/06\/V_100605_001.jpg"},{"@type":"WebSite","@id":"https:\/\/www.grelibre.net\/WP\/#website","url":"https:\/\/www.grelibre.net\/WP\/","name":"Grelibre.net","description":"la Montagne dans tous ses \u00e9tats","potentialAction":[{"@type":"SearchAction","target":{"@type":"EntryPoint","urlTemplate":"https:\/\/www.grelibre.net\/WP\/?s={search_term_string}"},"query-input":{"@type":"PropertyValueSpecification","valueRequired":true,"valueName":"search_term_string"}}],"inLanguage":"fr-FR"},{"@type":"Person","@id":"https:\/\/www.grelibre.net\/WP\/#\/schema\/person\/ad30d863c31be1a80dd44300962ef92e","name":"Grelibre","image":{"@type":"ImageObject","inLanguage":"fr-FR","@id":"https:\/\/secure.gravatar.com\/avatar\/58beb5dfb95390604f13a3474b88e7c3cccbd91d3d084e8a46fb51deed41ea4c?s=96&d=mm&r=g","url":"https:\/\/secure.gravatar.com\/avatar\/58beb5dfb95390604f13a3474b88e7c3cccbd91d3d084e8a46fb51deed41ea4c?s=96&d=mm&r=g","contentUrl":"https:\/\/secure.gravatar.com\/avatar\/58beb5dfb95390604f13a3474b88e7c3cccbd91d3d084e8a46fb51deed41ea4c?s=96&d=mm&r=g","caption":"Grelibre"},"sameAs":["http:\/\/wwww.grelibre.net"],"url":"https:\/\/www.grelibre.net\/WP\/author\/grelibreadmin\/"}]}},"_links":{"self":[{"href":"https:\/\/www.grelibre.net\/WP\/wp-json\/wp\/v2\/posts\/498","targetHints":{"allow":["GET"]}}],"collection":[{"href":"https:\/\/www.grelibre.net\/WP\/wp-json\/wp\/v2\/posts"}],"about":[{"href":"https:\/\/www.grelibre.net\/WP\/wp-json\/wp\/v2\/types\/post"}],"author":[{"embeddable":true,"href":"https:\/\/www.grelibre.net\/WP\/wp-json\/wp\/v2\/users\/2"}],"replies":[{"embeddable":true,"href":"https:\/\/www.grelibre.net\/WP\/wp-json\/wp\/v2\/comments?post=498"}],"version-history":[{"count":1,"href":"https:\/\/www.grelibre.net\/WP\/wp-json\/wp\/v2\/posts\/498\/revisions"}],"predecessor-version":[{"id":2074,"href":"https:\/\/www.grelibre.net\/WP\/wp-json\/wp\/v2\/posts\/498\/revisions\/2074"}],"wp:attachment":[{"href":"https:\/\/www.grelibre.net\/WP\/wp-json\/wp\/v2\/media?parent=498"}],"wp:term":[{"taxonomy":"category","embeddable":true,"href":"https:\/\/www.grelibre.net\/WP\/wp-json\/wp\/v2\/categories?post=498"},{"taxonomy":"post_tag","embeddable":true,"href":"https:\/\/www.grelibre.net\/WP\/wp-json\/wp\/v2\/tags?post=498"}],"curies":[{"name":"wp","href":"https:\/\/api.w.org\/{rel}","templated":true}]}}