{"id":496,"date":"2005-06-07T16:02:09","date_gmt":"2005-06-07T15:02:09","guid":{"rendered":"http:\/\/www.grelibre.net\/wordpress\/?p=496"},"modified":"2013-04-15T18:45:50","modified_gmt":"2013-04-15T18:45:50","slug":"edito-du-07-juin-3","status":"publish","type":"post","link":"https:\/\/www.grelibre.net\/WP\/2005\/06\/07\/edito-du-07-juin-3\/","title":{"rendered":"Edito du 07 juin"},"content":{"rendered":"<p>Quel vent !!<br \/>\nBonjour,<\/p>\n<p>Grosse fraicheur ce matin avec un petit 13\u00b0C dans Grenoble !! Cela fait bien longtemps que nous n&rsquo;avons pas eu aussi frais ! Beau temps en perspective aujourd&rsquo;hui en esp\u00e9rant que le ventilateur de la cluse de Voreppe ne se mette pas en route !!<br \/>\nHier, fut une journ\u00e9e correcte avec une temp\u00e9rature au maximum de 26\u00b0C (\u00e0 l&rsquo;abri du vent et plut\u00f4t \u00e0 l&rsquo;est de l&rsquo;agglo). Des nuages \u00e9taient bien pr\u00e9sent sur les reliefs et de temps de gros nuages noirs traversaient l&rsquo;agglo sans rien lacher ! Quant \u00e0 ce vent, il n&rsquo;a pas cess\u00e9 et il m&rsquo;a sembl\u00e9 \u00eatre encore plus fort que les autres jours ! Bohlen m&rsquo;a donn\u00e9 une explication sur le lien hypoth\u00e9tique que je me posais entre le Mistral et notre vent :<br \/>\nextrait message Bohlen :<br \/>\nEn effet, il y une grande corr\u00e9lation entre le mistral soufflant en basse vall\u00e9e du Rh\u00f4ne et notre bise grenobloise. Les 2 se d\u00e9clenchent lorsque la pression atmosph\u00e9rique est basse sur l&rsquo;Italie mais \u00e9lev\u00e9e sur l&rsquo;ouest de la France. Le vent s&rsquo;\u00e9coule alors au gr\u00e9 des isobares, c&rsquo;\u00e9tait le cas dimanche dernier.<br \/>\nEn g\u00e9n\u00e9ral, 2 couloirs de bise sont sensibles en Is\u00e8re, l&rsquo;un s&rsquo;\u00e9coulant des plaines lyonnaises au sillon rhodanien, l&rsquo;autre en provenance du L\u00e9man puis de l&rsquo;Avant Pays Savoyard s&rsquo;\u00e9coulant vers l&rsquo;ouest de Grenoble et le Vercors via les Terres Froides, la cluse de Voreppe, se dirigeant ensuite sur le plateau matheysin o\u00f9 il commence g\u00e9n\u00e9ralement \u00e0 s&rsquo;essoufler.<br \/>\nSelon la position et le resserement des isobares, ce second couloir est plus ou moins marqu\u00e9. En g\u00e9n\u00e9ral, le premier domine toutefois sur le second. Entre les 2, la plaine de la Bi\u00e8vre est g\u00e9n\u00e9ralement un peu moins concern\u00e9. Les relev\u00e9s de Grenoble-Saint Geoirs sont presque syst\u00e9matiquement inf\u00e9rieurs \u00e0 ceux de Lyon-Saint Exup\u00e9ry ou Chamb\u00e9ry-Aix les Bains, et ce n&rsquo;est pas li\u00e9 \u00e0 l&#8217;emplacement de l&rsquo;an\u00e9mom\u00e8tre puisque nous avons la chance en Is\u00e8re d&rsquo;avoir 2 stations au top pour ce qui est des conditions de mesure (Grenoble-Le Versoud l&rsquo;est aussi).<br \/>\nConclusion, il vaut mieux habiter \u00e0 l&rsquo;est qu&rsquo;\u00e0 l&rsquo;ouest de Grenoble mais l&rsquo;hiver, il y a moins de neige (pour ceux qui aiment la neige) \u00e0 l&rsquo;est qu&rsquo;\u00e0 l&rsquo;ouest !!<\/p>\n<p>Photo du jour : Le massif de La Chartreuse au r\u00e9veil&#8230;<br \/>\n<img decoding=\"async\" src=\"http:\/\/www.grelibre.net\/WP\/wp-content\/plugins\/image-shadow\/cache\/ad7048db5035bbd7fead671fe1f0a047.jpg\" \/><\/p>\n<p>Info du jour :<br \/>\nC&rsquo;est plut\u00f4t une anecdote. Hier en fin d&rsquo;apr\u00e8s midi, alors que beaucoup d&rsquo;enfants, parents et<br \/>\nnounous se trouvent dans les jardins de la ville, les arrosages automatiquent se sont mis en route !!<\/p>\n<p>Commentaire du jour :<\/p>\n<p>La suite ? Tjours beau pour le reste de la semaine avec des temp\u00e9ratures toujours un peu fraiche ! A suivre&#8230;<\/p>\n<p>Indice Allergique : 4\/5 = Elev\u00e9 ! Toujours les gramin\u00e9s en t\u00eate de liste !<\/p>\n<p>Indice Air: 4\/10 = Bon Peu d&rsquo;\u00e9volution tant que le vent reste de la partie !<\/p>\n","protected":false},"excerpt":{"rendered":"<p>Quel vent !! Bonjour, Grosse fraicheur ce matin avec un petit 13\u00b0C dans Grenoble !! Cela fait bien longtemps que nous n&rsquo;avons pas eu aussi frais ! Beau temps en perspective aujourd&rsquo;hui en esp\u00e9rant que le ventilateur de la cluse de Voreppe ne se mette pas en route !! Hier, fut une journ\u00e9e correcte avec&hellip;<\/p>\n<p class=\"more\"><a class=\"more-link\" href=\"https:\/\/www.grelibre.net\/WP\/2005\/06\/07\/edito-du-07-juin-3\/\">Continue reading <span class=\"screen-reader-text\">Edito du 07 juin<\/span><\/a><\/p>\n","protected":false},"author":2,"featured_media":0,"comment_status":"closed","ping_status":"closed","sticky":false,"template":"","format":"standard","meta":{"footnotes":""},"categories":[1],"tags":[],"class_list":["post-496","post","type-post","status-publish","format-standard","hentry","category-non-classe","entry"],"yoast_head":"<!-- This site is optimized with the Yoast SEO plugin v27.5 - https:\/\/yoast.com\/product\/yoast-seo-wordpress\/ -->\n<title>Edito du 07 juin<\/title>\n<meta name=\"description\" content=\"Quel vent !! Bonjour, Grosse fraicheur ce matin avec un petit 13\u00b0C dans Grenoble !! Cela fait bien longtemps que nous n&#039;avons pas eu aussi frais ! Beau\" \/>\n<meta name=\"robots\" content=\"index, follow, max-snippet:-1, max-image-preview:large, max-video-preview:-1\" \/>\n<link rel=\"canonical\" href=\"https:\/\/www.grelibre.net\/WP\/2005\/06\/07\/edito-du-07-juin-3\/\" \/>\n<meta property=\"og:locale\" content=\"fr_FR\" \/>\n<meta property=\"og:type\" content=\"article\" \/>\n<meta property=\"og:title\" content=\"Edito du 07 juin\" \/>\n<meta property=\"og:description\" content=\"Quel vent !! Bonjour, Grosse fraicheur ce matin avec un petit 13\u00b0C dans Grenoble !! Cela fait bien longtemps que nous n&#039;avons pas eu aussi frais ! Beau\" \/>\n<meta property=\"og:url\" content=\"https:\/\/www.grelibre.net\/WP\/2005\/06\/07\/edito-du-07-juin-3\/\" \/>\n<meta property=\"og:site_name\" content=\"Grelibre.net\" \/>\n<meta property=\"article:publisher\" content=\"https:\/\/www.facebook.com\/pages\/Grelibre\/127788767248442\" \/>\n<meta property=\"article:published_time\" content=\"2005-06-07T15:02:09+00:00\" \/>\n<meta property=\"article:modified_time\" content=\"2013-04-15T18:45:50+00:00\" \/>\n<meta property=\"og:image\" content=\"http:\/\/www.grelibre.net\/Images\/2005\/06\/Ch_080605_001.jpg\" \/>\n<meta name=\"author\" content=\"Grelibre\" \/>\n<meta name=\"twitter:label1\" content=\"\u00c9crit par\" \/>\n\t<meta name=\"twitter:data1\" content=\"Grelibre\" \/>\n\t<meta name=\"twitter:label2\" content=\"Dur\u00e9e de lecture estim\u00e9e\" \/>\n\t<meta name=\"twitter:data2\" content=\"2 minutes\" \/>\n<script type=\"application\/ld+json\" class=\"yoast-schema-graph\">{\"@context\":\"https:\\\/\\\/schema.org\",\"@graph\":[{\"@type\":\"Article\",\"@id\":\"https:\\\/\\\/www.grelibre.net\\\/WP\\\/2005\\\/06\\\/07\\\/edito-du-07-juin-3\\\/#article\",\"isPartOf\":{\"@id\":\"https:\\\/\\\/www.grelibre.net\\\/WP\\\/2005\\\/06\\\/07\\\/edito-du-07-juin-3\\\/\"},\"author\":{\"name\":\"Grelibre\",\"@id\":\"https:\\\/\\\/www.grelibre.net\\\/WP\\\/#\\\/schema\\\/person\\\/ad30d863c31be1a80dd44300962ef92e\"},\"headline\":\"Edito du 07 juin\",\"datePublished\":\"2005-06-07T15:02:09+00:00\",\"dateModified\":\"2013-04-15T18:45:50+00:00\",\"mainEntityOfPage\":{\"@id\":\"https:\\\/\\\/www.grelibre.net\\\/WP\\\/2005\\\/06\\\/07\\\/edito-du-07-juin-3\\\/\"},\"wordCount\":480,\"image\":{\"@id\":\"https:\\\/\\\/www.grelibre.net\\\/WP\\\/2005\\\/06\\\/07\\\/edito-du-07-juin-3\\\/#primaryimage\"},\"thumbnailUrl\":\"http:\\\/\\\/www.grelibre.net\\\/Images\\\/2005\\\/06\\\/Ch_080605_001.jpg\",\"inLanguage\":\"fr-FR\"},{\"@type\":\"WebPage\",\"@id\":\"https:\\\/\\\/www.grelibre.net\\\/WP\\\/2005\\\/06\\\/07\\\/edito-du-07-juin-3\\\/\",\"url\":\"https:\\\/\\\/www.grelibre.net\\\/WP\\\/2005\\\/06\\\/07\\\/edito-du-07-juin-3\\\/\",\"name\":\"Edito du 07 juin\",\"isPartOf\":{\"@id\":\"https:\\\/\\\/www.grelibre.net\\\/WP\\\/#website\"},\"primaryImageOfPage\":{\"@id\":\"https:\\\/\\\/www.grelibre.net\\\/WP\\\/2005\\\/06\\\/07\\\/edito-du-07-juin-3\\\/#primaryimage\"},\"image\":{\"@id\":\"https:\\\/\\\/www.grelibre.net\\\/WP\\\/2005\\\/06\\\/07\\\/edito-du-07-juin-3\\\/#primaryimage\"},\"thumbnailUrl\":\"http:\\\/\\\/www.grelibre.net\\\/Images\\\/2005\\\/06\\\/Ch_080605_001.jpg\",\"datePublished\":\"2005-06-07T15:02:09+00:00\",\"dateModified\":\"2013-04-15T18:45:50+00:00\",\"author\":{\"@id\":\"https:\\\/\\\/www.grelibre.net\\\/WP\\\/#\\\/schema\\\/person\\\/ad30d863c31be1a80dd44300962ef92e\"},\"description\":\"Quel vent !! Bonjour, Grosse fraicheur ce matin avec un petit 13\u00b0C dans Grenoble !! Cela fait bien longtemps que nous n'avons pas eu aussi frais ! Beau\",\"inLanguage\":\"fr-FR\",\"potentialAction\":[{\"@type\":\"ReadAction\",\"target\":[\"https:\\\/\\\/www.grelibre.net\\\/WP\\\/2005\\\/06\\\/07\\\/edito-du-07-juin-3\\\/\"]}]},{\"@type\":\"ImageObject\",\"inLanguage\":\"fr-FR\",\"@id\":\"https:\\\/\\\/www.grelibre.net\\\/WP\\\/2005\\\/06\\\/07\\\/edito-du-07-juin-3\\\/#primaryimage\",\"url\":\"http:\\\/\\\/www.grelibre.net\\\/Images\\\/2005\\\/06\\\/Ch_080605_001.jpg\",\"contentUrl\":\"http:\\\/\\\/www.grelibre.net\\\/Images\\\/2005\\\/06\\\/Ch_080605_001.jpg\"},{\"@type\":\"WebSite\",\"@id\":\"https:\\\/\\\/www.grelibre.net\\\/WP\\\/#website\",\"url\":\"https:\\\/\\\/www.grelibre.net\\\/WP\\\/\",\"name\":\"Grelibre.net\",\"description\":\"la Montagne dans tous ses \u00e9tats\",\"potentialAction\":[{\"@type\":\"SearchAction\",\"target\":{\"@type\":\"EntryPoint\",\"urlTemplate\":\"https:\\\/\\\/www.grelibre.net\\\/WP\\\/?s={search_term_string}\"},\"query-input\":{\"@type\":\"PropertyValueSpecification\",\"valueRequired\":true,\"valueName\":\"search_term_string\"}}],\"inLanguage\":\"fr-FR\"},{\"@type\":\"Person\",\"@id\":\"https:\\\/\\\/www.grelibre.net\\\/WP\\\/#\\\/schema\\\/person\\\/ad30d863c31be1a80dd44300962ef92e\",\"name\":\"Grelibre\",\"image\":{\"@type\":\"ImageObject\",\"inLanguage\":\"fr-FR\",\"@id\":\"https:\\\/\\\/secure.gravatar.com\\\/avatar\\\/58beb5dfb95390604f13a3474b88e7c3cccbd91d3d084e8a46fb51deed41ea4c?s=96&d=mm&r=g\",\"url\":\"https:\\\/\\\/secure.gravatar.com\\\/avatar\\\/58beb5dfb95390604f13a3474b88e7c3cccbd91d3d084e8a46fb51deed41ea4c?s=96&d=mm&r=g\",\"contentUrl\":\"https:\\\/\\\/secure.gravatar.com\\\/avatar\\\/58beb5dfb95390604f13a3474b88e7c3cccbd91d3d084e8a46fb51deed41ea4c?s=96&d=mm&r=g\",\"caption\":\"Grelibre\"},\"sameAs\":[\"http:\\\/\\\/wwww.grelibre.net\"],\"url\":\"https:\\\/\\\/www.grelibre.net\\\/WP\\\/author\\\/grelibreadmin\\\/\"}]}<\/script>\n<!-- \/ Yoast SEO plugin. -->","yoast_head_json":{"title":"Edito du 07 juin","description":"Quel vent !! Bonjour, Grosse fraicheur ce matin avec un petit 13\u00b0C dans Grenoble !! Cela fait bien longtemps que nous n'avons pas eu aussi frais ! Beau","robots":{"index":"index","follow":"follow","max-snippet":"max-snippet:-1","max-image-preview":"max-image-preview:large","max-video-preview":"max-video-preview:-1"},"canonical":"https:\/\/www.grelibre.net\/WP\/2005\/06\/07\/edito-du-07-juin-3\/","og_locale":"fr_FR","og_type":"article","og_title":"Edito du 07 juin","og_description":"Quel vent !! Bonjour, Grosse fraicheur ce matin avec un petit 13\u00b0C dans Grenoble !! Cela fait bien longtemps que nous n'avons pas eu aussi frais ! Beau","og_url":"https:\/\/www.grelibre.net\/WP\/2005\/06\/07\/edito-du-07-juin-3\/","og_site_name":"Grelibre.net","article_publisher":"https:\/\/www.facebook.com\/pages\/Grelibre\/127788767248442","article_published_time":"2005-06-07T15:02:09+00:00","article_modified_time":"2013-04-15T18:45:50+00:00","og_image":[{"url":"http:\/\/www.grelibre.net\/Images\/2005\/06\/Ch_080605_001.jpg","type":"","width":"","height":""}],"author":"Grelibre","twitter_misc":{"\u00c9crit par":"Grelibre","Dur\u00e9e de lecture estim\u00e9e":"2 minutes"},"schema":{"@context":"https:\/\/schema.org","@graph":[{"@type":"Article","@id":"https:\/\/www.grelibre.net\/WP\/2005\/06\/07\/edito-du-07-juin-3\/#article","isPartOf":{"@id":"https:\/\/www.grelibre.net\/WP\/2005\/06\/07\/edito-du-07-juin-3\/"},"author":{"name":"Grelibre","@id":"https:\/\/www.grelibre.net\/WP\/#\/schema\/person\/ad30d863c31be1a80dd44300962ef92e"},"headline":"Edito du 07 juin","datePublished":"2005-06-07T15:02:09+00:00","dateModified":"2013-04-15T18:45:50+00:00","mainEntityOfPage":{"@id":"https:\/\/www.grelibre.net\/WP\/2005\/06\/07\/edito-du-07-juin-3\/"},"wordCount":480,"image":{"@id":"https:\/\/www.grelibre.net\/WP\/2005\/06\/07\/edito-du-07-juin-3\/#primaryimage"},"thumbnailUrl":"http:\/\/www.grelibre.net\/Images\/2005\/06\/Ch_080605_001.jpg","inLanguage":"fr-FR"},{"@type":"WebPage","@id":"https:\/\/www.grelibre.net\/WP\/2005\/06\/07\/edito-du-07-juin-3\/","url":"https:\/\/www.grelibre.net\/WP\/2005\/06\/07\/edito-du-07-juin-3\/","name":"Edito du 07 juin","isPartOf":{"@id":"https:\/\/www.grelibre.net\/WP\/#website"},"primaryImageOfPage":{"@id":"https:\/\/www.grelibre.net\/WP\/2005\/06\/07\/edito-du-07-juin-3\/#primaryimage"},"image":{"@id":"https:\/\/www.grelibre.net\/WP\/2005\/06\/07\/edito-du-07-juin-3\/#primaryimage"},"thumbnailUrl":"http:\/\/www.grelibre.net\/Images\/2005\/06\/Ch_080605_001.jpg","datePublished":"2005-06-07T15:02:09+00:00","dateModified":"2013-04-15T18:45:50+00:00","author":{"@id":"https:\/\/www.grelibre.net\/WP\/#\/schema\/person\/ad30d863c31be1a80dd44300962ef92e"},"description":"Quel vent !! Bonjour, Grosse fraicheur ce matin avec un petit 13\u00b0C dans Grenoble !! Cela fait bien longtemps que nous n'avons pas eu aussi frais ! Beau","inLanguage":"fr-FR","potentialAction":[{"@type":"ReadAction","target":["https:\/\/www.grelibre.net\/WP\/2005\/06\/07\/edito-du-07-juin-3\/"]}]},{"@type":"ImageObject","inLanguage":"fr-FR","@id":"https:\/\/www.grelibre.net\/WP\/2005\/06\/07\/edito-du-07-juin-3\/#primaryimage","url":"http:\/\/www.grelibre.net\/Images\/2005\/06\/Ch_080605_001.jpg","contentUrl":"http:\/\/www.grelibre.net\/Images\/2005\/06\/Ch_080605_001.jpg"},{"@type":"WebSite","@id":"https:\/\/www.grelibre.net\/WP\/#website","url":"https:\/\/www.grelibre.net\/WP\/","name":"Grelibre.net","description":"la Montagne dans tous ses \u00e9tats","potentialAction":[{"@type":"SearchAction","target":{"@type":"EntryPoint","urlTemplate":"https:\/\/www.grelibre.net\/WP\/?s={search_term_string}"},"query-input":{"@type":"PropertyValueSpecification","valueRequired":true,"valueName":"search_term_string"}}],"inLanguage":"fr-FR"},{"@type":"Person","@id":"https:\/\/www.grelibre.net\/WP\/#\/schema\/person\/ad30d863c31be1a80dd44300962ef92e","name":"Grelibre","image":{"@type":"ImageObject","inLanguage":"fr-FR","@id":"https:\/\/secure.gravatar.com\/avatar\/58beb5dfb95390604f13a3474b88e7c3cccbd91d3d084e8a46fb51deed41ea4c?s=96&d=mm&r=g","url":"https:\/\/secure.gravatar.com\/avatar\/58beb5dfb95390604f13a3474b88e7c3cccbd91d3d084e8a46fb51deed41ea4c?s=96&d=mm&r=g","contentUrl":"https:\/\/secure.gravatar.com\/avatar\/58beb5dfb95390604f13a3474b88e7c3cccbd91d3d084e8a46fb51deed41ea4c?s=96&d=mm&r=g","caption":"Grelibre"},"sameAs":["http:\/\/wwww.grelibre.net"],"url":"https:\/\/www.grelibre.net\/WP\/author\/grelibreadmin\/"}]}},"_links":{"self":[{"href":"https:\/\/www.grelibre.net\/WP\/wp-json\/wp\/v2\/posts\/496","targetHints":{"allow":["GET"]}}],"collection":[{"href":"https:\/\/www.grelibre.net\/WP\/wp-json\/wp\/v2\/posts"}],"about":[{"href":"https:\/\/www.grelibre.net\/WP\/wp-json\/wp\/v2\/types\/post"}],"author":[{"embeddable":true,"href":"https:\/\/www.grelibre.net\/WP\/wp-json\/wp\/v2\/users\/2"}],"replies":[{"embeddable":true,"href":"https:\/\/www.grelibre.net\/WP\/wp-json\/wp\/v2\/comments?post=496"}],"version-history":[{"count":1,"href":"https:\/\/www.grelibre.net\/WP\/wp-json\/wp\/v2\/posts\/496\/revisions"}],"predecessor-version":[{"id":2076,"href":"https:\/\/www.grelibre.net\/WP\/wp-json\/wp\/v2\/posts\/496\/revisions\/2076"}],"wp:attachment":[{"href":"https:\/\/www.grelibre.net\/WP\/wp-json\/wp\/v2\/media?parent=496"}],"wp:term":[{"taxonomy":"category","embeddable":true,"href":"https:\/\/www.grelibre.net\/WP\/wp-json\/wp\/v2\/categories?post=496"},{"taxonomy":"post_tag","embeddable":true,"href":"https:\/\/www.grelibre.net\/WP\/wp-json\/wp\/v2\/tags?post=496"}],"curies":[{"name":"wp","href":"https:\/\/api.w.org\/{rel}","templated":true}]}}