{"id":493,"date":"2005-06-04T15:58:06","date_gmt":"2005-06-04T14:58:06","guid":{"rendered":"http:\/\/www.grelibre.net\/wordpress\/?p=493"},"modified":"2013-04-15T18:45:51","modified_gmt":"2013-04-15T18:45:51","slug":"edito-du-04-juin-3","status":"publish","type":"post","link":"https:\/\/www.grelibre.net\/WP\/2005\/06\/04\/edito-du-04-juin-3\/","title":{"rendered":"Edito du 04 juin"},"content":{"rendered":"<p>Peu de pluie&#8230;<br \/>\nBonjour,<\/p>\n<p>La vague orageuse est enfin arriv\u00e9e chez nous&#8230; Hier soir, les reliefs bourgeonnaient de plus en plus et la chaleur sur Grenoble devenait de plus en plus lourde (Tx 32\u00b0C). Le vent s&rsquo;est renforc\u00e9 en d\u00e9but de soir\u00e9e et les premiers \u00e9clairs visibles ont eu lieu vers 22 heures. Les orages se sont focalis\u00e9s comme \u00e0 l&rsquo;habitude sur le haut Gr\u00e9sivaudan o\u00f9 il semble qu&rsquo;il ait beaucoup plus (en tous cas plus qu&rsquo;\u00e0 Grenoble)&#8230; En effet, \u00e0 Grenoble (Ouest), nous avons eu droit \u00e0 une bonne douche vers 23h30 mais tr\u00e8s limit\u00e9e dans le temps puisqu&rsquo;apr\u00e8s minuit plus rien !<br \/>\nAujourd&rsquo;hui, le temps est donc comme pr\u00e9vu couvert avec cependant de temps en temps quelques \u00e9claircies sur l&rsquo;agglo. La temp\u00e9rature \u00e0 certes bien baiss\u00e9e mais reste de saison avec 23\u00b0C dans Grenoble et peut-\u00eatre m\u00eame un peu plus sur Grenoble Est o\u00f9 le vent n&rsquo;est pas aussi pr\u00e9sent&#8230;<\/p>\n<p>Photo du jour : Le Moucherotte \u00e0 13 heures<br \/>\n<img decoding=\"async\" src=\"http:\/\/www.grelibre.net\/WP\/wp-content\/plugins\/image-shadow\/cache\/f5e13518aa2f85f2e289d94ed79c85d4.jpg\" \/><\/p>\n<p>Les d\u00e9veloppements orageux au dessus de Belledonne hier en fin d&rsquo;apr\u00e8s midi&#8230;<br \/>\n<img decoding=\"async\" src=\"http:\/\/www.grelibre.net\/WP\/wp-content\/plugins\/image-shadow\/cache\/ad6b2a8324c26551da0fb395bf37d934.jpg\" \/><\/p>\n<p>Info du jour :<br \/>\nOrage violent dans l&rsquo;Est de la france avec tornades et gr\u00e8les (20cm de gr\u00e8les)&#8230;<\/p>\n<p>Commentaire du jour :<br \/>\nPas de commentaire&#8230;<\/p>\n<p>La suite ? Les \u00e9clairices devraient s&rsquo;imposer et les temp\u00e9ratures revenir \u00e0 des normes de saison. A suivre&#8230;<\/p>\n<p>Indice Allergique : 4\/5 = Elev\u00e9 ! Les gramin\u00e9s sont en forte progression<\/p>\n<p>Indice Air: 5\/10 = Moyen Diminution du taux&#8230;<\/p>\n","protected":false},"excerpt":{"rendered":"<p>Peu de pluie&#8230; Bonjour, La vague orageuse est enfin arriv\u00e9e chez nous&#8230; Hier soir, les reliefs bourgeonnaient de plus en plus et la chaleur sur Grenoble devenait de plus en plus lourde (Tx 32\u00b0C). Le vent s&rsquo;est renforc\u00e9 en d\u00e9but de soir\u00e9e et les premiers \u00e9clairs visibles ont eu lieu vers 22 heures. Les orages&hellip;<\/p>\n<p class=\"more\"><a class=\"more-link\" href=\"https:\/\/www.grelibre.net\/WP\/2005\/06\/04\/edito-du-04-juin-3\/\">Continue reading <span class=\"screen-reader-text\">Edito du 04 juin<\/span><\/a><\/p>\n","protected":false},"author":2,"featured_media":0,"comment_status":"closed","ping_status":"closed","sticky":false,"template":"","format":"standard","meta":{"footnotes":""},"categories":[1],"tags":[],"class_list":["post-493","post","type-post","status-publish","format-standard","hentry","category-non-classe","entry"],"yoast_head":"<!-- This site is optimized with the Yoast SEO plugin v27.5 - https:\/\/yoast.com\/product\/yoast-seo-wordpress\/ -->\n<title>Edito du 04 juin<\/title>\n<meta name=\"description\" content=\"Peu de pluie... Bonjour, La vague orageuse est enfin arriv\u00e9e chez nous... Hier soir, les reliefs bourgeonnaient de plus en plus et la chaleur sur Grenoble\" \/>\n<meta name=\"robots\" content=\"index, follow, max-snippet:-1, max-image-preview:large, max-video-preview:-1\" \/>\n<link rel=\"canonical\" href=\"https:\/\/www.grelibre.net\/WP\/2005\/06\/04\/edito-du-04-juin-3\/\" \/>\n<meta property=\"og:locale\" content=\"fr_FR\" \/>\n<meta property=\"og:type\" content=\"article\" \/>\n<meta property=\"og:title\" content=\"Edito du 04 juin\" \/>\n<meta property=\"og:description\" content=\"Peu de pluie... Bonjour, La vague orageuse est enfin arriv\u00e9e chez nous... Hier soir, les reliefs bourgeonnaient de plus en plus et la chaleur sur Grenoble\" \/>\n<meta property=\"og:url\" content=\"https:\/\/www.grelibre.net\/WP\/2005\/06\/04\/edito-du-04-juin-3\/\" \/>\n<meta property=\"og:site_name\" content=\"Grelibre.net\" \/>\n<meta property=\"article:publisher\" content=\"https:\/\/www.facebook.com\/pages\/Grelibre\/127788767248442\" \/>\n<meta property=\"article:published_time\" content=\"2005-06-04T14:58:06+00:00\" \/>\n<meta property=\"article:modified_time\" content=\"2013-04-15T18:45:51+00:00\" \/>\n<meta property=\"og:image\" content=\"http:\/\/www.grelibre.net\/Images\/2005\/06\/V_040605_001.jpg\" \/>\n<meta name=\"author\" content=\"Grelibre\" \/>\n<meta name=\"twitter:label1\" content=\"\u00c9crit par\" \/>\n\t<meta name=\"twitter:data1\" content=\"Grelibre\" \/>\n\t<meta name=\"twitter:label2\" content=\"Dur\u00e9e de lecture estim\u00e9e\" \/>\n\t<meta name=\"twitter:data2\" content=\"1 minute\" \/>\n<script type=\"application\/ld+json\" class=\"yoast-schema-graph\">{\"@context\":\"https:\\\/\\\/schema.org\",\"@graph\":[{\"@type\":\"Article\",\"@id\":\"https:\\\/\\\/www.grelibre.net\\\/WP\\\/2005\\\/06\\\/04\\\/edito-du-04-juin-3\\\/#article\",\"isPartOf\":{\"@id\":\"https:\\\/\\\/www.grelibre.net\\\/WP\\\/2005\\\/06\\\/04\\\/edito-du-04-juin-3\\\/\"},\"author\":{\"name\":\"Grelibre\",\"@id\":\"https:\\\/\\\/www.grelibre.net\\\/WP\\\/#\\\/schema\\\/person\\\/ad30d863c31be1a80dd44300962ef92e\"},\"headline\":\"Edito du 04 juin\",\"datePublished\":\"2005-06-04T14:58:06+00:00\",\"dateModified\":\"2013-04-15T18:45:51+00:00\",\"mainEntityOfPage\":{\"@id\":\"https:\\\/\\\/www.grelibre.net\\\/WP\\\/2005\\\/06\\\/04\\\/edito-du-04-juin-3\\\/\"},\"wordCount\":241,\"image\":{\"@id\":\"https:\\\/\\\/www.grelibre.net\\\/WP\\\/2005\\\/06\\\/04\\\/edito-du-04-juin-3\\\/#primaryimage\"},\"thumbnailUrl\":\"http:\\\/\\\/www.grelibre.net\\\/Images\\\/2005\\\/06\\\/V_040605_001.jpg\",\"inLanguage\":\"fr-FR\"},{\"@type\":\"WebPage\",\"@id\":\"https:\\\/\\\/www.grelibre.net\\\/WP\\\/2005\\\/06\\\/04\\\/edito-du-04-juin-3\\\/\",\"url\":\"https:\\\/\\\/www.grelibre.net\\\/WP\\\/2005\\\/06\\\/04\\\/edito-du-04-juin-3\\\/\",\"name\":\"Edito du 04 juin\",\"isPartOf\":{\"@id\":\"https:\\\/\\\/www.grelibre.net\\\/WP\\\/#website\"},\"primaryImageOfPage\":{\"@id\":\"https:\\\/\\\/www.grelibre.net\\\/WP\\\/2005\\\/06\\\/04\\\/edito-du-04-juin-3\\\/#primaryimage\"},\"image\":{\"@id\":\"https:\\\/\\\/www.grelibre.net\\\/WP\\\/2005\\\/06\\\/04\\\/edito-du-04-juin-3\\\/#primaryimage\"},\"thumbnailUrl\":\"http:\\\/\\\/www.grelibre.net\\\/Images\\\/2005\\\/06\\\/V_040605_001.jpg\",\"datePublished\":\"2005-06-04T14:58:06+00:00\",\"dateModified\":\"2013-04-15T18:45:51+00:00\",\"author\":{\"@id\":\"https:\\\/\\\/www.grelibre.net\\\/WP\\\/#\\\/schema\\\/person\\\/ad30d863c31be1a80dd44300962ef92e\"},\"description\":\"Peu de pluie... Bonjour, La vague orageuse est enfin arriv\u00e9e chez nous... Hier soir, les reliefs bourgeonnaient de plus en plus et la chaleur sur Grenoble\",\"inLanguage\":\"fr-FR\",\"potentialAction\":[{\"@type\":\"ReadAction\",\"target\":[\"https:\\\/\\\/www.grelibre.net\\\/WP\\\/2005\\\/06\\\/04\\\/edito-du-04-juin-3\\\/\"]}]},{\"@type\":\"ImageObject\",\"inLanguage\":\"fr-FR\",\"@id\":\"https:\\\/\\\/www.grelibre.net\\\/WP\\\/2005\\\/06\\\/04\\\/edito-du-04-juin-3\\\/#primaryimage\",\"url\":\"http:\\\/\\\/www.grelibre.net\\\/Images\\\/2005\\\/06\\\/V_040605_001.jpg\",\"contentUrl\":\"http:\\\/\\\/www.grelibre.net\\\/Images\\\/2005\\\/06\\\/V_040605_001.jpg\"},{\"@type\":\"WebSite\",\"@id\":\"https:\\\/\\\/www.grelibre.net\\\/WP\\\/#website\",\"url\":\"https:\\\/\\\/www.grelibre.net\\\/WP\\\/\",\"name\":\"Grelibre.net\",\"description\":\"la Montagne dans tous ses \u00e9tats\",\"potentialAction\":[{\"@type\":\"SearchAction\",\"target\":{\"@type\":\"EntryPoint\",\"urlTemplate\":\"https:\\\/\\\/www.grelibre.net\\\/WP\\\/?s={search_term_string}\"},\"query-input\":{\"@type\":\"PropertyValueSpecification\",\"valueRequired\":true,\"valueName\":\"search_term_string\"}}],\"inLanguage\":\"fr-FR\"},{\"@type\":\"Person\",\"@id\":\"https:\\\/\\\/www.grelibre.net\\\/WP\\\/#\\\/schema\\\/person\\\/ad30d863c31be1a80dd44300962ef92e\",\"name\":\"Grelibre\",\"image\":{\"@type\":\"ImageObject\",\"inLanguage\":\"fr-FR\",\"@id\":\"https:\\\/\\\/secure.gravatar.com\\\/avatar\\\/58beb5dfb95390604f13a3474b88e7c3cccbd91d3d084e8a46fb51deed41ea4c?s=96&d=mm&r=g\",\"url\":\"https:\\\/\\\/secure.gravatar.com\\\/avatar\\\/58beb5dfb95390604f13a3474b88e7c3cccbd91d3d084e8a46fb51deed41ea4c?s=96&d=mm&r=g\",\"contentUrl\":\"https:\\\/\\\/secure.gravatar.com\\\/avatar\\\/58beb5dfb95390604f13a3474b88e7c3cccbd91d3d084e8a46fb51deed41ea4c?s=96&d=mm&r=g\",\"caption\":\"Grelibre\"},\"sameAs\":[\"http:\\\/\\\/wwww.grelibre.net\"],\"url\":\"https:\\\/\\\/www.grelibre.net\\\/WP\\\/author\\\/grelibreadmin\\\/\"}]}<\/script>\n<!-- \/ Yoast SEO plugin. -->","yoast_head_json":{"title":"Edito du 04 juin","description":"Peu de pluie... Bonjour, La vague orageuse est enfin arriv\u00e9e chez nous... Hier soir, les reliefs bourgeonnaient de plus en plus et la chaleur sur Grenoble","robots":{"index":"index","follow":"follow","max-snippet":"max-snippet:-1","max-image-preview":"max-image-preview:large","max-video-preview":"max-video-preview:-1"},"canonical":"https:\/\/www.grelibre.net\/WP\/2005\/06\/04\/edito-du-04-juin-3\/","og_locale":"fr_FR","og_type":"article","og_title":"Edito du 04 juin","og_description":"Peu de pluie... Bonjour, La vague orageuse est enfin arriv\u00e9e chez nous... Hier soir, les reliefs bourgeonnaient de plus en plus et la chaleur sur Grenoble","og_url":"https:\/\/www.grelibre.net\/WP\/2005\/06\/04\/edito-du-04-juin-3\/","og_site_name":"Grelibre.net","article_publisher":"https:\/\/www.facebook.com\/pages\/Grelibre\/127788767248442","article_published_time":"2005-06-04T14:58:06+00:00","article_modified_time":"2013-04-15T18:45:51+00:00","og_image":[{"url":"http:\/\/www.grelibre.net\/Images\/2005\/06\/V_040605_001.jpg","type":"","width":"","height":""}],"author":"Grelibre","twitter_misc":{"\u00c9crit par":"Grelibre","Dur\u00e9e de lecture estim\u00e9e":"1 minute"},"schema":{"@context":"https:\/\/schema.org","@graph":[{"@type":"Article","@id":"https:\/\/www.grelibre.net\/WP\/2005\/06\/04\/edito-du-04-juin-3\/#article","isPartOf":{"@id":"https:\/\/www.grelibre.net\/WP\/2005\/06\/04\/edito-du-04-juin-3\/"},"author":{"name":"Grelibre","@id":"https:\/\/www.grelibre.net\/WP\/#\/schema\/person\/ad30d863c31be1a80dd44300962ef92e"},"headline":"Edito du 04 juin","datePublished":"2005-06-04T14:58:06+00:00","dateModified":"2013-04-15T18:45:51+00:00","mainEntityOfPage":{"@id":"https:\/\/www.grelibre.net\/WP\/2005\/06\/04\/edito-du-04-juin-3\/"},"wordCount":241,"image":{"@id":"https:\/\/www.grelibre.net\/WP\/2005\/06\/04\/edito-du-04-juin-3\/#primaryimage"},"thumbnailUrl":"http:\/\/www.grelibre.net\/Images\/2005\/06\/V_040605_001.jpg","inLanguage":"fr-FR"},{"@type":"WebPage","@id":"https:\/\/www.grelibre.net\/WP\/2005\/06\/04\/edito-du-04-juin-3\/","url":"https:\/\/www.grelibre.net\/WP\/2005\/06\/04\/edito-du-04-juin-3\/","name":"Edito du 04 juin","isPartOf":{"@id":"https:\/\/www.grelibre.net\/WP\/#website"},"primaryImageOfPage":{"@id":"https:\/\/www.grelibre.net\/WP\/2005\/06\/04\/edito-du-04-juin-3\/#primaryimage"},"image":{"@id":"https:\/\/www.grelibre.net\/WP\/2005\/06\/04\/edito-du-04-juin-3\/#primaryimage"},"thumbnailUrl":"http:\/\/www.grelibre.net\/Images\/2005\/06\/V_040605_001.jpg","datePublished":"2005-06-04T14:58:06+00:00","dateModified":"2013-04-15T18:45:51+00:00","author":{"@id":"https:\/\/www.grelibre.net\/WP\/#\/schema\/person\/ad30d863c31be1a80dd44300962ef92e"},"description":"Peu de pluie... Bonjour, La vague orageuse est enfin arriv\u00e9e chez nous... Hier soir, les reliefs bourgeonnaient de plus en plus et la chaleur sur Grenoble","inLanguage":"fr-FR","potentialAction":[{"@type":"ReadAction","target":["https:\/\/www.grelibre.net\/WP\/2005\/06\/04\/edito-du-04-juin-3\/"]}]},{"@type":"ImageObject","inLanguage":"fr-FR","@id":"https:\/\/www.grelibre.net\/WP\/2005\/06\/04\/edito-du-04-juin-3\/#primaryimage","url":"http:\/\/www.grelibre.net\/Images\/2005\/06\/V_040605_001.jpg","contentUrl":"http:\/\/www.grelibre.net\/Images\/2005\/06\/V_040605_001.jpg"},{"@type":"WebSite","@id":"https:\/\/www.grelibre.net\/WP\/#website","url":"https:\/\/www.grelibre.net\/WP\/","name":"Grelibre.net","description":"la Montagne dans tous ses \u00e9tats","potentialAction":[{"@type":"SearchAction","target":{"@type":"EntryPoint","urlTemplate":"https:\/\/www.grelibre.net\/WP\/?s={search_term_string}"},"query-input":{"@type":"PropertyValueSpecification","valueRequired":true,"valueName":"search_term_string"}}],"inLanguage":"fr-FR"},{"@type":"Person","@id":"https:\/\/www.grelibre.net\/WP\/#\/schema\/person\/ad30d863c31be1a80dd44300962ef92e","name":"Grelibre","image":{"@type":"ImageObject","inLanguage":"fr-FR","@id":"https:\/\/secure.gravatar.com\/avatar\/58beb5dfb95390604f13a3474b88e7c3cccbd91d3d084e8a46fb51deed41ea4c?s=96&d=mm&r=g","url":"https:\/\/secure.gravatar.com\/avatar\/58beb5dfb95390604f13a3474b88e7c3cccbd91d3d084e8a46fb51deed41ea4c?s=96&d=mm&r=g","contentUrl":"https:\/\/secure.gravatar.com\/avatar\/58beb5dfb95390604f13a3474b88e7c3cccbd91d3d084e8a46fb51deed41ea4c?s=96&d=mm&r=g","caption":"Grelibre"},"sameAs":["http:\/\/wwww.grelibre.net"],"url":"https:\/\/www.grelibre.net\/WP\/author\/grelibreadmin\/"}]}},"_links":{"self":[{"href":"https:\/\/www.grelibre.net\/WP\/wp-json\/wp\/v2\/posts\/493","targetHints":{"allow":["GET"]}}],"collection":[{"href":"https:\/\/www.grelibre.net\/WP\/wp-json\/wp\/v2\/posts"}],"about":[{"href":"https:\/\/www.grelibre.net\/WP\/wp-json\/wp\/v2\/types\/post"}],"author":[{"embeddable":true,"href":"https:\/\/www.grelibre.net\/WP\/wp-json\/wp\/v2\/users\/2"}],"replies":[{"embeddable":true,"href":"https:\/\/www.grelibre.net\/WP\/wp-json\/wp\/v2\/comments?post=493"}],"version-history":[{"count":1,"href":"https:\/\/www.grelibre.net\/WP\/wp-json\/wp\/v2\/posts\/493\/revisions"}],"predecessor-version":[{"id":2079,"href":"https:\/\/www.grelibre.net\/WP\/wp-json\/wp\/v2\/posts\/493\/revisions\/2079"}],"wp:attachment":[{"href":"https:\/\/www.grelibre.net\/WP\/wp-json\/wp\/v2\/media?parent=493"}],"wp:term":[{"taxonomy":"category","embeddable":true,"href":"https:\/\/www.grelibre.net\/WP\/wp-json\/wp\/v2\/categories?post=493"},{"taxonomy":"post_tag","embeddable":true,"href":"https:\/\/www.grelibre.net\/WP\/wp-json\/wp\/v2\/tags?post=493"}],"curies":[{"name":"wp","href":"https:\/\/api.w.org\/{rel}","templated":true}]}}