{"id":4905,"date":"2020-10-17T16:09:53","date_gmt":"2020-10-17T16:09:53","guid":{"rendered":"http:\/\/www.grelibre.net\/WP\/?p=4905"},"modified":"2020-10-17T16:30:27","modified_gmt":"2020-10-17T16:30:27","slug":"edito-du-19-aout-viree-sur-les-hauteurs-de-val-disere","status":"publish","type":"post","link":"https:\/\/www.grelibre.net\/WP\/2020\/10\/17\/edito-du-19-aout-viree-sur-les-hauteurs-de-val-disere\/","title":{"rendered":"Edito du 19 aout : vir\u00e9e sur les hauteurs de Val d&rsquo;Is\u00e8re"},"content":{"rendered":"\n<p>De passage dans la r\u00e9gion de Val d&rsquo;Is\u00e8re, petite vir\u00e9e sur de belles randonn\u00e9es du coin&#8230;<\/p>\n\n\n\n<p>Premi\u00e8re randonn\u00e9e : les sources de l&rsquo;Is\u00e8re et sommet du Grand Cocor (3034m)&#8230; Quelques images en pagaille :<\/p>\n\n\n\n<figure class=\"wp-block-image size-large is-resized\"><img loading=\"lazy\" decoding=\"async\" src=\"http:\/\/www.grelibre.net\/WP\/wp-content\/plugins\/image-shadow\/cache\/dcd4cedf3cb4603abf3cc3e13a835c3e.jpg\" alt=\"\" class=\"wp-image-4906\" width=\"1000\" height=\"667\" srcset=\"https:\/\/www.grelibre.net\/WP\/wp-content\/uploads\/2020\/10\/ValIsere_190820_032.jpg 1000w, https:\/\/www.grelibre.net\/WP\/wp-content\/uploads\/2020\/10\/ValIsere_190820_032-300x200.jpg 300w, https:\/\/www.grelibre.net\/WP\/wp-content\/uploads\/2020\/10\/ValIsere_190820_032-150x100.jpg 150w, https:\/\/www.grelibre.net\/WP\/wp-content\/uploads\/2020\/10\/ValIsere_190820_032-768x512.jpg 768w, https:\/\/www.grelibre.net\/WP\/wp-content\/uploads\/2020\/10\/ValIsere_190820_032-360x240.jpg 360w\" sizes=\"auto, (max-width: 1000px) 100vw, 1000px\" \/><\/figure>\n\n\n\n<figure class=\"wp-block-image size-large is-resized\"><img loading=\"lazy\" decoding=\"async\" src=\"http:\/\/www.grelibre.net\/WP\/wp-content\/plugins\/image-shadow\/cache\/34d0f41c070448a40275ef8b1231cfbc.jpg\" alt=\"\" class=\"wp-image-4907\" width=\"1000\" height=\"667\" srcset=\"https:\/\/www.grelibre.net\/WP\/wp-content\/uploads\/2020\/10\/ValIsere_190820_036.jpg 1000w, https:\/\/www.grelibre.net\/WP\/wp-content\/uploads\/2020\/10\/ValIsere_190820_036-300x200.jpg 300w, https:\/\/www.grelibre.net\/WP\/wp-content\/uploads\/2020\/10\/ValIsere_190820_036-150x100.jpg 150w, https:\/\/www.grelibre.net\/WP\/wp-content\/uploads\/2020\/10\/ValIsere_190820_036-768x512.jpg 768w, https:\/\/www.grelibre.net\/WP\/wp-content\/uploads\/2020\/10\/ValIsere_190820_036-360x240.jpg 360w\" sizes=\"auto, (max-width: 1000px) 100vw, 1000px\" \/><figcaption>sommet du Cocor<\/figcaption><\/figure>\n\n\n\n<figure class=\"wp-block-image size-large is-resized\"><img loading=\"lazy\" decoding=\"async\" src=\"http:\/\/www.grelibre.net\/WP\/wp-content\/plugins\/image-shadow\/cache\/50b2f358f8aa9b81715a00d34f799d48.jpg\" alt=\"\" class=\"wp-image-4908\" width=\"1000\" height=\"667\" srcset=\"https:\/\/www.grelibre.net\/WP\/wp-content\/uploads\/2020\/10\/ValIsere_190820_037.jpg 1000w, https:\/\/www.grelibre.net\/WP\/wp-content\/uploads\/2020\/10\/ValIsere_190820_037-300x200.jpg 300w, https:\/\/www.grelibre.net\/WP\/wp-content\/uploads\/2020\/10\/ValIsere_190820_037-150x100.jpg 150w, https:\/\/www.grelibre.net\/WP\/wp-content\/uploads\/2020\/10\/ValIsere_190820_037-768x512.jpg 768w, https:\/\/www.grelibre.net\/WP\/wp-content\/uploads\/2020\/10\/ValIsere_190820_037-360x240.jpg 360w\" sizes=\"auto, (max-width: 1000px) 100vw, 1000px\" \/><figcaption>Lac Seru<\/figcaption><\/figure>\n\n\n\n<figure class=\"wp-block-image size-large is-resized\"><img loading=\"lazy\" decoding=\"async\" src=\"http:\/\/www.grelibre.net\/WP\/wp-content\/plugins\/image-shadow\/cache\/de0cbb4c546dd819ff8ead62fed5f654.jpg\" alt=\"\" class=\"wp-image-4909\" width=\"1000\" height=\"667\" srcset=\"https:\/\/www.grelibre.net\/WP\/wp-content\/uploads\/2020\/10\/ValIsere_190820_033.jpg 1000w, https:\/\/www.grelibre.net\/WP\/wp-content\/uploads\/2020\/10\/ValIsere_190820_033-300x200.jpg 300w, https:\/\/www.grelibre.net\/WP\/wp-content\/uploads\/2020\/10\/ValIsere_190820_033-150x100.jpg 150w, https:\/\/www.grelibre.net\/WP\/wp-content\/uploads\/2020\/10\/ValIsere_190820_033-768x512.jpg 768w, https:\/\/www.grelibre.net\/WP\/wp-content\/uploads\/2020\/10\/ValIsere_190820_033-360x240.jpg 360w\" sizes=\"auto, (max-width: 1000px) 100vw, 1000px\" \/><figcaption>graphisme<\/figcaption><\/figure>\n\n\n\n<figure class=\"wp-block-image size-large is-resized\"><img loading=\"lazy\" decoding=\"async\" src=\"http:\/\/www.grelibre.net\/WP\/wp-content\/plugins\/image-shadow\/cache\/9e1d31853436e94cef27f8b997337046.jpg\" alt=\"\" class=\"wp-image-4910\" width=\"576\" height=\"1000\" srcset=\"https:\/\/www.grelibre.net\/WP\/wp-content\/uploads\/2020\/10\/ValIsere_190820_027.jpg 576w, https:\/\/www.grelibre.net\/WP\/wp-content\/uploads\/2020\/10\/ValIsere_190820_027-173x300.jpg 173w, https:\/\/www.grelibre.net\/WP\/wp-content\/uploads\/2020\/10\/ValIsere_190820_027-86x150.jpg 86w\" sizes=\"auto, (max-width: 576px) 100vw, 576px\" \/><figcaption>les gardiens<\/figcaption><\/figure>\n\n\n\n<figure class=\"wp-block-image size-large is-resized\"><img loading=\"lazy\" decoding=\"async\" src=\"http:\/\/www.grelibre.net\/WP\/wp-content\/plugins\/image-shadow\/cache\/2b036ad6a7321fffb229fccb0c50f6c8.jpg\" alt=\"\" class=\"wp-image-4911\" width=\"1000\" height=\"667\" srcset=\"https:\/\/www.grelibre.net\/WP\/wp-content\/uploads\/2020\/10\/ValIsere_190820_030.jpg 1000w, https:\/\/www.grelibre.net\/WP\/wp-content\/uploads\/2020\/10\/ValIsere_190820_030-300x200.jpg 300w, https:\/\/www.grelibre.net\/WP\/wp-content\/uploads\/2020\/10\/ValIsere_190820_030-150x100.jpg 150w, https:\/\/www.grelibre.net\/WP\/wp-content\/uploads\/2020\/10\/ValIsere_190820_030-768x512.jpg 768w, https:\/\/www.grelibre.net\/WP\/wp-content\/uploads\/2020\/10\/ValIsere_190820_030-360x240.jpg 360w\" sizes=\"auto, (max-width: 1000px) 100vw, 1000px\" \/><figcaption>la vigie <\/figcaption><\/figure>\n\n\n\n<figure class=\"wp-block-image size-large is-resized\"><img loading=\"lazy\" decoding=\"async\" src=\"http:\/\/www.grelibre.net\/WP\/wp-content\/plugins\/image-shadow\/cache\/bb6c8ee1263d934d1b12c6801eda5336.jpg\" alt=\"\" class=\"wp-image-4912\" width=\"1000\" height=\"667\" srcset=\"https:\/\/www.grelibre.net\/WP\/wp-content\/uploads\/2020\/10\/ValIsere_190820_029.jpg 1000w, https:\/\/www.grelibre.net\/WP\/wp-content\/uploads\/2020\/10\/ValIsere_190820_029-300x200.jpg 300w, https:\/\/www.grelibre.net\/WP\/wp-content\/uploads\/2020\/10\/ValIsere_190820_029-150x100.jpg 150w, https:\/\/www.grelibre.net\/WP\/wp-content\/uploads\/2020\/10\/ValIsere_190820_029-768x512.jpg 768w, https:\/\/www.grelibre.net\/WP\/wp-content\/uploads\/2020\/10\/ValIsere_190820_029-360x240.jpg 360w\" sizes=\"auto, (max-width: 1000px) 100vw, 1000px\" \/><\/figure>\n\n\n\n<figure class=\"wp-block-image size-large is-resized\"><img loading=\"lazy\" decoding=\"async\" src=\"http:\/\/www.grelibre.net\/WP\/wp-content\/plugins\/image-shadow\/cache\/271fa87e9b15b570e034c22baeaaf403.jpg\" alt=\"\" class=\"wp-image-4913\" width=\"1000\" height=\"667\" srcset=\"https:\/\/www.grelibre.net\/WP\/wp-content\/uploads\/2020\/10\/ValIsere_190820_024.jpg 1000w, https:\/\/www.grelibre.net\/WP\/wp-content\/uploads\/2020\/10\/ValIsere_190820_024-300x200.jpg 300w, https:\/\/www.grelibre.net\/WP\/wp-content\/uploads\/2020\/10\/ValIsere_190820_024-150x100.jpg 150w, https:\/\/www.grelibre.net\/WP\/wp-content\/uploads\/2020\/10\/ValIsere_190820_024-768x512.jpg 768w, https:\/\/www.grelibre.net\/WP\/wp-content\/uploads\/2020\/10\/ValIsere_190820_024-360x240.jpg 360w\" sizes=\"auto, (max-width: 1000px) 100vw, 1000px\" \/><figcaption>les sources de l&rsquo;Is\u00e8re<\/figcaption><\/figure>\n\n\n\n<figure class=\"wp-block-image size-large is-resized\"><img loading=\"lazy\" decoding=\"async\" src=\"http:\/\/www.grelibre.net\/WP\/wp-content\/plugins\/image-shadow\/cache\/1849cad0f17742e65781dd102ab8f874.jpg\" alt=\"\" class=\"wp-image-4914\" width=\"1000\" height=\"667\" srcset=\"https:\/\/www.grelibre.net\/WP\/wp-content\/uploads\/2020\/10\/ValIsere_190820_031.jpg 1000w, https:\/\/www.grelibre.net\/WP\/wp-content\/uploads\/2020\/10\/ValIsere_190820_031-300x200.jpg 300w, https:\/\/www.grelibre.net\/WP\/wp-content\/uploads\/2020\/10\/ValIsere_190820_031-150x100.jpg 150w, https:\/\/www.grelibre.net\/WP\/wp-content\/uploads\/2020\/10\/ValIsere_190820_031-768x512.jpg 768w, https:\/\/www.grelibre.net\/WP\/wp-content\/uploads\/2020\/10\/ValIsere_190820_031-360x240.jpg 360w\" sizes=\"auto, (max-width: 1000px) 100vw, 1000px\" \/><\/figure>\n\n\n\n<figure class=\"wp-block-image size-large is-resized\"><img loading=\"lazy\" decoding=\"async\" src=\"http:\/\/www.grelibre.net\/WP\/wp-content\/plugins\/image-shadow\/cache\/e1b9471d18c9cc143b6e0823a2bb81ae.jpg\" alt=\"\" class=\"wp-image-4915\" width=\"667\" height=\"1000\" srcset=\"https:\/\/www.grelibre.net\/WP\/wp-content\/uploads\/2020\/10\/ValIsere_190820_034.jpg 667w, https:\/\/www.grelibre.net\/WP\/wp-content\/uploads\/2020\/10\/ValIsere_190820_034-200x300.jpg 200w, https:\/\/www.grelibre.net\/WP\/wp-content\/uploads\/2020\/10\/ValIsere_190820_034-100x150.jpg 100w\" sizes=\"auto, (max-width: 667px) 100vw, 667px\" \/><\/figure>\n\n\n\n<figure class=\"wp-block-image size-large is-resized\"><img loading=\"lazy\" decoding=\"async\" src=\"http:\/\/www.grelibre.net\/WP\/wp-content\/plugins\/image-shadow\/cache\/fcfcdf4040c2abe11d8c9d5cfbdda339.jpg\" alt=\"\" class=\"wp-image-4916\" width=\"1000\" height=\"667\" srcset=\"https:\/\/www.grelibre.net\/WP\/wp-content\/uploads\/2020\/10\/ValIsere_190820_025.jpg 1000w, https:\/\/www.grelibre.net\/WP\/wp-content\/uploads\/2020\/10\/ValIsere_190820_025-300x200.jpg 300w, https:\/\/www.grelibre.net\/WP\/wp-content\/uploads\/2020\/10\/ValIsere_190820_025-150x100.jpg 150w, https:\/\/www.grelibre.net\/WP\/wp-content\/uploads\/2020\/10\/ValIsere_190820_025-768x512.jpg 768w, https:\/\/www.grelibre.net\/WP\/wp-content\/uploads\/2020\/10\/ValIsere_190820_025-360x240.jpg 360w\" sizes=\"auto, (max-width: 1000px) 100vw, 1000px\" \/><\/figure>\n\n\n\n<figure class=\"wp-block-image size-large is-resized\"><img loading=\"lazy\" decoding=\"async\" src=\"http:\/\/www.grelibre.net\/WP\/wp-content\/plugins\/image-shadow\/cache\/363ca4ffcb653eae548c9bc34cf60e8f.jpg\" alt=\"\" class=\"wp-image-4917\" width=\"1000\" height=\"667\" srcset=\"https:\/\/www.grelibre.net\/WP\/wp-content\/uploads\/2020\/10\/ValIsere_190820_022.jpg 1000w, https:\/\/www.grelibre.net\/WP\/wp-content\/uploads\/2020\/10\/ValIsere_190820_022-300x200.jpg 300w, https:\/\/www.grelibre.net\/WP\/wp-content\/uploads\/2020\/10\/ValIsere_190820_022-150x100.jpg 150w, https:\/\/www.grelibre.net\/WP\/wp-content\/uploads\/2020\/10\/ValIsere_190820_022-768x512.jpg 768w, https:\/\/www.grelibre.net\/WP\/wp-content\/uploads\/2020\/10\/ValIsere_190820_022-360x240.jpg 360w\" sizes=\"auto, (max-width: 1000px) 100vw, 1000px\" \/><\/figure>\n\n\n\n<figure class=\"wp-block-image size-large is-resized\"><img loading=\"lazy\" decoding=\"async\" src=\"http:\/\/www.grelibre.net\/WP\/wp-content\/plugins\/image-shadow\/cache\/e8eec6296615593aa80dc371dd7d6a59.jpg\" alt=\"\" class=\"wp-image-4918\" width=\"1000\" height=\"667\" srcset=\"https:\/\/www.grelibre.net\/WP\/wp-content\/uploads\/2020\/10\/ValIsere_190820_023.jpg 1000w, https:\/\/www.grelibre.net\/WP\/wp-content\/uploads\/2020\/10\/ValIsere_190820_023-300x200.jpg 300w, https:\/\/www.grelibre.net\/WP\/wp-content\/uploads\/2020\/10\/ValIsere_190820_023-150x100.jpg 150w, https:\/\/www.grelibre.net\/WP\/wp-content\/uploads\/2020\/10\/ValIsere_190820_023-768x512.jpg 768w, https:\/\/www.grelibre.net\/WP\/wp-content\/uploads\/2020\/10\/ValIsere_190820_023-360x240.jpg 360w\" sizes=\"auto, (max-width: 1000px) 100vw, 1000px\" \/><\/figure>\n\n\n\n<figure class=\"wp-block-image size-large is-resized\"><img loading=\"lazy\" decoding=\"async\" src=\"http:\/\/www.grelibre.net\/WP\/wp-content\/plugins\/image-shadow\/cache\/58325bbd7695a73f136ec779868bf7f3.jpg\" alt=\"\" class=\"wp-image-4919\" width=\"1000\" height=\"667\" srcset=\"https:\/\/www.grelibre.net\/WP\/wp-content\/uploads\/2020\/10\/ValIsere_190820_028.jpg 1000w, https:\/\/www.grelibre.net\/WP\/wp-content\/uploads\/2020\/10\/ValIsere_190820_028-300x200.jpg 300w, https:\/\/www.grelibre.net\/WP\/wp-content\/uploads\/2020\/10\/ValIsere_190820_028-150x100.jpg 150w, https:\/\/www.grelibre.net\/WP\/wp-content\/uploads\/2020\/10\/ValIsere_190820_028-768x512.jpg 768w, https:\/\/www.grelibre.net\/WP\/wp-content\/uploads\/2020\/10\/ValIsere_190820_028-360x240.jpg 360w\" sizes=\"auto, (max-width: 1000px) 100vw, 1000px\" \/><figcaption>monde min\u00e9ral<\/figcaption><\/figure>\n\n\n\n<figure class=\"wp-block-image size-large is-resized\"><img loading=\"lazy\" decoding=\"async\" src=\"http:\/\/www.grelibre.net\/WP\/wp-content\/plugins\/image-shadow\/cache\/7adcd53aac2159fdef4af76214671d8a.jpg\" alt=\"\" class=\"wp-image-4920\" width=\"1000\" height=\"667\" srcset=\"https:\/\/www.grelibre.net\/WP\/wp-content\/uploads\/2020\/10\/ValIsere_190820_041.jpg 1000w, https:\/\/www.grelibre.net\/WP\/wp-content\/uploads\/2020\/10\/ValIsere_190820_041-300x200.jpg 300w, https:\/\/www.grelibre.net\/WP\/wp-content\/uploads\/2020\/10\/ValIsere_190820_041-150x100.jpg 150w, https:\/\/www.grelibre.net\/WP\/wp-content\/uploads\/2020\/10\/ValIsere_190820_041-768x512.jpg 768w, https:\/\/www.grelibre.net\/WP\/wp-content\/uploads\/2020\/10\/ValIsere_190820_041-360x240.jpg 360w\" sizes=\"auto, (max-width: 1000px) 100vw, 1000px\" \/><\/figure>\n\n\n\n<figure class=\"wp-block-image size-large is-resized\"><img loading=\"lazy\" decoding=\"async\" src=\"http:\/\/www.grelibre.net\/WP\/wp-content\/plugins\/image-shadow\/cache\/4907f665e4208c8d6b5f9654d389cc6a.jpg\" alt=\"\" class=\"wp-image-4921\" width=\"1000\" height=\"667\" srcset=\"https:\/\/www.grelibre.net\/WP\/wp-content\/uploads\/2020\/10\/ValIsere_190820_042.jpg 1000w, https:\/\/www.grelibre.net\/WP\/wp-content\/uploads\/2020\/10\/ValIsere_190820_042-300x200.jpg 300w, https:\/\/www.grelibre.net\/WP\/wp-content\/uploads\/2020\/10\/ValIsere_190820_042-150x100.jpg 150w, https:\/\/www.grelibre.net\/WP\/wp-content\/uploads\/2020\/10\/ValIsere_190820_042-768x512.jpg 768w, https:\/\/www.grelibre.net\/WP\/wp-content\/uploads\/2020\/10\/ValIsere_190820_042-360x240.jpg 360w\" sizes=\"auto, (max-width: 1000px) 100vw, 1000px\" \/><figcaption>on remarquera le passage d&rsquo;un chamois&#8230; personne du groupe ne l&rsquo;aura vu&#8230;<\/figcaption><\/figure>\n\n\n\n<figure class=\"wp-block-image size-large is-resized\"><img loading=\"lazy\" decoding=\"async\" src=\"http:\/\/www.grelibre.net\/WP\/wp-content\/plugins\/image-shadow\/cache\/65bb0a520e5c7602f91dab5ef8c8df4a.jpg\" alt=\"\" class=\"wp-image-4922\" width=\"667\" height=\"1000\" srcset=\"https:\/\/www.grelibre.net\/WP\/wp-content\/uploads\/2020\/10\/ValIsere_190820_015.jpg 667w, https:\/\/www.grelibre.net\/WP\/wp-content\/uploads\/2020\/10\/ValIsere_190820_015-200x300.jpg 200w, https:\/\/www.grelibre.net\/WP\/wp-content\/uploads\/2020\/10\/ValIsere_190820_015-100x150.jpg 100w\" sizes=\"auto, (max-width: 667px) 100vw, 667px\" \/><figcaption>passage tr\u00e8s bas d&rsquo;un Gypa\u00e8te Barbu<\/figcaption><\/figure>\n\n\n\n<p>Autre randonn\u00e9e dans le secteur : le tour du Mont Roup&#8230; quelques photos en pagaille :<\/p>\n\n\n\n<figure class=\"wp-block-image size-large is-resized\"><img loading=\"lazy\" decoding=\"async\" src=\"http:\/\/www.grelibre.net\/WP\/wp-content\/plugins\/image-shadow\/cache\/145c216864d8ab90f015313ecf53e14d.jpg\" alt=\"\" class=\"wp-image-4923\" width=\"1000\" height=\"667\" srcset=\"https:\/\/www.grelibre.net\/WP\/wp-content\/uploads\/2020\/10\/ValIsere_190820_005.jpg 1000w, https:\/\/www.grelibre.net\/WP\/wp-content\/uploads\/2020\/10\/ValIsere_190820_005-300x200.jpg 300w, https:\/\/www.grelibre.net\/WP\/wp-content\/uploads\/2020\/10\/ValIsere_190820_005-150x100.jpg 150w, https:\/\/www.grelibre.net\/WP\/wp-content\/uploads\/2020\/10\/ValIsere_190820_005-768x512.jpg 768w, https:\/\/www.grelibre.net\/WP\/wp-content\/uploads\/2020\/10\/ValIsere_190820_005-360x240.jpg 360w\" sizes=\"auto, (max-width: 1000px) 100vw, 1000px\" \/><figcaption>le Manchet<\/figcaption><\/figure>\n\n\n\n<figure class=\"wp-block-image size-large is-resized\"><img loading=\"lazy\" decoding=\"async\" src=\"http:\/\/www.grelibre.net\/WP\/wp-content\/plugins\/image-shadow\/cache\/c07302dfc560f2c14c7b44932ff8865f.jpg\" alt=\"\" class=\"wp-image-4924\" width=\"1000\" height=\"667\" srcset=\"https:\/\/www.grelibre.net\/WP\/wp-content\/uploads\/2020\/10\/ValIsere_190820_013.jpg 1000w, https:\/\/www.grelibre.net\/WP\/wp-content\/uploads\/2020\/10\/ValIsere_190820_013-300x200.jpg 300w, https:\/\/www.grelibre.net\/WP\/wp-content\/uploads\/2020\/10\/ValIsere_190820_013-150x100.jpg 150w, https:\/\/www.grelibre.net\/WP\/wp-content\/uploads\/2020\/10\/ValIsere_190820_013-768x512.jpg 768w, https:\/\/www.grelibre.net\/WP\/wp-content\/uploads\/2020\/10\/ValIsere_190820_013-360x240.jpg 360w\" sizes=\"auto, (max-width: 1000px) 100vw, 1000px\" \/><figcaption>Saut du Pisset<\/figcaption><\/figure>\n\n\n\n<figure class=\"wp-block-image size-large is-resized\"><img loading=\"lazy\" decoding=\"async\" src=\"http:\/\/www.grelibre.net\/WP\/wp-content\/plugins\/image-shadow\/cache\/abbf48ca66c3846b3010f723556592ae.jpg\" alt=\"\" class=\"wp-image-4926\" width=\"1000\" height=\"667\" srcset=\"https:\/\/www.grelibre.net\/WP\/wp-content\/uploads\/2020\/10\/ValIsere_190820_004.jpg 1000w, https:\/\/www.grelibre.net\/WP\/wp-content\/uploads\/2020\/10\/ValIsere_190820_004-300x200.jpg 300w, https:\/\/www.grelibre.net\/WP\/wp-content\/uploads\/2020\/10\/ValIsere_190820_004-150x100.jpg 150w, https:\/\/www.grelibre.net\/WP\/wp-content\/uploads\/2020\/10\/ValIsere_190820_004-768x512.jpg 768w, https:\/\/www.grelibre.net\/WP\/wp-content\/uploads\/2020\/10\/ValIsere_190820_004-360x240.jpg 360w\" sizes=\"auto, (max-width: 1000px) 100vw, 1000px\" \/><figcaption>marmotte sous lenticulaire<\/figcaption><\/figure>\n\n\n\n<figure class=\"wp-block-image size-large is-resized\"><img loading=\"lazy\" decoding=\"async\" src=\"http:\/\/www.grelibre.net\/WP\/wp-content\/plugins\/image-shadow\/cache\/8808c57bb7378236f691a81743cf6256.jpg\" alt=\"\" class=\"wp-image-4927\" width=\"1000\" height=\"667\" srcset=\"https:\/\/www.grelibre.net\/WP\/wp-content\/uploads\/2020\/10\/ValIsere_190820_010.jpg 1000w, https:\/\/www.grelibre.net\/WP\/wp-content\/uploads\/2020\/10\/ValIsere_190820_010-300x200.jpg 300w, https:\/\/www.grelibre.net\/WP\/wp-content\/uploads\/2020\/10\/ValIsere_190820_010-150x100.jpg 150w, https:\/\/www.grelibre.net\/WP\/wp-content\/uploads\/2020\/10\/ValIsere_190820_010-768x512.jpg 768w, https:\/\/www.grelibre.net\/WP\/wp-content\/uploads\/2020\/10\/ValIsere_190820_010-360x240.jpg 360w\" sizes=\"auto, (max-width: 1000px) 100vw, 1000px\" \/><\/figure>\n\n\n\n<figure class=\"wp-block-image size-large is-resized\"><img loading=\"lazy\" decoding=\"async\" src=\"http:\/\/www.grelibre.net\/WP\/wp-content\/plugins\/image-shadow\/cache\/f4ae6c563a7200fb511ff1ce90c8a36a.jpg\" alt=\"\" class=\"wp-image-4928\" width=\"1000\" height=\"667\" srcset=\"https:\/\/www.grelibre.net\/WP\/wp-content\/uploads\/2020\/10\/ValIsere_190820_006.jpg 1000w, https:\/\/www.grelibre.net\/WP\/wp-content\/uploads\/2020\/10\/ValIsere_190820_006-300x200.jpg 300w, https:\/\/www.grelibre.net\/WP\/wp-content\/uploads\/2020\/10\/ValIsere_190820_006-150x100.jpg 150w, https:\/\/www.grelibre.net\/WP\/wp-content\/uploads\/2020\/10\/ValIsere_190820_006-768x512.jpg 768w, https:\/\/www.grelibre.net\/WP\/wp-content\/uploads\/2020\/10\/ValIsere_190820_006-360x240.jpg 360w\" sizes=\"auto, (max-width: 1000px) 100vw, 1000px\" \/><figcaption>de vraies vaches alpines<\/figcaption><\/figure>\n\n\n\n<figure class=\"wp-block-image size-large is-resized\"><img loading=\"lazy\" decoding=\"async\" src=\"http:\/\/www.grelibre.net\/WP\/wp-content\/plugins\/image-shadow\/cache\/aa749874a39c8778f9271be77c09483f.jpg\" alt=\"\" class=\"wp-image-4929\" width=\"667\" height=\"1000\" srcset=\"https:\/\/www.grelibre.net\/WP\/wp-content\/uploads\/2020\/10\/ValIsere_190820_007.jpg 667w, https:\/\/www.grelibre.net\/WP\/wp-content\/uploads\/2020\/10\/ValIsere_190820_007-200x300.jpg 200w, https:\/\/www.grelibre.net\/WP\/wp-content\/uploads\/2020\/10\/ValIsere_190820_007-100x150.jpg 100w\" sizes=\"auto, (max-width: 667px) 100vw, 667px\" \/><figcaption>de vraies vaches alpines<\/figcaption><\/figure>\n\n\n\n<figure class=\"wp-block-image size-large is-resized\"><img loading=\"lazy\" decoding=\"async\" src=\"http:\/\/www.grelibre.net\/WP\/wp-content\/plugins\/image-shadow\/cache\/420e7a1f9f70fd7ddf2f5d10009a922f.jpg\" alt=\"\" class=\"wp-image-4930\" width=\"1024\" height=\"579\" srcset=\"https:\/\/www.grelibre.net\/WP\/wp-content\/uploads\/2020\/10\/ValIsere_190820_012-1024x579.jpg 1024w, https:\/\/www.grelibre.net\/WP\/wp-content\/uploads\/2020\/10\/ValIsere_190820_012-300x170.jpg 300w, https:\/\/www.grelibre.net\/WP\/wp-content\/uploads\/2020\/10\/ValIsere_190820_012-150x85.jpg 150w, https:\/\/www.grelibre.net\/WP\/wp-content\/uploads\/2020\/10\/ValIsere_190820_012-768x434.jpg 768w, https:\/\/www.grelibre.net\/WP\/wp-content\/uploads\/2020\/10\/ValIsere_190820_012.jpg 1200w\" sizes=\"auto, (max-width: 1024px) 100vw, 1024px\" \/><figcaption>linaigrettes et lenticulaires<\/figcaption><\/figure>\n\n\n\n<figure class=\"wp-block-image size-large is-resized\"><img loading=\"lazy\" decoding=\"async\" src=\"http:\/\/www.grelibre.net\/WP\/wp-content\/plugins\/image-shadow\/cache\/ab1eb215754148e96ed00b181eaf5702.jpg\" alt=\"\" class=\"wp-image-4931\" width=\"1000\" height=\"667\" srcset=\"https:\/\/www.grelibre.net\/WP\/wp-content\/uploads\/2020\/10\/ValIsere_190820_001.jpg 1000w, https:\/\/www.grelibre.net\/WP\/wp-content\/uploads\/2020\/10\/ValIsere_190820_001-300x200.jpg 300w, https:\/\/www.grelibre.net\/WP\/wp-content\/uploads\/2020\/10\/ValIsere_190820_001-150x100.jpg 150w, https:\/\/www.grelibre.net\/WP\/wp-content\/uploads\/2020\/10\/ValIsere_190820_001-768x512.jpg 768w, https:\/\/www.grelibre.net\/WP\/wp-content\/uploads\/2020\/10\/ValIsere_190820_001-360x240.jpg 360w\" sizes=\"auto, (max-width: 1000px) 100vw, 1000px\" \/><figcaption>Arobase \u00e0 l&rsquo;envers ? @<\/figcaption><\/figure>\n","protected":false},"excerpt":{"rendered":"<p>De passage dans la r\u00e9gion de Val d&rsquo;Is\u00e8re, petite vir\u00e9e sur de belles randonn\u00e9es du coin&#8230; Premi\u00e8re randonn\u00e9e : les sources de l&rsquo;Is\u00e8re et sommet du Grand Cocor (3034m)&#8230; Quelques images en pagaille : Autre randonn\u00e9e dans le secteur : le tour du Mont Roup&#8230; quelques photos en pagaille :<\/p>\n","protected":false},"author":2,"featured_media":4906,"comment_status":"closed","ping_status":"open","sticky":false,"template":"","format":"standard","meta":{"footnotes":""},"categories":[150],"tags":[],"class_list":["post-4905","post","type-post","status-publish","format-standard","has-post-thumbnail","hentry","category-150","entry"],"yoast_head":"<!-- This site is optimized with the Yoast SEO plugin v27.5 - https:\/\/yoast.com\/product\/yoast-seo-wordpress\/ -->\n<title>Edito du 19 aout : vir\u00e9e sur les hauteurs de Val d&#039;Is\u00e8re<\/title>\n<meta name=\"description\" content=\"De passage dans la r\u00e9gion de Val d&#039;Is\u00e8re, petite vir\u00e9e sur de belles randonn\u00e9es du coin... Premi\u00e8re randonn\u00e9e : les sources de l&#039;Is\u00e8re et sommet du Grand\" \/>\n<meta name=\"robots\" content=\"index, follow, max-snippet:-1, max-image-preview:large, max-video-preview:-1\" \/>\n<link rel=\"canonical\" href=\"https:\/\/www.grelibre.net\/WP\/2020\/10\/17\/edito-du-19-aout-viree-sur-les-hauteurs-de-val-disere\/\" \/>\n<meta property=\"og:locale\" content=\"fr_FR\" \/>\n<meta property=\"og:type\" content=\"article\" \/>\n<meta property=\"og:title\" content=\"Edito du 19 aout : vir\u00e9e sur les hauteurs de Val d&#039;Is\u00e8re\" \/>\n<meta property=\"og:description\" content=\"De passage dans la r\u00e9gion de Val d&#039;Is\u00e8re, petite vir\u00e9e sur de belles randonn\u00e9es du coin... Premi\u00e8re randonn\u00e9e : les sources de l&#039;Is\u00e8re et sommet du Grand\" \/>\n<meta property=\"og:url\" content=\"https:\/\/www.grelibre.net\/WP\/2020\/10\/17\/edito-du-19-aout-viree-sur-les-hauteurs-de-val-disere\/\" \/>\n<meta property=\"og:site_name\" content=\"Grelibre.net\" \/>\n<meta property=\"article:publisher\" content=\"https:\/\/www.facebook.com\/pages\/Grelibre\/127788767248442\" \/>\n<meta property=\"article:published_time\" content=\"2020-10-17T16:09:53+00:00\" \/>\n<meta property=\"article:modified_time\" content=\"2020-10-17T16:30:27+00:00\" \/>\n<meta property=\"og:image\" content=\"https:\/\/www.grelibre.net\/WP\/wp-content\/uploads\/2020\/10\/ValIsere_190820_032.jpg\" \/>\n\t<meta property=\"og:image:width\" content=\"1000\" \/>\n\t<meta property=\"og:image:height\" content=\"667\" \/>\n\t<meta property=\"og:image:type\" content=\"image\/jpeg\" \/>\n<meta name=\"author\" content=\"Grelibre\" \/>\n<meta name=\"twitter:label1\" content=\"\u00c9crit par\" \/>\n\t<meta name=\"twitter:data1\" content=\"Grelibre\" \/>\n\t<meta name=\"twitter:label2\" content=\"Dur\u00e9e de lecture estim\u00e9e\" \/>\n\t<meta name=\"twitter:data2\" content=\"1 minute\" \/>\n<script type=\"application\/ld+json\" class=\"yoast-schema-graph\">{\"@context\":\"https:\\\/\\\/schema.org\",\"@graph\":[{\"@type\":\"Article\",\"@id\":\"https:\\\/\\\/www.grelibre.net\\\/WP\\\/2020\\\/10\\\/17\\\/edito-du-19-aout-viree-sur-les-hauteurs-de-val-disere\\\/#article\",\"isPartOf\":{\"@id\":\"https:\\\/\\\/www.grelibre.net\\\/WP\\\/2020\\\/10\\\/17\\\/edito-du-19-aout-viree-sur-les-hauteurs-de-val-disere\\\/\"},\"author\":{\"name\":\"Grelibre\",\"@id\":\"https:\\\/\\\/www.grelibre.net\\\/WP\\\/#\\\/schema\\\/person\\\/ad30d863c31be1a80dd44300962ef92e\"},\"headline\":\"Edito du 19 aout : vir\u00e9e sur les hauteurs de Val d&rsquo;Is\u00e8re\",\"datePublished\":\"2020-10-17T16:09:53+00:00\",\"dateModified\":\"2020-10-17T16:30:27+00:00\",\"mainEntityOfPage\":{\"@id\":\"https:\\\/\\\/www.grelibre.net\\\/WP\\\/2020\\\/10\\\/17\\\/edito-du-19-aout-viree-sur-les-hauteurs-de-val-disere\\\/\"},\"wordCount\":125,\"image\":{\"@id\":\"https:\\\/\\\/www.grelibre.net\\\/WP\\\/2020\\\/10\\\/17\\\/edito-du-19-aout-viree-sur-les-hauteurs-de-val-disere\\\/#primaryimage\"},\"thumbnailUrl\":\"https:\\\/\\\/www.grelibre.net\\\/WP\\\/wp-content\\\/uploads\\\/2020\\\/10\\\/ValIsere_190820_032.jpg\",\"articleSection\":[\"2020\"],\"inLanguage\":\"fr-FR\"},{\"@type\":\"WebPage\",\"@id\":\"https:\\\/\\\/www.grelibre.net\\\/WP\\\/2020\\\/10\\\/17\\\/edito-du-19-aout-viree-sur-les-hauteurs-de-val-disere\\\/\",\"url\":\"https:\\\/\\\/www.grelibre.net\\\/WP\\\/2020\\\/10\\\/17\\\/edito-du-19-aout-viree-sur-les-hauteurs-de-val-disere\\\/\",\"name\":\"Edito du 19 aout : vir\u00e9e sur les hauteurs de Val d'Is\u00e8re\",\"isPartOf\":{\"@id\":\"https:\\\/\\\/www.grelibre.net\\\/WP\\\/#website\"},\"primaryImageOfPage\":{\"@id\":\"https:\\\/\\\/www.grelibre.net\\\/WP\\\/2020\\\/10\\\/17\\\/edito-du-19-aout-viree-sur-les-hauteurs-de-val-disere\\\/#primaryimage\"},\"image\":{\"@id\":\"https:\\\/\\\/www.grelibre.net\\\/WP\\\/2020\\\/10\\\/17\\\/edito-du-19-aout-viree-sur-les-hauteurs-de-val-disere\\\/#primaryimage\"},\"thumbnailUrl\":\"https:\\\/\\\/www.grelibre.net\\\/WP\\\/wp-content\\\/uploads\\\/2020\\\/10\\\/ValIsere_190820_032.jpg\",\"datePublished\":\"2020-10-17T16:09:53+00:00\",\"dateModified\":\"2020-10-17T16:30:27+00:00\",\"author\":{\"@id\":\"https:\\\/\\\/www.grelibre.net\\\/WP\\\/#\\\/schema\\\/person\\\/ad30d863c31be1a80dd44300962ef92e\"},\"description\":\"De passage dans la r\u00e9gion de Val d'Is\u00e8re, petite vir\u00e9e sur de belles randonn\u00e9es du coin... Premi\u00e8re randonn\u00e9e : les sources de l'Is\u00e8re et sommet du Grand\",\"inLanguage\":\"fr-FR\",\"potentialAction\":[{\"@type\":\"ReadAction\",\"target\":[\"https:\\\/\\\/www.grelibre.net\\\/WP\\\/2020\\\/10\\\/17\\\/edito-du-19-aout-viree-sur-les-hauteurs-de-val-disere\\\/\"]}]},{\"@type\":\"ImageObject\",\"inLanguage\":\"fr-FR\",\"@id\":\"https:\\\/\\\/www.grelibre.net\\\/WP\\\/2020\\\/10\\\/17\\\/edito-du-19-aout-viree-sur-les-hauteurs-de-val-disere\\\/#primaryimage\",\"url\":\"https:\\\/\\\/www.grelibre.net\\\/WP\\\/wp-content\\\/uploads\\\/2020\\\/10\\\/ValIsere_190820_032.jpg\",\"contentUrl\":\"https:\\\/\\\/www.grelibre.net\\\/WP\\\/wp-content\\\/uploads\\\/2020\\\/10\\\/ValIsere_190820_032.jpg\",\"width\":1000,\"height\":667},{\"@type\":\"WebSite\",\"@id\":\"https:\\\/\\\/www.grelibre.net\\\/WP\\\/#website\",\"url\":\"https:\\\/\\\/www.grelibre.net\\\/WP\\\/\",\"name\":\"Grelibre.net\",\"description\":\"la Montagne dans tous ses \u00e9tats\",\"potentialAction\":[{\"@type\":\"SearchAction\",\"target\":{\"@type\":\"EntryPoint\",\"urlTemplate\":\"https:\\\/\\\/www.grelibre.net\\\/WP\\\/?s={search_term_string}\"},\"query-input\":{\"@type\":\"PropertyValueSpecification\",\"valueRequired\":true,\"valueName\":\"search_term_string\"}}],\"inLanguage\":\"fr-FR\"},{\"@type\":\"Person\",\"@id\":\"https:\\\/\\\/www.grelibre.net\\\/WP\\\/#\\\/schema\\\/person\\\/ad30d863c31be1a80dd44300962ef92e\",\"name\":\"Grelibre\",\"image\":{\"@type\":\"ImageObject\",\"inLanguage\":\"fr-FR\",\"@id\":\"https:\\\/\\\/secure.gravatar.com\\\/avatar\\\/58beb5dfb95390604f13a3474b88e7c3cccbd91d3d084e8a46fb51deed41ea4c?s=96&d=mm&r=g\",\"url\":\"https:\\\/\\\/secure.gravatar.com\\\/avatar\\\/58beb5dfb95390604f13a3474b88e7c3cccbd91d3d084e8a46fb51deed41ea4c?s=96&d=mm&r=g\",\"contentUrl\":\"https:\\\/\\\/secure.gravatar.com\\\/avatar\\\/58beb5dfb95390604f13a3474b88e7c3cccbd91d3d084e8a46fb51deed41ea4c?s=96&d=mm&r=g\",\"caption\":\"Grelibre\"},\"sameAs\":[\"http:\\\/\\\/wwww.grelibre.net\"],\"url\":\"https:\\\/\\\/www.grelibre.net\\\/WP\\\/author\\\/grelibreadmin\\\/\"}]}<\/script>\n<!-- \/ Yoast SEO plugin. -->","yoast_head_json":{"title":"Edito du 19 aout : vir\u00e9e sur les hauteurs de Val d'Is\u00e8re","description":"De passage dans la r\u00e9gion de Val d'Is\u00e8re, petite vir\u00e9e sur de belles randonn\u00e9es du coin... Premi\u00e8re randonn\u00e9e : les sources de l'Is\u00e8re et sommet du Grand","robots":{"index":"index","follow":"follow","max-snippet":"max-snippet:-1","max-image-preview":"max-image-preview:large","max-video-preview":"max-video-preview:-1"},"canonical":"https:\/\/www.grelibre.net\/WP\/2020\/10\/17\/edito-du-19-aout-viree-sur-les-hauteurs-de-val-disere\/","og_locale":"fr_FR","og_type":"article","og_title":"Edito du 19 aout : vir\u00e9e sur les hauteurs de Val d'Is\u00e8re","og_description":"De passage dans la r\u00e9gion de Val d'Is\u00e8re, petite vir\u00e9e sur de belles randonn\u00e9es du coin... Premi\u00e8re randonn\u00e9e : les sources de l'Is\u00e8re et sommet du Grand","og_url":"https:\/\/www.grelibre.net\/WP\/2020\/10\/17\/edito-du-19-aout-viree-sur-les-hauteurs-de-val-disere\/","og_site_name":"Grelibre.net","article_publisher":"https:\/\/www.facebook.com\/pages\/Grelibre\/127788767248442","article_published_time":"2020-10-17T16:09:53+00:00","article_modified_time":"2020-10-17T16:30:27+00:00","og_image":[{"width":1000,"height":667,"url":"https:\/\/www.grelibre.net\/WP\/wp-content\/uploads\/2020\/10\/ValIsere_190820_032.jpg","type":"image\/jpeg"}],"author":"Grelibre","twitter_misc":{"\u00c9crit par":"Grelibre","Dur\u00e9e de lecture estim\u00e9e":"1 minute"},"schema":{"@context":"https:\/\/schema.org","@graph":[{"@type":"Article","@id":"https:\/\/www.grelibre.net\/WP\/2020\/10\/17\/edito-du-19-aout-viree-sur-les-hauteurs-de-val-disere\/#article","isPartOf":{"@id":"https:\/\/www.grelibre.net\/WP\/2020\/10\/17\/edito-du-19-aout-viree-sur-les-hauteurs-de-val-disere\/"},"author":{"name":"Grelibre","@id":"https:\/\/www.grelibre.net\/WP\/#\/schema\/person\/ad30d863c31be1a80dd44300962ef92e"},"headline":"Edito du 19 aout : vir\u00e9e sur les hauteurs de Val d&rsquo;Is\u00e8re","datePublished":"2020-10-17T16:09:53+00:00","dateModified":"2020-10-17T16:30:27+00:00","mainEntityOfPage":{"@id":"https:\/\/www.grelibre.net\/WP\/2020\/10\/17\/edito-du-19-aout-viree-sur-les-hauteurs-de-val-disere\/"},"wordCount":125,"image":{"@id":"https:\/\/www.grelibre.net\/WP\/2020\/10\/17\/edito-du-19-aout-viree-sur-les-hauteurs-de-val-disere\/#primaryimage"},"thumbnailUrl":"https:\/\/www.grelibre.net\/WP\/wp-content\/uploads\/2020\/10\/ValIsere_190820_032.jpg","articleSection":["2020"],"inLanguage":"fr-FR"},{"@type":"WebPage","@id":"https:\/\/www.grelibre.net\/WP\/2020\/10\/17\/edito-du-19-aout-viree-sur-les-hauteurs-de-val-disere\/","url":"https:\/\/www.grelibre.net\/WP\/2020\/10\/17\/edito-du-19-aout-viree-sur-les-hauteurs-de-val-disere\/","name":"Edito du 19 aout : vir\u00e9e sur les hauteurs de Val d'Is\u00e8re","isPartOf":{"@id":"https:\/\/www.grelibre.net\/WP\/#website"},"primaryImageOfPage":{"@id":"https:\/\/www.grelibre.net\/WP\/2020\/10\/17\/edito-du-19-aout-viree-sur-les-hauteurs-de-val-disere\/#primaryimage"},"image":{"@id":"https:\/\/www.grelibre.net\/WP\/2020\/10\/17\/edito-du-19-aout-viree-sur-les-hauteurs-de-val-disere\/#primaryimage"},"thumbnailUrl":"https:\/\/www.grelibre.net\/WP\/wp-content\/uploads\/2020\/10\/ValIsere_190820_032.jpg","datePublished":"2020-10-17T16:09:53+00:00","dateModified":"2020-10-17T16:30:27+00:00","author":{"@id":"https:\/\/www.grelibre.net\/WP\/#\/schema\/person\/ad30d863c31be1a80dd44300962ef92e"},"description":"De passage dans la r\u00e9gion de Val d'Is\u00e8re, petite vir\u00e9e sur de belles randonn\u00e9es du coin... Premi\u00e8re randonn\u00e9e : les sources de l'Is\u00e8re et sommet du Grand","inLanguage":"fr-FR","potentialAction":[{"@type":"ReadAction","target":["https:\/\/www.grelibre.net\/WP\/2020\/10\/17\/edito-du-19-aout-viree-sur-les-hauteurs-de-val-disere\/"]}]},{"@type":"ImageObject","inLanguage":"fr-FR","@id":"https:\/\/www.grelibre.net\/WP\/2020\/10\/17\/edito-du-19-aout-viree-sur-les-hauteurs-de-val-disere\/#primaryimage","url":"https:\/\/www.grelibre.net\/WP\/wp-content\/uploads\/2020\/10\/ValIsere_190820_032.jpg","contentUrl":"https:\/\/www.grelibre.net\/WP\/wp-content\/uploads\/2020\/10\/ValIsere_190820_032.jpg","width":1000,"height":667},{"@type":"WebSite","@id":"https:\/\/www.grelibre.net\/WP\/#website","url":"https:\/\/www.grelibre.net\/WP\/","name":"Grelibre.net","description":"la Montagne dans tous ses \u00e9tats","potentialAction":[{"@type":"SearchAction","target":{"@type":"EntryPoint","urlTemplate":"https:\/\/www.grelibre.net\/WP\/?s={search_term_string}"},"query-input":{"@type":"PropertyValueSpecification","valueRequired":true,"valueName":"search_term_string"}}],"inLanguage":"fr-FR"},{"@type":"Person","@id":"https:\/\/www.grelibre.net\/WP\/#\/schema\/person\/ad30d863c31be1a80dd44300962ef92e","name":"Grelibre","image":{"@type":"ImageObject","inLanguage":"fr-FR","@id":"https:\/\/secure.gravatar.com\/avatar\/58beb5dfb95390604f13a3474b88e7c3cccbd91d3d084e8a46fb51deed41ea4c?s=96&d=mm&r=g","url":"https:\/\/secure.gravatar.com\/avatar\/58beb5dfb95390604f13a3474b88e7c3cccbd91d3d084e8a46fb51deed41ea4c?s=96&d=mm&r=g","contentUrl":"https:\/\/secure.gravatar.com\/avatar\/58beb5dfb95390604f13a3474b88e7c3cccbd91d3d084e8a46fb51deed41ea4c?s=96&d=mm&r=g","caption":"Grelibre"},"sameAs":["http:\/\/wwww.grelibre.net"],"url":"https:\/\/www.grelibre.net\/WP\/author\/grelibreadmin\/"}]}},"_links":{"self":[{"href":"https:\/\/www.grelibre.net\/WP\/wp-json\/wp\/v2\/posts\/4905","targetHints":{"allow":["GET"]}}],"collection":[{"href":"https:\/\/www.grelibre.net\/WP\/wp-json\/wp\/v2\/posts"}],"about":[{"href":"https:\/\/www.grelibre.net\/WP\/wp-json\/wp\/v2\/types\/post"}],"author":[{"embeddable":true,"href":"https:\/\/www.grelibre.net\/WP\/wp-json\/wp\/v2\/users\/2"}],"replies":[{"embeddable":true,"href":"https:\/\/www.grelibre.net\/WP\/wp-json\/wp\/v2\/comments?post=4905"}],"version-history":[{"count":33,"href":"https:\/\/www.grelibre.net\/WP\/wp-json\/wp\/v2\/posts\/4905\/revisions"}],"predecessor-version":[{"id":4965,"href":"https:\/\/www.grelibre.net\/WP\/wp-json\/wp\/v2\/posts\/4905\/revisions\/4965"}],"wp:featuredmedia":[{"embeddable":true,"href":"https:\/\/www.grelibre.net\/WP\/wp-json\/wp\/v2\/media\/4906"}],"wp:attachment":[{"href":"https:\/\/www.grelibre.net\/WP\/wp-json\/wp\/v2\/media?parent=4905"}],"wp:term":[{"taxonomy":"category","embeddable":true,"href":"https:\/\/www.grelibre.net\/WP\/wp-json\/wp\/v2\/categories?post=4905"},{"taxonomy":"post_tag","embeddable":true,"href":"https:\/\/www.grelibre.net\/WP\/wp-json\/wp\/v2\/tags?post=4905"}],"curies":[{"name":"wp","href":"https:\/\/api.w.org\/{rel}","templated":true}]}}