{"id":490,"date":"2005-05-31T15:32:22","date_gmt":"2005-05-31T14:32:22","guid":{"rendered":"http:\/\/www.grelibre.net\/wordpress\/?p=490"},"modified":"2013-04-15T18:46:06","modified_gmt":"2013-04-15T18:46:06","slug":"edito-du-31-mai-2","status":"publish","type":"post","link":"https:\/\/www.grelibre.net\/WP\/2005\/05\/31\/edito-du-31-mai-2\/","title":{"rendered":"Edito du 31 mai"},"content":{"rendered":"<p>De mieux en mieux&#8230;<br \/>\nBonsoir,<\/p>\n<p>Apr\u00e8s les 3 gouttes et demie d&rsquo;hier en fin d&rsquo;apr\u00e8s midi, le temps s&rsquo;est remis au beau aujourd&rsquo;hui. Le Massif du Vercors s&rsquo;est tr\u00e8s vite d\u00e9gag\u00e9 ce matin alors que les massifs de la Chartreuse et de Belledonne ont mis un peu plus de temps \u00e0 se d\u00e9gager. Par contre, au dessus de 2000m, le ciel \u00e9tait compl\u00e8tement d\u00e9gag\u00e9. La temp\u00e9rature, certe assez fraiche ce matin est vite remont\u00e9e pour atteindre les 24\u00b0C dans Grenoble. Cependant, avec le vent qui souffle assez mod\u00e9r\u00e9ment dans l&rsquo;agglo la temp\u00e9rature ressentie est surement plus basse&#8230;<br \/>\nCe soir les nuages disparaissent totalement sur Belledonne pour le coucher du soleil. Les couleurs ne sont cependant pas aussi belles qu&rsquo;hier !!!<\/p>\n<p>Photo du jour : le Moucherotte se d\u00e9gage rapidement (ce matin \u00e0 8heures)!<br \/>\n<img decoding=\"async\" src=\"http:\/\/www.grelibre.net\/WP\/wp-content\/plugins\/image-shadow\/cache\/c5f430ae2d92cc69af7bb3de2107c517.jpg\" \/><\/p>\n<p>Coucher de soleil sur le massif de Belledonne&#8230;<br \/>\n<img decoding=\"async\" src=\"http:\/\/www.grelibre.net\/WP\/wp-content\/plugins\/image-shadow\/cache\/9d8acec19924f62784ebe463a61104ab.jpg\" \/><\/p>\n<p>Info du jour :<br \/>\nCe soir sur France 2 passe le film \u00ab\u00a0le papillon\u00a0\u00bb (je crois). Ce film a \u00e9t\u00e9 tourn\u00e9 dans le Vercors avec Michel Serrault!!<\/p>\n<p>Commentaire du jour :<br \/>\nVu les passages que j&rsquo;ai pu regarder, il semble qu&rsquo;une bonne partie ait \u00e9t\u00e9 tourn\u00e9e au niveau de la Moli\u00e8re ou de la Sure&#8230; Qui peut me confirmer ?<\/p>\n<p>La suite ? Le temps restera au beau jusqu&rsquo;en fin de semaine puis, petite d\u00e9gradation orageuse et \u00e0 nouveau beau et chaud&#8230; A suivre&#8230;<\/p>\n","protected":false},"excerpt":{"rendered":"<p>De mieux en mieux&#8230; Bonsoir, Apr\u00e8s les 3 gouttes et demie d&rsquo;hier en fin d&rsquo;apr\u00e8s midi, le temps s&rsquo;est remis au beau aujourd&rsquo;hui. Le Massif du Vercors s&rsquo;est tr\u00e8s vite d\u00e9gag\u00e9 ce matin alors que les massifs de la Chartreuse et de Belledonne ont mis un peu plus de temps \u00e0 se d\u00e9gager. Par contre,&hellip;<\/p>\n<p class=\"more\"><a class=\"more-link\" href=\"https:\/\/www.grelibre.net\/WP\/2005\/05\/31\/edito-du-31-mai-2\/\">Continue reading <span class=\"screen-reader-text\">Edito du 31 mai<\/span><\/a><\/p>\n","protected":false},"author":2,"featured_media":0,"comment_status":"closed","ping_status":"closed","sticky":false,"template":"","format":"standard","meta":{"footnotes":""},"categories":[1],"tags":[],"class_list":["post-490","post","type-post","status-publish","format-standard","hentry","category-non-classe","entry"],"yoast_head":"<!-- This site is optimized with the Yoast SEO plugin v27.5 - https:\/\/yoast.com\/product\/yoast-seo-wordpress\/ -->\n<title>Edito du 31 mai<\/title>\n<meta name=\"description\" content=\"De mieux en mieux... Bonsoir, Apr\u00e8s les 3 gouttes et demie d&#039;hier en fin d&#039;apr\u00e8s midi, le temps s&#039;est remis au beau aujourd&#039;hui. Le Massif du Vercors\" \/>\n<meta name=\"robots\" content=\"index, follow, max-snippet:-1, max-image-preview:large, max-video-preview:-1\" \/>\n<link rel=\"canonical\" href=\"https:\/\/www.grelibre.net\/WP\/2005\/05\/31\/edito-du-31-mai-2\/\" \/>\n<meta property=\"og:locale\" content=\"fr_FR\" \/>\n<meta property=\"og:type\" content=\"article\" \/>\n<meta property=\"og:title\" content=\"Edito du 31 mai\" \/>\n<meta property=\"og:description\" content=\"De mieux en mieux... Bonsoir, Apr\u00e8s les 3 gouttes et demie d&#039;hier en fin d&#039;apr\u00e8s midi, le temps s&#039;est remis au beau aujourd&#039;hui. Le Massif du Vercors\" \/>\n<meta property=\"og:url\" content=\"https:\/\/www.grelibre.net\/WP\/2005\/05\/31\/edito-du-31-mai-2\/\" \/>\n<meta property=\"og:site_name\" content=\"Grelibre.net\" \/>\n<meta property=\"article:publisher\" content=\"https:\/\/www.facebook.com\/pages\/Grelibre\/127788767248442\" \/>\n<meta property=\"article:published_time\" content=\"2005-05-31T14:32:22+00:00\" \/>\n<meta property=\"article:modified_time\" content=\"2013-04-15T18:46:06+00:00\" \/>\n<meta property=\"og:image\" content=\"http:\/\/www.grelibre.net\/Images\/2005\/05\/V_310505_001.jpg\" \/>\n<meta name=\"author\" content=\"Grelibre\" \/>\n<meta name=\"twitter:label1\" content=\"\u00c9crit par\" \/>\n\t<meta name=\"twitter:data1\" content=\"Grelibre\" \/>\n\t<meta name=\"twitter:label2\" content=\"Dur\u00e9e de lecture estim\u00e9e\" \/>\n\t<meta name=\"twitter:data2\" content=\"1 minute\" \/>\n<script type=\"application\/ld+json\" class=\"yoast-schema-graph\">{\"@context\":\"https:\\\/\\\/schema.org\",\"@graph\":[{\"@type\":\"Article\",\"@id\":\"https:\\\/\\\/www.grelibre.net\\\/WP\\\/2005\\\/05\\\/31\\\/edito-du-31-mai-2\\\/#article\",\"isPartOf\":{\"@id\":\"https:\\\/\\\/www.grelibre.net\\\/WP\\\/2005\\\/05\\\/31\\\/edito-du-31-mai-2\\\/\"},\"author\":{\"name\":\"Grelibre\",\"@id\":\"https:\\\/\\\/www.grelibre.net\\\/WP\\\/#\\\/schema\\\/person\\\/ad30d863c31be1a80dd44300962ef92e\"},\"headline\":\"Edito du 31 mai\",\"datePublished\":\"2005-05-31T14:32:22+00:00\",\"dateModified\":\"2013-04-15T18:46:06+00:00\",\"mainEntityOfPage\":{\"@id\":\"https:\\\/\\\/www.grelibre.net\\\/WP\\\/2005\\\/05\\\/31\\\/edito-du-31-mai-2\\\/\"},\"wordCount\":233,\"image\":{\"@id\":\"https:\\\/\\\/www.grelibre.net\\\/WP\\\/2005\\\/05\\\/31\\\/edito-du-31-mai-2\\\/#primaryimage\"},\"thumbnailUrl\":\"http:\\\/\\\/www.grelibre.net\\\/Images\\\/2005\\\/05\\\/V_310505_001.jpg\",\"inLanguage\":\"fr-FR\"},{\"@type\":\"WebPage\",\"@id\":\"https:\\\/\\\/www.grelibre.net\\\/WP\\\/2005\\\/05\\\/31\\\/edito-du-31-mai-2\\\/\",\"url\":\"https:\\\/\\\/www.grelibre.net\\\/WP\\\/2005\\\/05\\\/31\\\/edito-du-31-mai-2\\\/\",\"name\":\"Edito du 31 mai\",\"isPartOf\":{\"@id\":\"https:\\\/\\\/www.grelibre.net\\\/WP\\\/#website\"},\"primaryImageOfPage\":{\"@id\":\"https:\\\/\\\/www.grelibre.net\\\/WP\\\/2005\\\/05\\\/31\\\/edito-du-31-mai-2\\\/#primaryimage\"},\"image\":{\"@id\":\"https:\\\/\\\/www.grelibre.net\\\/WP\\\/2005\\\/05\\\/31\\\/edito-du-31-mai-2\\\/#primaryimage\"},\"thumbnailUrl\":\"http:\\\/\\\/www.grelibre.net\\\/Images\\\/2005\\\/05\\\/V_310505_001.jpg\",\"datePublished\":\"2005-05-31T14:32:22+00:00\",\"dateModified\":\"2013-04-15T18:46:06+00:00\",\"author\":{\"@id\":\"https:\\\/\\\/www.grelibre.net\\\/WP\\\/#\\\/schema\\\/person\\\/ad30d863c31be1a80dd44300962ef92e\"},\"description\":\"De mieux en mieux... Bonsoir, Apr\u00e8s les 3 gouttes et demie d'hier en fin d'apr\u00e8s midi, le temps s'est remis au beau aujourd'hui. Le Massif du Vercors\",\"inLanguage\":\"fr-FR\",\"potentialAction\":[{\"@type\":\"ReadAction\",\"target\":[\"https:\\\/\\\/www.grelibre.net\\\/WP\\\/2005\\\/05\\\/31\\\/edito-du-31-mai-2\\\/\"]}]},{\"@type\":\"ImageObject\",\"inLanguage\":\"fr-FR\",\"@id\":\"https:\\\/\\\/www.grelibre.net\\\/WP\\\/2005\\\/05\\\/31\\\/edito-du-31-mai-2\\\/#primaryimage\",\"url\":\"http:\\\/\\\/www.grelibre.net\\\/Images\\\/2005\\\/05\\\/V_310505_001.jpg\",\"contentUrl\":\"http:\\\/\\\/www.grelibre.net\\\/Images\\\/2005\\\/05\\\/V_310505_001.jpg\"},{\"@type\":\"WebSite\",\"@id\":\"https:\\\/\\\/www.grelibre.net\\\/WP\\\/#website\",\"url\":\"https:\\\/\\\/www.grelibre.net\\\/WP\\\/\",\"name\":\"Grelibre.net\",\"description\":\"la Montagne dans tous ses \u00e9tats\",\"potentialAction\":[{\"@type\":\"SearchAction\",\"target\":{\"@type\":\"EntryPoint\",\"urlTemplate\":\"https:\\\/\\\/www.grelibre.net\\\/WP\\\/?s={search_term_string}\"},\"query-input\":{\"@type\":\"PropertyValueSpecification\",\"valueRequired\":true,\"valueName\":\"search_term_string\"}}],\"inLanguage\":\"fr-FR\"},{\"@type\":\"Person\",\"@id\":\"https:\\\/\\\/www.grelibre.net\\\/WP\\\/#\\\/schema\\\/person\\\/ad30d863c31be1a80dd44300962ef92e\",\"name\":\"Grelibre\",\"image\":{\"@type\":\"ImageObject\",\"inLanguage\":\"fr-FR\",\"@id\":\"https:\\\/\\\/secure.gravatar.com\\\/avatar\\\/58beb5dfb95390604f13a3474b88e7c3cccbd91d3d084e8a46fb51deed41ea4c?s=96&d=mm&r=g\",\"url\":\"https:\\\/\\\/secure.gravatar.com\\\/avatar\\\/58beb5dfb95390604f13a3474b88e7c3cccbd91d3d084e8a46fb51deed41ea4c?s=96&d=mm&r=g\",\"contentUrl\":\"https:\\\/\\\/secure.gravatar.com\\\/avatar\\\/58beb5dfb95390604f13a3474b88e7c3cccbd91d3d084e8a46fb51deed41ea4c?s=96&d=mm&r=g\",\"caption\":\"Grelibre\"},\"sameAs\":[\"http:\\\/\\\/wwww.grelibre.net\"],\"url\":\"https:\\\/\\\/www.grelibre.net\\\/WP\\\/author\\\/grelibreadmin\\\/\"}]}<\/script>\n<!-- \/ Yoast SEO plugin. -->","yoast_head_json":{"title":"Edito du 31 mai","description":"De mieux en mieux... Bonsoir, Apr\u00e8s les 3 gouttes et demie d'hier en fin d'apr\u00e8s midi, le temps s'est remis au beau aujourd'hui. Le Massif du Vercors","robots":{"index":"index","follow":"follow","max-snippet":"max-snippet:-1","max-image-preview":"max-image-preview:large","max-video-preview":"max-video-preview:-1"},"canonical":"https:\/\/www.grelibre.net\/WP\/2005\/05\/31\/edito-du-31-mai-2\/","og_locale":"fr_FR","og_type":"article","og_title":"Edito du 31 mai","og_description":"De mieux en mieux... Bonsoir, Apr\u00e8s les 3 gouttes et demie d'hier en fin d'apr\u00e8s midi, le temps s'est remis au beau aujourd'hui. Le Massif du Vercors","og_url":"https:\/\/www.grelibre.net\/WP\/2005\/05\/31\/edito-du-31-mai-2\/","og_site_name":"Grelibre.net","article_publisher":"https:\/\/www.facebook.com\/pages\/Grelibre\/127788767248442","article_published_time":"2005-05-31T14:32:22+00:00","article_modified_time":"2013-04-15T18:46:06+00:00","og_image":[{"url":"http:\/\/www.grelibre.net\/Images\/2005\/05\/V_310505_001.jpg","type":"","width":"","height":""}],"author":"Grelibre","twitter_misc":{"\u00c9crit par":"Grelibre","Dur\u00e9e de lecture estim\u00e9e":"1 minute"},"schema":{"@context":"https:\/\/schema.org","@graph":[{"@type":"Article","@id":"https:\/\/www.grelibre.net\/WP\/2005\/05\/31\/edito-du-31-mai-2\/#article","isPartOf":{"@id":"https:\/\/www.grelibre.net\/WP\/2005\/05\/31\/edito-du-31-mai-2\/"},"author":{"name":"Grelibre","@id":"https:\/\/www.grelibre.net\/WP\/#\/schema\/person\/ad30d863c31be1a80dd44300962ef92e"},"headline":"Edito du 31 mai","datePublished":"2005-05-31T14:32:22+00:00","dateModified":"2013-04-15T18:46:06+00:00","mainEntityOfPage":{"@id":"https:\/\/www.grelibre.net\/WP\/2005\/05\/31\/edito-du-31-mai-2\/"},"wordCount":233,"image":{"@id":"https:\/\/www.grelibre.net\/WP\/2005\/05\/31\/edito-du-31-mai-2\/#primaryimage"},"thumbnailUrl":"http:\/\/www.grelibre.net\/Images\/2005\/05\/V_310505_001.jpg","inLanguage":"fr-FR"},{"@type":"WebPage","@id":"https:\/\/www.grelibre.net\/WP\/2005\/05\/31\/edito-du-31-mai-2\/","url":"https:\/\/www.grelibre.net\/WP\/2005\/05\/31\/edito-du-31-mai-2\/","name":"Edito du 31 mai","isPartOf":{"@id":"https:\/\/www.grelibre.net\/WP\/#website"},"primaryImageOfPage":{"@id":"https:\/\/www.grelibre.net\/WP\/2005\/05\/31\/edito-du-31-mai-2\/#primaryimage"},"image":{"@id":"https:\/\/www.grelibre.net\/WP\/2005\/05\/31\/edito-du-31-mai-2\/#primaryimage"},"thumbnailUrl":"http:\/\/www.grelibre.net\/Images\/2005\/05\/V_310505_001.jpg","datePublished":"2005-05-31T14:32:22+00:00","dateModified":"2013-04-15T18:46:06+00:00","author":{"@id":"https:\/\/www.grelibre.net\/WP\/#\/schema\/person\/ad30d863c31be1a80dd44300962ef92e"},"description":"De mieux en mieux... Bonsoir, Apr\u00e8s les 3 gouttes et demie d'hier en fin d'apr\u00e8s midi, le temps s'est remis au beau aujourd'hui. Le Massif du Vercors","inLanguage":"fr-FR","potentialAction":[{"@type":"ReadAction","target":["https:\/\/www.grelibre.net\/WP\/2005\/05\/31\/edito-du-31-mai-2\/"]}]},{"@type":"ImageObject","inLanguage":"fr-FR","@id":"https:\/\/www.grelibre.net\/WP\/2005\/05\/31\/edito-du-31-mai-2\/#primaryimage","url":"http:\/\/www.grelibre.net\/Images\/2005\/05\/V_310505_001.jpg","contentUrl":"http:\/\/www.grelibre.net\/Images\/2005\/05\/V_310505_001.jpg"},{"@type":"WebSite","@id":"https:\/\/www.grelibre.net\/WP\/#website","url":"https:\/\/www.grelibre.net\/WP\/","name":"Grelibre.net","description":"la Montagne dans tous ses \u00e9tats","potentialAction":[{"@type":"SearchAction","target":{"@type":"EntryPoint","urlTemplate":"https:\/\/www.grelibre.net\/WP\/?s={search_term_string}"},"query-input":{"@type":"PropertyValueSpecification","valueRequired":true,"valueName":"search_term_string"}}],"inLanguage":"fr-FR"},{"@type":"Person","@id":"https:\/\/www.grelibre.net\/WP\/#\/schema\/person\/ad30d863c31be1a80dd44300962ef92e","name":"Grelibre","image":{"@type":"ImageObject","inLanguage":"fr-FR","@id":"https:\/\/secure.gravatar.com\/avatar\/58beb5dfb95390604f13a3474b88e7c3cccbd91d3d084e8a46fb51deed41ea4c?s=96&d=mm&r=g","url":"https:\/\/secure.gravatar.com\/avatar\/58beb5dfb95390604f13a3474b88e7c3cccbd91d3d084e8a46fb51deed41ea4c?s=96&d=mm&r=g","contentUrl":"https:\/\/secure.gravatar.com\/avatar\/58beb5dfb95390604f13a3474b88e7c3cccbd91d3d084e8a46fb51deed41ea4c?s=96&d=mm&r=g","caption":"Grelibre"},"sameAs":["http:\/\/wwww.grelibre.net"],"url":"https:\/\/www.grelibre.net\/WP\/author\/grelibreadmin\/"}]}},"_links":{"self":[{"href":"https:\/\/www.grelibre.net\/WP\/wp-json\/wp\/v2\/posts\/490","targetHints":{"allow":["GET"]}}],"collection":[{"href":"https:\/\/www.grelibre.net\/WP\/wp-json\/wp\/v2\/posts"}],"about":[{"href":"https:\/\/www.grelibre.net\/WP\/wp-json\/wp\/v2\/types\/post"}],"author":[{"embeddable":true,"href":"https:\/\/www.grelibre.net\/WP\/wp-json\/wp\/v2\/users\/2"}],"replies":[{"embeddable":true,"href":"https:\/\/www.grelibre.net\/WP\/wp-json\/wp\/v2\/comments?post=490"}],"version-history":[{"count":1,"href":"https:\/\/www.grelibre.net\/WP\/wp-json\/wp\/v2\/posts\/490\/revisions"}],"predecessor-version":[{"id":2082,"href":"https:\/\/www.grelibre.net\/WP\/wp-json\/wp\/v2\/posts\/490\/revisions\/2082"}],"wp:attachment":[{"href":"https:\/\/www.grelibre.net\/WP\/wp-json\/wp\/v2\/media?parent=490"}],"wp:term":[{"taxonomy":"category","embeddable":true,"href":"https:\/\/www.grelibre.net\/WP\/wp-json\/wp\/v2\/categories?post=490"},{"taxonomy":"post_tag","embeddable":true,"href":"https:\/\/www.grelibre.net\/WP\/wp-json\/wp\/v2\/tags?post=490"}],"curies":[{"name":"wp","href":"https:\/\/api.w.org\/{rel}","templated":true}]}}