{"id":487,"date":"2005-05-27T15:27:27","date_gmt":"2005-05-27T14:27:27","guid":{"rendered":"http:\/\/www.grelibre.net\/wordpress\/?p=487"},"modified":"2013-04-15T18:46:07","modified_gmt":"2013-04-15T18:46:07","slug":"edito-du-27-mai","status":"publish","type":"post","link":"https:\/\/www.grelibre.net\/WP\/2005\/05\/27\/edito-du-27-mai\/","title":{"rendered":"Edito du 27 mai"},"content":{"rendered":"<p>Beau et Chaud 4 !<br \/>\nBonsoir, <\/p>\n<p>Tr\u00e8s chaud encore aujourd&rsquo;hui&#8230; comme partout en Fance ! Les 33\u00b0C ont \u00e9t\u00e9 atteint dans Grenoble. Surement un peu moins sur l&rsquo;Ouest de l&rsquo;agglom\u00e9ration o\u00f9 le vent \u00e9tait un peu plus pr\u00e9sent&#8230;<br \/>\nLes cumulus deviennent un peu plus pr\u00e9sents sur Belledonne et un peu en Chartreuse. Les orages ne devraient plus tarder \u00e0 se d\u00e9clencher en montagne samedi et surtout dimanche&#8230;<br \/>\nPique nique oblige ce soir \u00e0 1000m dans le Vercors o\u00f9 la temp\u00e9rature \u00e0 20 heures ne d\u00e9passait pas les 22\u00b0C&#8230; Arriv\u00e9e sur Grenoble \u00e0 20 heures 30, 27\u00b0C !!<\/p>\n<p>Photo du jour : Coucher de soleil sur le plateau du Vercors (\u00e0 droite Le Sornin)<br \/>\n<img decoding=\"async\" src=\"http:\/\/www.grelibre.net\/WP\/wp-content\/plugins\/image-shadow\/cache\/a85486cf3df89a3d08fd8281e4da08d3.jpg\" \/><\/p>\n<p>Photo du jour : Les superbes 3 pucelles au pied du Moucherotte<br \/>\n<img decoding=\"async\" src=\"http:\/\/www.grelibre.net\/WP\/wp-content\/plugins\/image-shadow\/cache\/f47225b7583e3d30203fdda1932b3677.jpg\" \/><\/p>\n<p>Petit clin d&rsquo;oeil \u00e0 un ami qui se trouve \u00e0 Liuzhou en Chine o\u00f9 il m&rsquo;a envoy\u00e9 quelques photos des premi\u00e8res moussons&#8230; La temp\u00e9rature l\u00e0 bas atteint r\u00e9guli\u00e8rement les 35\u00b0C ! Vous me direz qu&rsquo;il n&rsquo;y a rien d&rsquo;exceptionnel puisqu&rsquo;\u00e0 Paris je crois qu&rsquo;il a fait aujourd&rsquo;hui au moins 33\u00b0C !! Mais la diff\u00e9rence c&rsquo;est que le taux d&rsquo;humidit\u00e9 ne descend pas en dessous de 80% !! Vous imaginez la moiteur ambiante !! Heureusement, me dit-il que les pluies d&rsquo;orages font descendre la temp\u00e9rature. En contre partie, le fleuve remplace la route !!<\/p>\n<p>L&rsquo;approche d&rsquo;un orage sur Liuzhou (Chine)<\/p>\n<p>Quelques minutes apr\u00e8s l&rsquo;orage&#8230;<\/p>\n<p>Mieux vaut avoir des tongues !!<\/p>\n<p>Info du jour :<br \/>\nPas d&rsquo;info &#8230;<\/p>\n<p>Commentaire du jour :<br \/>\nPas de commentaire&#8230;<\/p>\n<p>La suite ? Week end normalement sans pr\u00e9cipitations sauf sous les orages qui peuvent se d\u00e9clencher en montagne. A partir de lundi, retour \u00e0 des temp\u00e9ratures de saison (22\u00b0C) et de bonnes pluies peut-\u00eatre pour le d\u00e9but de semaine. A suivre&#8230;<\/p>\n","protected":false},"excerpt":{"rendered":"<p>Beau et Chaud 4 ! Bonsoir, Tr\u00e8s chaud encore aujourd&rsquo;hui&#8230; comme partout en Fance ! Les 33\u00b0C ont \u00e9t\u00e9 atteint dans Grenoble. Surement un peu moins sur l&rsquo;Ouest de l&rsquo;agglom\u00e9ration o\u00f9 le vent \u00e9tait un peu plus pr\u00e9sent&#8230; Les cumulus deviennent un peu plus pr\u00e9sents sur Belledonne et un peu en Chartreuse. Les orages ne&hellip;<\/p>\n<p class=\"more\"><a class=\"more-link\" href=\"https:\/\/www.grelibre.net\/WP\/2005\/05\/27\/edito-du-27-mai\/\">Continue reading <span class=\"screen-reader-text\">Edito du 27 mai<\/span><\/a><\/p>\n","protected":false},"author":2,"featured_media":0,"comment_status":"closed","ping_status":"closed","sticky":false,"template":"","format":"standard","meta":{"footnotes":""},"categories":[1],"tags":[],"class_list":["post-487","post","type-post","status-publish","format-standard","hentry","category-non-classe","entry"],"yoast_head":"<!-- This site is optimized with the Yoast SEO plugin v27.5 - https:\/\/yoast.com\/product\/yoast-seo-wordpress\/ -->\n<title>Edito du 27 mai<\/title>\n<meta name=\"description\" content=\"Beau et Chaud 4 ! Bonsoir, Tr\u00e8s chaud encore aujourd&#039;hui... comme partout en Fance ! Les 33\u00b0C ont \u00e9t\u00e9 atteint dans Grenoble. Surement un peu moins sur\" \/>\n<meta name=\"robots\" content=\"index, follow, max-snippet:-1, max-image-preview:large, max-video-preview:-1\" \/>\n<link rel=\"canonical\" href=\"https:\/\/www.grelibre.net\/WP\/2005\/05\/27\/edito-du-27-mai\/\" \/>\n<meta property=\"og:locale\" content=\"fr_FR\" \/>\n<meta property=\"og:type\" content=\"article\" \/>\n<meta property=\"og:title\" content=\"Edito du 27 mai\" \/>\n<meta property=\"og:description\" content=\"Beau et Chaud 4 ! Bonsoir, Tr\u00e8s chaud encore aujourd&#039;hui... comme partout en Fance ! Les 33\u00b0C ont \u00e9t\u00e9 atteint dans Grenoble. Surement un peu moins sur\" \/>\n<meta property=\"og:url\" content=\"https:\/\/www.grelibre.net\/WP\/2005\/05\/27\/edito-du-27-mai\/\" \/>\n<meta property=\"og:site_name\" content=\"Grelibre.net\" \/>\n<meta property=\"article:publisher\" content=\"https:\/\/www.facebook.com\/pages\/Grelibre\/127788767248442\" \/>\n<meta property=\"article:published_time\" content=\"2005-05-27T14:27:27+00:00\" \/>\n<meta property=\"article:modified_time\" content=\"2013-04-15T18:46:07+00:00\" \/>\n<meta property=\"og:image\" content=\"http:\/\/www.grelibre.net\/Images\/2005\/05\/V_270505_001.jpg\" \/>\n<meta name=\"author\" content=\"Grelibre\" \/>\n<meta name=\"twitter:label1\" content=\"\u00c9crit par\" \/>\n\t<meta name=\"twitter:data1\" content=\"Grelibre\" \/>\n\t<meta name=\"twitter:label2\" content=\"Dur\u00e9e de lecture estim\u00e9e\" \/>\n\t<meta name=\"twitter:data2\" content=\"1 minute\" \/>\n<script type=\"application\/ld+json\" class=\"yoast-schema-graph\">{\"@context\":\"https:\\\/\\\/schema.org\",\"@graph\":[{\"@type\":\"Article\",\"@id\":\"https:\\\/\\\/www.grelibre.net\\\/WP\\\/2005\\\/05\\\/27\\\/edito-du-27-mai\\\/#article\",\"isPartOf\":{\"@id\":\"https:\\\/\\\/www.grelibre.net\\\/WP\\\/2005\\\/05\\\/27\\\/edito-du-27-mai\\\/\"},\"author\":{\"name\":\"Grelibre\",\"@id\":\"https:\\\/\\\/www.grelibre.net\\\/WP\\\/#\\\/schema\\\/person\\\/ad30d863c31be1a80dd44300962ef92e\"},\"headline\":\"Edito du 27 mai\",\"datePublished\":\"2005-05-27T14:27:27+00:00\",\"dateModified\":\"2013-04-15T18:46:07+00:00\",\"mainEntityOfPage\":{\"@id\":\"https:\\\/\\\/www.grelibre.net\\\/WP\\\/2005\\\/05\\\/27\\\/edito-du-27-mai\\\/\"},\"wordCount\":283,\"image\":{\"@id\":\"https:\\\/\\\/www.grelibre.net\\\/WP\\\/2005\\\/05\\\/27\\\/edito-du-27-mai\\\/#primaryimage\"},\"thumbnailUrl\":\"http:\\\/\\\/www.grelibre.net\\\/Images\\\/2005\\\/05\\\/V_270505_001.jpg\",\"inLanguage\":\"fr-FR\"},{\"@type\":\"WebPage\",\"@id\":\"https:\\\/\\\/www.grelibre.net\\\/WP\\\/2005\\\/05\\\/27\\\/edito-du-27-mai\\\/\",\"url\":\"https:\\\/\\\/www.grelibre.net\\\/WP\\\/2005\\\/05\\\/27\\\/edito-du-27-mai\\\/\",\"name\":\"Edito du 27 mai\",\"isPartOf\":{\"@id\":\"https:\\\/\\\/www.grelibre.net\\\/WP\\\/#website\"},\"primaryImageOfPage\":{\"@id\":\"https:\\\/\\\/www.grelibre.net\\\/WP\\\/2005\\\/05\\\/27\\\/edito-du-27-mai\\\/#primaryimage\"},\"image\":{\"@id\":\"https:\\\/\\\/www.grelibre.net\\\/WP\\\/2005\\\/05\\\/27\\\/edito-du-27-mai\\\/#primaryimage\"},\"thumbnailUrl\":\"http:\\\/\\\/www.grelibre.net\\\/Images\\\/2005\\\/05\\\/V_270505_001.jpg\",\"datePublished\":\"2005-05-27T14:27:27+00:00\",\"dateModified\":\"2013-04-15T18:46:07+00:00\",\"author\":{\"@id\":\"https:\\\/\\\/www.grelibre.net\\\/WP\\\/#\\\/schema\\\/person\\\/ad30d863c31be1a80dd44300962ef92e\"},\"description\":\"Beau et Chaud 4 ! Bonsoir, Tr\u00e8s chaud encore aujourd'hui... comme partout en Fance ! Les 33\u00b0C ont \u00e9t\u00e9 atteint dans Grenoble. Surement un peu moins sur\",\"inLanguage\":\"fr-FR\",\"potentialAction\":[{\"@type\":\"ReadAction\",\"target\":[\"https:\\\/\\\/www.grelibre.net\\\/WP\\\/2005\\\/05\\\/27\\\/edito-du-27-mai\\\/\"]}]},{\"@type\":\"ImageObject\",\"inLanguage\":\"fr-FR\",\"@id\":\"https:\\\/\\\/www.grelibre.net\\\/WP\\\/2005\\\/05\\\/27\\\/edito-du-27-mai\\\/#primaryimage\",\"url\":\"http:\\\/\\\/www.grelibre.net\\\/Images\\\/2005\\\/05\\\/V_270505_001.jpg\",\"contentUrl\":\"http:\\\/\\\/www.grelibre.net\\\/Images\\\/2005\\\/05\\\/V_270505_001.jpg\"},{\"@type\":\"WebSite\",\"@id\":\"https:\\\/\\\/www.grelibre.net\\\/WP\\\/#website\",\"url\":\"https:\\\/\\\/www.grelibre.net\\\/WP\\\/\",\"name\":\"Grelibre.net\",\"description\":\"la Montagne dans tous ses \u00e9tats\",\"potentialAction\":[{\"@type\":\"SearchAction\",\"target\":{\"@type\":\"EntryPoint\",\"urlTemplate\":\"https:\\\/\\\/www.grelibre.net\\\/WP\\\/?s={search_term_string}\"},\"query-input\":{\"@type\":\"PropertyValueSpecification\",\"valueRequired\":true,\"valueName\":\"search_term_string\"}}],\"inLanguage\":\"fr-FR\"},{\"@type\":\"Person\",\"@id\":\"https:\\\/\\\/www.grelibre.net\\\/WP\\\/#\\\/schema\\\/person\\\/ad30d863c31be1a80dd44300962ef92e\",\"name\":\"Grelibre\",\"image\":{\"@type\":\"ImageObject\",\"inLanguage\":\"fr-FR\",\"@id\":\"https:\\\/\\\/secure.gravatar.com\\\/avatar\\\/58beb5dfb95390604f13a3474b88e7c3cccbd91d3d084e8a46fb51deed41ea4c?s=96&d=mm&r=g\",\"url\":\"https:\\\/\\\/secure.gravatar.com\\\/avatar\\\/58beb5dfb95390604f13a3474b88e7c3cccbd91d3d084e8a46fb51deed41ea4c?s=96&d=mm&r=g\",\"contentUrl\":\"https:\\\/\\\/secure.gravatar.com\\\/avatar\\\/58beb5dfb95390604f13a3474b88e7c3cccbd91d3d084e8a46fb51deed41ea4c?s=96&d=mm&r=g\",\"caption\":\"Grelibre\"},\"sameAs\":[\"http:\\\/\\\/wwww.grelibre.net\"],\"url\":\"https:\\\/\\\/www.grelibre.net\\\/WP\\\/author\\\/grelibreadmin\\\/\"}]}<\/script>\n<!-- \/ Yoast SEO plugin. -->","yoast_head_json":{"title":"Edito du 27 mai","description":"Beau et Chaud 4 ! Bonsoir, Tr\u00e8s chaud encore aujourd'hui... comme partout en Fance ! Les 33\u00b0C ont \u00e9t\u00e9 atteint dans Grenoble. Surement un peu moins sur","robots":{"index":"index","follow":"follow","max-snippet":"max-snippet:-1","max-image-preview":"max-image-preview:large","max-video-preview":"max-video-preview:-1"},"canonical":"https:\/\/www.grelibre.net\/WP\/2005\/05\/27\/edito-du-27-mai\/","og_locale":"fr_FR","og_type":"article","og_title":"Edito du 27 mai","og_description":"Beau et Chaud 4 ! Bonsoir, Tr\u00e8s chaud encore aujourd'hui... comme partout en Fance ! Les 33\u00b0C ont \u00e9t\u00e9 atteint dans Grenoble. Surement un peu moins sur","og_url":"https:\/\/www.grelibre.net\/WP\/2005\/05\/27\/edito-du-27-mai\/","og_site_name":"Grelibre.net","article_publisher":"https:\/\/www.facebook.com\/pages\/Grelibre\/127788767248442","article_published_time":"2005-05-27T14:27:27+00:00","article_modified_time":"2013-04-15T18:46:07+00:00","og_image":[{"url":"http:\/\/www.grelibre.net\/Images\/2005\/05\/V_270505_001.jpg","type":"","width":"","height":""}],"author":"Grelibre","twitter_misc":{"\u00c9crit par":"Grelibre","Dur\u00e9e de lecture estim\u00e9e":"1 minute"},"schema":{"@context":"https:\/\/schema.org","@graph":[{"@type":"Article","@id":"https:\/\/www.grelibre.net\/WP\/2005\/05\/27\/edito-du-27-mai\/#article","isPartOf":{"@id":"https:\/\/www.grelibre.net\/WP\/2005\/05\/27\/edito-du-27-mai\/"},"author":{"name":"Grelibre","@id":"https:\/\/www.grelibre.net\/WP\/#\/schema\/person\/ad30d863c31be1a80dd44300962ef92e"},"headline":"Edito du 27 mai","datePublished":"2005-05-27T14:27:27+00:00","dateModified":"2013-04-15T18:46:07+00:00","mainEntityOfPage":{"@id":"https:\/\/www.grelibre.net\/WP\/2005\/05\/27\/edito-du-27-mai\/"},"wordCount":283,"image":{"@id":"https:\/\/www.grelibre.net\/WP\/2005\/05\/27\/edito-du-27-mai\/#primaryimage"},"thumbnailUrl":"http:\/\/www.grelibre.net\/Images\/2005\/05\/V_270505_001.jpg","inLanguage":"fr-FR"},{"@type":"WebPage","@id":"https:\/\/www.grelibre.net\/WP\/2005\/05\/27\/edito-du-27-mai\/","url":"https:\/\/www.grelibre.net\/WP\/2005\/05\/27\/edito-du-27-mai\/","name":"Edito du 27 mai","isPartOf":{"@id":"https:\/\/www.grelibre.net\/WP\/#website"},"primaryImageOfPage":{"@id":"https:\/\/www.grelibre.net\/WP\/2005\/05\/27\/edito-du-27-mai\/#primaryimage"},"image":{"@id":"https:\/\/www.grelibre.net\/WP\/2005\/05\/27\/edito-du-27-mai\/#primaryimage"},"thumbnailUrl":"http:\/\/www.grelibre.net\/Images\/2005\/05\/V_270505_001.jpg","datePublished":"2005-05-27T14:27:27+00:00","dateModified":"2013-04-15T18:46:07+00:00","author":{"@id":"https:\/\/www.grelibre.net\/WP\/#\/schema\/person\/ad30d863c31be1a80dd44300962ef92e"},"description":"Beau et Chaud 4 ! Bonsoir, Tr\u00e8s chaud encore aujourd'hui... comme partout en Fance ! Les 33\u00b0C ont \u00e9t\u00e9 atteint dans Grenoble. Surement un peu moins sur","inLanguage":"fr-FR","potentialAction":[{"@type":"ReadAction","target":["https:\/\/www.grelibre.net\/WP\/2005\/05\/27\/edito-du-27-mai\/"]}]},{"@type":"ImageObject","inLanguage":"fr-FR","@id":"https:\/\/www.grelibre.net\/WP\/2005\/05\/27\/edito-du-27-mai\/#primaryimage","url":"http:\/\/www.grelibre.net\/Images\/2005\/05\/V_270505_001.jpg","contentUrl":"http:\/\/www.grelibre.net\/Images\/2005\/05\/V_270505_001.jpg"},{"@type":"WebSite","@id":"https:\/\/www.grelibre.net\/WP\/#website","url":"https:\/\/www.grelibre.net\/WP\/","name":"Grelibre.net","description":"la Montagne dans tous ses \u00e9tats","potentialAction":[{"@type":"SearchAction","target":{"@type":"EntryPoint","urlTemplate":"https:\/\/www.grelibre.net\/WP\/?s={search_term_string}"},"query-input":{"@type":"PropertyValueSpecification","valueRequired":true,"valueName":"search_term_string"}}],"inLanguage":"fr-FR"},{"@type":"Person","@id":"https:\/\/www.grelibre.net\/WP\/#\/schema\/person\/ad30d863c31be1a80dd44300962ef92e","name":"Grelibre","image":{"@type":"ImageObject","inLanguage":"fr-FR","@id":"https:\/\/secure.gravatar.com\/avatar\/58beb5dfb95390604f13a3474b88e7c3cccbd91d3d084e8a46fb51deed41ea4c?s=96&d=mm&r=g","url":"https:\/\/secure.gravatar.com\/avatar\/58beb5dfb95390604f13a3474b88e7c3cccbd91d3d084e8a46fb51deed41ea4c?s=96&d=mm&r=g","contentUrl":"https:\/\/secure.gravatar.com\/avatar\/58beb5dfb95390604f13a3474b88e7c3cccbd91d3d084e8a46fb51deed41ea4c?s=96&d=mm&r=g","caption":"Grelibre"},"sameAs":["http:\/\/wwww.grelibre.net"],"url":"https:\/\/www.grelibre.net\/WP\/author\/grelibreadmin\/"}]}},"_links":{"self":[{"href":"https:\/\/www.grelibre.net\/WP\/wp-json\/wp\/v2\/posts\/487","targetHints":{"allow":["GET"]}}],"collection":[{"href":"https:\/\/www.grelibre.net\/WP\/wp-json\/wp\/v2\/posts"}],"about":[{"href":"https:\/\/www.grelibre.net\/WP\/wp-json\/wp\/v2\/types\/post"}],"author":[{"embeddable":true,"href":"https:\/\/www.grelibre.net\/WP\/wp-json\/wp\/v2\/users\/2"}],"replies":[{"embeddable":true,"href":"https:\/\/www.grelibre.net\/WP\/wp-json\/wp\/v2\/comments?post=487"}],"version-history":[{"count":1,"href":"https:\/\/www.grelibre.net\/WP\/wp-json\/wp\/v2\/posts\/487\/revisions"}],"predecessor-version":[{"id":2085,"href":"https:\/\/www.grelibre.net\/WP\/wp-json\/wp\/v2\/posts\/487\/revisions\/2085"}],"wp:attachment":[{"href":"https:\/\/www.grelibre.net\/WP\/wp-json\/wp\/v2\/media?parent=487"}],"wp:term":[{"taxonomy":"category","embeddable":true,"href":"https:\/\/www.grelibre.net\/WP\/wp-json\/wp\/v2\/categories?post=487"},{"taxonomy":"post_tag","embeddable":true,"href":"https:\/\/www.grelibre.net\/WP\/wp-json\/wp\/v2\/tags?post=487"}],"curies":[{"name":"wp","href":"https:\/\/api.w.org\/{rel}","templated":true}]}}