{"id":486,"date":"2005-05-26T15:26:28","date_gmt":"2005-05-26T14:26:28","guid":{"rendered":"http:\/\/www.grelibre.net\/wordpress\/?p=486"},"modified":"2013-04-15T18:46:07","modified_gmt":"2013-04-15T18:46:07","slug":"edito-du-26-mai-3","status":"publish","type":"post","link":"https:\/\/www.grelibre.net\/WP\/2005\/05\/26\/edito-du-26-mai-3\/","title":{"rendered":"Edito du 26 mai"},"content":{"rendered":"<p>Beau et Chaud 3 !<br \/>\nBonsoir,<\/p>\n<p>Aille ! Ca chauffe s\u00e9rieusement maintenant ! Nous avons d\u00e9pass\u00e9 les 32\u00b0C dans Grenoble aujourd&rsquo;hui&#8230; Le ciel est rest\u00e9 presque totalement bleu sauf sur Belledonne o\u00f9 quelques cumulus sont venus pour peut-\u00eatre annoncer les prochains orages en montagne.<br \/>\nLa nuit va \u00eatre douce et surtout en ville&#8230; actuellement il fait 26\u00b0C \u00e0 22 heures !<br \/>\nRessorter vos ventilateurs et climatiseurs car l&rsquo;air chaud des maisons et apparts n&rsquo;aura pas le temps de s&rsquo;\u00e9chapper cette nuit. La temp\u00e9rature ne descendera pas en dessous de 20\u00b0C cette nuit&#8230;<\/p>\n<p>Photo du jour : L&rsquo;Is\u00e8re et Le Moucherotte (oui Genepis, c&rsquo;est mon chouchou !!)<br \/>\n<img decoding=\"async\" src=\"http:\/\/www.grelibre.net\/WP\/wp-content\/plugins\/image-shadow\/cache\/97b4d8b190392ed5f2cd4150a26c47af.jpg\" \/><\/p>\n<p>Photo du jour : La Dent de Crolles<br \/>\n<img decoding=\"async\" src=\"http:\/\/www.grelibre.net\/WP\/wp-content\/plugins\/image-shadow\/cache\/d0111e7ca16509b1587bc2a0c9df9539.jpg\" \/><\/p>\n<p>Info du jour :<br \/>\nMission exceptionnelle ces jours prochains au sommet du Mont Blanc. 7 sp\u00e9cialistes de neige et glace vont pr\u00e9lever des carottes de glace au sommet \u00e0 4807 m. Ces carottes permettront d&rsquo;avoir des donn\u00e9es sur les pollutions pass\u00e9es comme la radio activit\u00e9 de l&rsquo;accident de Tchernobyl et d&rsquo;autres donn\u00e9es du pass\u00e9&#8230; Ces carottes de glace de 25 m\u00e8tres de long seront ramener \u00e0 Saint Martin d&rsquo;H\u00e8res pour analyse au labo de glaciologue au CNRS.<\/p>\n<p>Commentaire du jour :<br \/>\nMalheureusement, ces donn\u00e9es vont certainement confirmer l&rsquo;hypoth\u00e8se du r\u00e9chauffement de la plan\u00e8te !<\/p>\n<p>La suite ? Temp\u00e9rature \u00e9quivalente demain et samedi avec une \u00e9volution orageuse de plus en plus importante surtout en montagne. La semaine prochaine nous devrions retrouver des temp\u00e9ratures de saison. A suivre&#8230;<\/p>\n","protected":false},"excerpt":{"rendered":"<p>Beau et Chaud 3 ! Bonsoir, Aille ! Ca chauffe s\u00e9rieusement maintenant ! Nous avons d\u00e9pass\u00e9 les 32\u00b0C dans Grenoble aujourd&rsquo;hui&#8230; Le ciel est rest\u00e9 presque totalement bleu sauf sur Belledonne o\u00f9 quelques cumulus sont venus pour peut-\u00eatre annoncer les prochains orages en montagne. La nuit va \u00eatre douce et surtout en ville&#8230; actuellement il&hellip;<\/p>\n<p class=\"more\"><a class=\"more-link\" href=\"https:\/\/www.grelibre.net\/WP\/2005\/05\/26\/edito-du-26-mai-3\/\">Continue reading <span class=\"screen-reader-text\">Edito du 26 mai<\/span><\/a><\/p>\n","protected":false},"author":2,"featured_media":0,"comment_status":"closed","ping_status":"closed","sticky":false,"template":"","format":"standard","meta":{"footnotes":""},"categories":[1],"tags":[],"class_list":["post-486","post","type-post","status-publish","format-standard","hentry","category-non-classe","entry"],"yoast_head":"<!-- This site is optimized with the Yoast SEO plugin v27.5 - https:\/\/yoast.com\/product\/yoast-seo-wordpress\/ -->\n<title>Edito du 26 mai<\/title>\n<meta name=\"description\" content=\"Beau et Chaud 3 ! Bonsoir, Aille ! Ca chauffe s\u00e9rieusement maintenant ! Nous avons d\u00e9pass\u00e9 les 32\u00b0C dans Grenoble aujourd&#039;hui... Le ciel est rest\u00e9 presque\" \/>\n<meta name=\"robots\" content=\"index, follow, max-snippet:-1, max-image-preview:large, max-video-preview:-1\" \/>\n<link rel=\"canonical\" href=\"https:\/\/www.grelibre.net\/WP\/2005\/05\/26\/edito-du-26-mai-3\/\" \/>\n<meta property=\"og:locale\" content=\"fr_FR\" \/>\n<meta property=\"og:type\" content=\"article\" \/>\n<meta property=\"og:title\" content=\"Edito du 26 mai\" \/>\n<meta property=\"og:description\" content=\"Beau et Chaud 3 ! Bonsoir, Aille ! Ca chauffe s\u00e9rieusement maintenant ! Nous avons d\u00e9pass\u00e9 les 32\u00b0C dans Grenoble aujourd&#039;hui... Le ciel est rest\u00e9 presque\" \/>\n<meta property=\"og:url\" content=\"https:\/\/www.grelibre.net\/WP\/2005\/05\/26\/edito-du-26-mai-3\/\" \/>\n<meta property=\"og:site_name\" content=\"Grelibre.net\" \/>\n<meta property=\"article:publisher\" content=\"https:\/\/www.facebook.com\/pages\/Grelibre\/127788767248442\" \/>\n<meta property=\"article:published_time\" content=\"2005-05-26T14:26:28+00:00\" \/>\n<meta property=\"article:modified_time\" content=\"2013-04-15T18:46:07+00:00\" \/>\n<meta property=\"og:image\" content=\"http:\/\/www.grelibre.net\/Images\/2005\/05\/V_260505_001.jpg\" \/>\n<meta name=\"author\" content=\"Grelibre\" \/>\n<meta name=\"twitter:label1\" content=\"\u00c9crit par\" \/>\n\t<meta name=\"twitter:data1\" content=\"Grelibre\" \/>\n\t<meta name=\"twitter:label2\" content=\"Dur\u00e9e de lecture estim\u00e9e\" \/>\n\t<meta name=\"twitter:data2\" content=\"1 minute\" \/>\n<script type=\"application\/ld+json\" class=\"yoast-schema-graph\">{\"@context\":\"https:\\\/\\\/schema.org\",\"@graph\":[{\"@type\":\"Article\",\"@id\":\"https:\\\/\\\/www.grelibre.net\\\/WP\\\/2005\\\/05\\\/26\\\/edito-du-26-mai-3\\\/#article\",\"isPartOf\":{\"@id\":\"https:\\\/\\\/www.grelibre.net\\\/WP\\\/2005\\\/05\\\/26\\\/edito-du-26-mai-3\\\/\"},\"author\":{\"name\":\"Grelibre\",\"@id\":\"https:\\\/\\\/www.grelibre.net\\\/WP\\\/#\\\/schema\\\/person\\\/ad30d863c31be1a80dd44300962ef92e\"},\"headline\":\"Edito du 26 mai\",\"datePublished\":\"2005-05-26T14:26:28+00:00\",\"dateModified\":\"2013-04-15T18:46:07+00:00\",\"mainEntityOfPage\":{\"@id\":\"https:\\\/\\\/www.grelibre.net\\\/WP\\\/2005\\\/05\\\/26\\\/edito-du-26-mai-3\\\/\"},\"wordCount\":243,\"image\":{\"@id\":\"https:\\\/\\\/www.grelibre.net\\\/WP\\\/2005\\\/05\\\/26\\\/edito-du-26-mai-3\\\/#primaryimage\"},\"thumbnailUrl\":\"http:\\\/\\\/www.grelibre.net\\\/Images\\\/2005\\\/05\\\/V_260505_001.jpg\",\"inLanguage\":\"fr-FR\"},{\"@type\":\"WebPage\",\"@id\":\"https:\\\/\\\/www.grelibre.net\\\/WP\\\/2005\\\/05\\\/26\\\/edito-du-26-mai-3\\\/\",\"url\":\"https:\\\/\\\/www.grelibre.net\\\/WP\\\/2005\\\/05\\\/26\\\/edito-du-26-mai-3\\\/\",\"name\":\"Edito du 26 mai\",\"isPartOf\":{\"@id\":\"https:\\\/\\\/www.grelibre.net\\\/WP\\\/#website\"},\"primaryImageOfPage\":{\"@id\":\"https:\\\/\\\/www.grelibre.net\\\/WP\\\/2005\\\/05\\\/26\\\/edito-du-26-mai-3\\\/#primaryimage\"},\"image\":{\"@id\":\"https:\\\/\\\/www.grelibre.net\\\/WP\\\/2005\\\/05\\\/26\\\/edito-du-26-mai-3\\\/#primaryimage\"},\"thumbnailUrl\":\"http:\\\/\\\/www.grelibre.net\\\/Images\\\/2005\\\/05\\\/V_260505_001.jpg\",\"datePublished\":\"2005-05-26T14:26:28+00:00\",\"dateModified\":\"2013-04-15T18:46:07+00:00\",\"author\":{\"@id\":\"https:\\\/\\\/www.grelibre.net\\\/WP\\\/#\\\/schema\\\/person\\\/ad30d863c31be1a80dd44300962ef92e\"},\"description\":\"Beau et Chaud 3 ! Bonsoir, Aille ! Ca chauffe s\u00e9rieusement maintenant ! Nous avons d\u00e9pass\u00e9 les 32\u00b0C dans Grenoble aujourd'hui... Le ciel est rest\u00e9 presque\",\"inLanguage\":\"fr-FR\",\"potentialAction\":[{\"@type\":\"ReadAction\",\"target\":[\"https:\\\/\\\/www.grelibre.net\\\/WP\\\/2005\\\/05\\\/26\\\/edito-du-26-mai-3\\\/\"]}]},{\"@type\":\"ImageObject\",\"inLanguage\":\"fr-FR\",\"@id\":\"https:\\\/\\\/www.grelibre.net\\\/WP\\\/2005\\\/05\\\/26\\\/edito-du-26-mai-3\\\/#primaryimage\",\"url\":\"http:\\\/\\\/www.grelibre.net\\\/Images\\\/2005\\\/05\\\/V_260505_001.jpg\",\"contentUrl\":\"http:\\\/\\\/www.grelibre.net\\\/Images\\\/2005\\\/05\\\/V_260505_001.jpg\"},{\"@type\":\"WebSite\",\"@id\":\"https:\\\/\\\/www.grelibre.net\\\/WP\\\/#website\",\"url\":\"https:\\\/\\\/www.grelibre.net\\\/WP\\\/\",\"name\":\"Grelibre.net\",\"description\":\"la Montagne dans tous ses \u00e9tats\",\"potentialAction\":[{\"@type\":\"SearchAction\",\"target\":{\"@type\":\"EntryPoint\",\"urlTemplate\":\"https:\\\/\\\/www.grelibre.net\\\/WP\\\/?s={search_term_string}\"},\"query-input\":{\"@type\":\"PropertyValueSpecification\",\"valueRequired\":true,\"valueName\":\"search_term_string\"}}],\"inLanguage\":\"fr-FR\"},{\"@type\":\"Person\",\"@id\":\"https:\\\/\\\/www.grelibre.net\\\/WP\\\/#\\\/schema\\\/person\\\/ad30d863c31be1a80dd44300962ef92e\",\"name\":\"Grelibre\",\"image\":{\"@type\":\"ImageObject\",\"inLanguage\":\"fr-FR\",\"@id\":\"https:\\\/\\\/secure.gravatar.com\\\/avatar\\\/58beb5dfb95390604f13a3474b88e7c3cccbd91d3d084e8a46fb51deed41ea4c?s=96&d=mm&r=g\",\"url\":\"https:\\\/\\\/secure.gravatar.com\\\/avatar\\\/58beb5dfb95390604f13a3474b88e7c3cccbd91d3d084e8a46fb51deed41ea4c?s=96&d=mm&r=g\",\"contentUrl\":\"https:\\\/\\\/secure.gravatar.com\\\/avatar\\\/58beb5dfb95390604f13a3474b88e7c3cccbd91d3d084e8a46fb51deed41ea4c?s=96&d=mm&r=g\",\"caption\":\"Grelibre\"},\"sameAs\":[\"http:\\\/\\\/wwww.grelibre.net\"],\"url\":\"https:\\\/\\\/www.grelibre.net\\\/WP\\\/author\\\/grelibreadmin\\\/\"}]}<\/script>\n<!-- \/ Yoast SEO plugin. -->","yoast_head_json":{"title":"Edito du 26 mai","description":"Beau et Chaud 3 ! Bonsoir, Aille ! Ca chauffe s\u00e9rieusement maintenant ! Nous avons d\u00e9pass\u00e9 les 32\u00b0C dans Grenoble aujourd'hui... Le ciel est rest\u00e9 presque","robots":{"index":"index","follow":"follow","max-snippet":"max-snippet:-1","max-image-preview":"max-image-preview:large","max-video-preview":"max-video-preview:-1"},"canonical":"https:\/\/www.grelibre.net\/WP\/2005\/05\/26\/edito-du-26-mai-3\/","og_locale":"fr_FR","og_type":"article","og_title":"Edito du 26 mai","og_description":"Beau et Chaud 3 ! Bonsoir, Aille ! Ca chauffe s\u00e9rieusement maintenant ! Nous avons d\u00e9pass\u00e9 les 32\u00b0C dans Grenoble aujourd'hui... Le ciel est rest\u00e9 presque","og_url":"https:\/\/www.grelibre.net\/WP\/2005\/05\/26\/edito-du-26-mai-3\/","og_site_name":"Grelibre.net","article_publisher":"https:\/\/www.facebook.com\/pages\/Grelibre\/127788767248442","article_published_time":"2005-05-26T14:26:28+00:00","article_modified_time":"2013-04-15T18:46:07+00:00","og_image":[{"url":"http:\/\/www.grelibre.net\/Images\/2005\/05\/V_260505_001.jpg","type":"","width":"","height":""}],"author":"Grelibre","twitter_misc":{"\u00c9crit par":"Grelibre","Dur\u00e9e de lecture estim\u00e9e":"1 minute"},"schema":{"@context":"https:\/\/schema.org","@graph":[{"@type":"Article","@id":"https:\/\/www.grelibre.net\/WP\/2005\/05\/26\/edito-du-26-mai-3\/#article","isPartOf":{"@id":"https:\/\/www.grelibre.net\/WP\/2005\/05\/26\/edito-du-26-mai-3\/"},"author":{"name":"Grelibre","@id":"https:\/\/www.grelibre.net\/WP\/#\/schema\/person\/ad30d863c31be1a80dd44300962ef92e"},"headline":"Edito du 26 mai","datePublished":"2005-05-26T14:26:28+00:00","dateModified":"2013-04-15T18:46:07+00:00","mainEntityOfPage":{"@id":"https:\/\/www.grelibre.net\/WP\/2005\/05\/26\/edito-du-26-mai-3\/"},"wordCount":243,"image":{"@id":"https:\/\/www.grelibre.net\/WP\/2005\/05\/26\/edito-du-26-mai-3\/#primaryimage"},"thumbnailUrl":"http:\/\/www.grelibre.net\/Images\/2005\/05\/V_260505_001.jpg","inLanguage":"fr-FR"},{"@type":"WebPage","@id":"https:\/\/www.grelibre.net\/WP\/2005\/05\/26\/edito-du-26-mai-3\/","url":"https:\/\/www.grelibre.net\/WP\/2005\/05\/26\/edito-du-26-mai-3\/","name":"Edito du 26 mai","isPartOf":{"@id":"https:\/\/www.grelibre.net\/WP\/#website"},"primaryImageOfPage":{"@id":"https:\/\/www.grelibre.net\/WP\/2005\/05\/26\/edito-du-26-mai-3\/#primaryimage"},"image":{"@id":"https:\/\/www.grelibre.net\/WP\/2005\/05\/26\/edito-du-26-mai-3\/#primaryimage"},"thumbnailUrl":"http:\/\/www.grelibre.net\/Images\/2005\/05\/V_260505_001.jpg","datePublished":"2005-05-26T14:26:28+00:00","dateModified":"2013-04-15T18:46:07+00:00","author":{"@id":"https:\/\/www.grelibre.net\/WP\/#\/schema\/person\/ad30d863c31be1a80dd44300962ef92e"},"description":"Beau et Chaud 3 ! Bonsoir, Aille ! Ca chauffe s\u00e9rieusement maintenant ! Nous avons d\u00e9pass\u00e9 les 32\u00b0C dans Grenoble aujourd'hui... Le ciel est rest\u00e9 presque","inLanguage":"fr-FR","potentialAction":[{"@type":"ReadAction","target":["https:\/\/www.grelibre.net\/WP\/2005\/05\/26\/edito-du-26-mai-3\/"]}]},{"@type":"ImageObject","inLanguage":"fr-FR","@id":"https:\/\/www.grelibre.net\/WP\/2005\/05\/26\/edito-du-26-mai-3\/#primaryimage","url":"http:\/\/www.grelibre.net\/Images\/2005\/05\/V_260505_001.jpg","contentUrl":"http:\/\/www.grelibre.net\/Images\/2005\/05\/V_260505_001.jpg"},{"@type":"WebSite","@id":"https:\/\/www.grelibre.net\/WP\/#website","url":"https:\/\/www.grelibre.net\/WP\/","name":"Grelibre.net","description":"la Montagne dans tous ses \u00e9tats","potentialAction":[{"@type":"SearchAction","target":{"@type":"EntryPoint","urlTemplate":"https:\/\/www.grelibre.net\/WP\/?s={search_term_string}"},"query-input":{"@type":"PropertyValueSpecification","valueRequired":true,"valueName":"search_term_string"}}],"inLanguage":"fr-FR"},{"@type":"Person","@id":"https:\/\/www.grelibre.net\/WP\/#\/schema\/person\/ad30d863c31be1a80dd44300962ef92e","name":"Grelibre","image":{"@type":"ImageObject","inLanguage":"fr-FR","@id":"https:\/\/secure.gravatar.com\/avatar\/58beb5dfb95390604f13a3474b88e7c3cccbd91d3d084e8a46fb51deed41ea4c?s=96&d=mm&r=g","url":"https:\/\/secure.gravatar.com\/avatar\/58beb5dfb95390604f13a3474b88e7c3cccbd91d3d084e8a46fb51deed41ea4c?s=96&d=mm&r=g","contentUrl":"https:\/\/secure.gravatar.com\/avatar\/58beb5dfb95390604f13a3474b88e7c3cccbd91d3d084e8a46fb51deed41ea4c?s=96&d=mm&r=g","caption":"Grelibre"},"sameAs":["http:\/\/wwww.grelibre.net"],"url":"https:\/\/www.grelibre.net\/WP\/author\/grelibreadmin\/"}]}},"_links":{"self":[{"href":"https:\/\/www.grelibre.net\/WP\/wp-json\/wp\/v2\/posts\/486","targetHints":{"allow":["GET"]}}],"collection":[{"href":"https:\/\/www.grelibre.net\/WP\/wp-json\/wp\/v2\/posts"}],"about":[{"href":"https:\/\/www.grelibre.net\/WP\/wp-json\/wp\/v2\/types\/post"}],"author":[{"embeddable":true,"href":"https:\/\/www.grelibre.net\/WP\/wp-json\/wp\/v2\/users\/2"}],"replies":[{"embeddable":true,"href":"https:\/\/www.grelibre.net\/WP\/wp-json\/wp\/v2\/comments?post=486"}],"version-history":[{"count":1,"href":"https:\/\/www.grelibre.net\/WP\/wp-json\/wp\/v2\/posts\/486\/revisions"}],"predecessor-version":[{"id":2086,"href":"https:\/\/www.grelibre.net\/WP\/wp-json\/wp\/v2\/posts\/486\/revisions\/2086"}],"wp:attachment":[{"href":"https:\/\/www.grelibre.net\/WP\/wp-json\/wp\/v2\/media?parent=486"}],"wp:term":[{"taxonomy":"category","embeddable":true,"href":"https:\/\/www.grelibre.net\/WP\/wp-json\/wp\/v2\/categories?post=486"},{"taxonomy":"post_tag","embeddable":true,"href":"https:\/\/www.grelibre.net\/WP\/wp-json\/wp\/v2\/tags?post=486"}],"curies":[{"name":"wp","href":"https:\/\/api.w.org\/{rel}","templated":true}]}}