{"id":481,"date":"2005-05-21T15:18:01","date_gmt":"2005-05-21T14:18:01","guid":{"rendered":"http:\/\/www.grelibre.net\/wordpress\/?p=481"},"modified":"2013-04-15T18:46:07","modified_gmt":"2013-04-15T18:46:07","slug":"edito-du-21-mai-3","status":"publish","type":"post","link":"https:\/\/www.grelibre.net\/WP\/2005\/05\/21\/edito-du-21-mai-3\/","title":{"rendered":"Edito du 21 mai"},"content":{"rendered":"<p>Orageux mais sans plus&#8230;<br \/>\nBonsoir,<\/p>\n<p>Le ciel \u00e9tait d\u00e9j\u00e0 un peu charg\u00e9 ce matin. Nous aurions pu croire \u00e0 un temps qui allait devenir rapidement orageux&#8230; Et non ! Il semble que les orages se cantonnent plus au nord de la r\u00e9gion. En effet, ayant \u00e9t\u00e9 dans un petit hameau au dessus d&rsquo;Allevard, j&rsquo;ai pu constater un d\u00e9but d&rsquo;orage ce matin du cot\u00e9 du Massif des Bauges. Toute la journ\u00e9e, de gros paquets nuageux tentaient de masquer d\u00e9finitivement le soleil mais en vain&#8230; Pas de pluie et pas d&rsquo;orage ! Surement encore plus au nord (Jura et Haute Savoie) A voir pour demain !<\/p>\n<p>Photo du jour : Le massif des Bauges (Grand Colombier et Dent d&rsquo;Arclusaz)<br \/>\n<img decoding=\"async\" src=\"http:\/\/www.grelibre.net\/WP\/wp-content\/plugins\/image-shadow\/cache\/2bad197158d4ce33b00745cfdfb98d1f.jpg\" \/><br \/>\nLe Granier&#8230;<br \/>\n<img decoding=\"async\" src=\"http:\/\/www.grelibre.net\/WP\/wp-content\/plugins\/image-shadow\/cache\/5b2148e8c4353e13a9ffbd27d1e8e334.jpg\" \/><\/p>\n<p>Les Grands Moulins (Massif de Belledonne<br \/>\n<img decoding=\"async\" src=\"http:\/\/www.grelibre.net\/WP\/wp-content\/plugins\/image-shadow\/cache\/75ef36aa1076805df221e019b8edf41e.jpg\" \/><\/p>\n<p>Info du jour :<br \/>\nLe Loup a aussi attaqu\u00e9 du gibier au dessus d&rsquo;Allevard !<\/p>\n<p>Commentaire du jour :<br \/>\nPourquoi ne pas trouver un juste milieu sur cette histoire du Loup ?<br \/>\nLe prot\u00e9ger c&rsquo;est bien mais s&rsquo;il y a danger ?!<\/p>\n<p>La suite ? Temps surement plus orageux demain, dimanche, avec un risque d&rsquo;averse plus \u00e9vident au Nord de notre r\u00e9gion. Ensuite, rien de tr\u00e8s dramatique puisque le beau temps et la chaleur devrait rapidement revenir !! A suivre&#8230;<\/p>\n","protected":false},"excerpt":{"rendered":"<p>Orageux mais sans plus&#8230; Bonsoir, Le ciel \u00e9tait d\u00e9j\u00e0 un peu charg\u00e9 ce matin. Nous aurions pu croire \u00e0 un temps qui allait devenir rapidement orageux&#8230; Et non ! Il semble que les orages se cantonnent plus au nord de la r\u00e9gion. En effet, ayant \u00e9t\u00e9 dans un petit hameau au dessus d&rsquo;Allevard, j&rsquo;ai pu&hellip;<\/p>\n<p class=\"more\"><a class=\"more-link\" href=\"https:\/\/www.grelibre.net\/WP\/2005\/05\/21\/edito-du-21-mai-3\/\">Continue reading <span class=\"screen-reader-text\">Edito du 21 mai<\/span><\/a><\/p>\n","protected":false},"author":2,"featured_media":0,"comment_status":"closed","ping_status":"closed","sticky":false,"template":"","format":"standard","meta":{"footnotes":""},"categories":[1],"tags":[],"class_list":["post-481","post","type-post","status-publish","format-standard","hentry","category-non-classe","entry"],"yoast_head":"<!-- This site is optimized with the Yoast SEO plugin v27.5 - https:\/\/yoast.com\/product\/yoast-seo-wordpress\/ -->\n<title>Edito du 21 mai<\/title>\n<meta name=\"description\" content=\"Orageux mais sans plus... Bonsoir, Le ciel \u00e9tait d\u00e9j\u00e0 un peu charg\u00e9 ce matin. Nous aurions pu croire \u00e0 un temps qui allait devenir rapidement orageux...\" \/>\n<meta name=\"robots\" content=\"index, follow, max-snippet:-1, max-image-preview:large, max-video-preview:-1\" \/>\n<link rel=\"canonical\" href=\"https:\/\/www.grelibre.net\/WP\/2005\/05\/21\/edito-du-21-mai-3\/\" \/>\n<meta property=\"og:locale\" content=\"fr_FR\" \/>\n<meta property=\"og:type\" content=\"article\" \/>\n<meta property=\"og:title\" content=\"Edito du 21 mai\" \/>\n<meta property=\"og:description\" content=\"Orageux mais sans plus... Bonsoir, Le ciel \u00e9tait d\u00e9j\u00e0 un peu charg\u00e9 ce matin. Nous aurions pu croire \u00e0 un temps qui allait devenir rapidement orageux...\" \/>\n<meta property=\"og:url\" content=\"https:\/\/www.grelibre.net\/WP\/2005\/05\/21\/edito-du-21-mai-3\/\" \/>\n<meta property=\"og:site_name\" content=\"Grelibre.net\" \/>\n<meta property=\"article:publisher\" content=\"https:\/\/www.facebook.com\/pages\/Grelibre\/127788767248442\" \/>\n<meta property=\"article:published_time\" content=\"2005-05-21T14:18:01+00:00\" \/>\n<meta property=\"article:modified_time\" content=\"2013-04-15T18:46:07+00:00\" \/>\n<meta property=\"og:image\" content=\"http:\/\/www.grelibre.net\/Images\/2005\/05\/Bauge_210505_001.jpg\" \/>\n<meta name=\"author\" content=\"Grelibre\" \/>\n<meta name=\"twitter:label1\" content=\"\u00c9crit par\" \/>\n\t<meta name=\"twitter:data1\" content=\"Grelibre\" \/>\n\t<meta name=\"twitter:label2\" content=\"Dur\u00e9e de lecture estim\u00e9e\" \/>\n\t<meta name=\"twitter:data2\" content=\"1 minute\" \/>\n<script type=\"application\/ld+json\" class=\"yoast-schema-graph\">{\"@context\":\"https:\\\/\\\/schema.org\",\"@graph\":[{\"@type\":\"Article\",\"@id\":\"https:\\\/\\\/www.grelibre.net\\\/WP\\\/2005\\\/05\\\/21\\\/edito-du-21-mai-3\\\/#article\",\"isPartOf\":{\"@id\":\"https:\\\/\\\/www.grelibre.net\\\/WP\\\/2005\\\/05\\\/21\\\/edito-du-21-mai-3\\\/\"},\"author\":{\"name\":\"Grelibre\",\"@id\":\"https:\\\/\\\/www.grelibre.net\\\/WP\\\/#\\\/schema\\\/person\\\/ad30d863c31be1a80dd44300962ef92e\"},\"headline\":\"Edito du 21 mai\",\"datePublished\":\"2005-05-21T14:18:01+00:00\",\"dateModified\":\"2013-04-15T18:46:07+00:00\",\"mainEntityOfPage\":{\"@id\":\"https:\\\/\\\/www.grelibre.net\\\/WP\\\/2005\\\/05\\\/21\\\/edito-du-21-mai-3\\\/\"},\"wordCount\":204,\"image\":{\"@id\":\"https:\\\/\\\/www.grelibre.net\\\/WP\\\/2005\\\/05\\\/21\\\/edito-du-21-mai-3\\\/#primaryimage\"},\"thumbnailUrl\":\"http:\\\/\\\/www.grelibre.net\\\/Images\\\/2005\\\/05\\\/Bauge_210505_001.jpg\",\"inLanguage\":\"fr-FR\"},{\"@type\":\"WebPage\",\"@id\":\"https:\\\/\\\/www.grelibre.net\\\/WP\\\/2005\\\/05\\\/21\\\/edito-du-21-mai-3\\\/\",\"url\":\"https:\\\/\\\/www.grelibre.net\\\/WP\\\/2005\\\/05\\\/21\\\/edito-du-21-mai-3\\\/\",\"name\":\"Edito du 21 mai\",\"isPartOf\":{\"@id\":\"https:\\\/\\\/www.grelibre.net\\\/WP\\\/#website\"},\"primaryImageOfPage\":{\"@id\":\"https:\\\/\\\/www.grelibre.net\\\/WP\\\/2005\\\/05\\\/21\\\/edito-du-21-mai-3\\\/#primaryimage\"},\"image\":{\"@id\":\"https:\\\/\\\/www.grelibre.net\\\/WP\\\/2005\\\/05\\\/21\\\/edito-du-21-mai-3\\\/#primaryimage\"},\"thumbnailUrl\":\"http:\\\/\\\/www.grelibre.net\\\/Images\\\/2005\\\/05\\\/Bauge_210505_001.jpg\",\"datePublished\":\"2005-05-21T14:18:01+00:00\",\"dateModified\":\"2013-04-15T18:46:07+00:00\",\"author\":{\"@id\":\"https:\\\/\\\/www.grelibre.net\\\/WP\\\/#\\\/schema\\\/person\\\/ad30d863c31be1a80dd44300962ef92e\"},\"description\":\"Orageux mais sans plus... Bonsoir, Le ciel \u00e9tait d\u00e9j\u00e0 un peu charg\u00e9 ce matin. Nous aurions pu croire \u00e0 un temps qui allait devenir rapidement orageux...\",\"inLanguage\":\"fr-FR\",\"potentialAction\":[{\"@type\":\"ReadAction\",\"target\":[\"https:\\\/\\\/www.grelibre.net\\\/WP\\\/2005\\\/05\\\/21\\\/edito-du-21-mai-3\\\/\"]}]},{\"@type\":\"ImageObject\",\"inLanguage\":\"fr-FR\",\"@id\":\"https:\\\/\\\/www.grelibre.net\\\/WP\\\/2005\\\/05\\\/21\\\/edito-du-21-mai-3\\\/#primaryimage\",\"url\":\"http:\\\/\\\/www.grelibre.net\\\/Images\\\/2005\\\/05\\\/Bauge_210505_001.jpg\",\"contentUrl\":\"http:\\\/\\\/www.grelibre.net\\\/Images\\\/2005\\\/05\\\/Bauge_210505_001.jpg\"},{\"@type\":\"WebSite\",\"@id\":\"https:\\\/\\\/www.grelibre.net\\\/WP\\\/#website\",\"url\":\"https:\\\/\\\/www.grelibre.net\\\/WP\\\/\",\"name\":\"Grelibre.net\",\"description\":\"la Montagne dans tous ses \u00e9tats\",\"potentialAction\":[{\"@type\":\"SearchAction\",\"target\":{\"@type\":\"EntryPoint\",\"urlTemplate\":\"https:\\\/\\\/www.grelibre.net\\\/WP\\\/?s={search_term_string}\"},\"query-input\":{\"@type\":\"PropertyValueSpecification\",\"valueRequired\":true,\"valueName\":\"search_term_string\"}}],\"inLanguage\":\"fr-FR\"},{\"@type\":\"Person\",\"@id\":\"https:\\\/\\\/www.grelibre.net\\\/WP\\\/#\\\/schema\\\/person\\\/ad30d863c31be1a80dd44300962ef92e\",\"name\":\"Grelibre\",\"image\":{\"@type\":\"ImageObject\",\"inLanguage\":\"fr-FR\",\"@id\":\"https:\\\/\\\/secure.gravatar.com\\\/avatar\\\/58beb5dfb95390604f13a3474b88e7c3cccbd91d3d084e8a46fb51deed41ea4c?s=96&d=mm&r=g\",\"url\":\"https:\\\/\\\/secure.gravatar.com\\\/avatar\\\/58beb5dfb95390604f13a3474b88e7c3cccbd91d3d084e8a46fb51deed41ea4c?s=96&d=mm&r=g\",\"contentUrl\":\"https:\\\/\\\/secure.gravatar.com\\\/avatar\\\/58beb5dfb95390604f13a3474b88e7c3cccbd91d3d084e8a46fb51deed41ea4c?s=96&d=mm&r=g\",\"caption\":\"Grelibre\"},\"sameAs\":[\"http:\\\/\\\/wwww.grelibre.net\"],\"url\":\"https:\\\/\\\/www.grelibre.net\\\/WP\\\/author\\\/grelibreadmin\\\/\"}]}<\/script>\n<!-- \/ Yoast SEO plugin. -->","yoast_head_json":{"title":"Edito du 21 mai","description":"Orageux mais sans plus... Bonsoir, Le ciel \u00e9tait d\u00e9j\u00e0 un peu charg\u00e9 ce matin. Nous aurions pu croire \u00e0 un temps qui allait devenir rapidement orageux...","robots":{"index":"index","follow":"follow","max-snippet":"max-snippet:-1","max-image-preview":"max-image-preview:large","max-video-preview":"max-video-preview:-1"},"canonical":"https:\/\/www.grelibre.net\/WP\/2005\/05\/21\/edito-du-21-mai-3\/","og_locale":"fr_FR","og_type":"article","og_title":"Edito du 21 mai","og_description":"Orageux mais sans plus... Bonsoir, Le ciel \u00e9tait d\u00e9j\u00e0 un peu charg\u00e9 ce matin. Nous aurions pu croire \u00e0 un temps qui allait devenir rapidement orageux...","og_url":"https:\/\/www.grelibre.net\/WP\/2005\/05\/21\/edito-du-21-mai-3\/","og_site_name":"Grelibre.net","article_publisher":"https:\/\/www.facebook.com\/pages\/Grelibre\/127788767248442","article_published_time":"2005-05-21T14:18:01+00:00","article_modified_time":"2013-04-15T18:46:07+00:00","og_image":[{"url":"http:\/\/www.grelibre.net\/Images\/2005\/05\/Bauge_210505_001.jpg","type":"","width":"","height":""}],"author":"Grelibre","twitter_misc":{"\u00c9crit par":"Grelibre","Dur\u00e9e de lecture estim\u00e9e":"1 minute"},"schema":{"@context":"https:\/\/schema.org","@graph":[{"@type":"Article","@id":"https:\/\/www.grelibre.net\/WP\/2005\/05\/21\/edito-du-21-mai-3\/#article","isPartOf":{"@id":"https:\/\/www.grelibre.net\/WP\/2005\/05\/21\/edito-du-21-mai-3\/"},"author":{"name":"Grelibre","@id":"https:\/\/www.grelibre.net\/WP\/#\/schema\/person\/ad30d863c31be1a80dd44300962ef92e"},"headline":"Edito du 21 mai","datePublished":"2005-05-21T14:18:01+00:00","dateModified":"2013-04-15T18:46:07+00:00","mainEntityOfPage":{"@id":"https:\/\/www.grelibre.net\/WP\/2005\/05\/21\/edito-du-21-mai-3\/"},"wordCount":204,"image":{"@id":"https:\/\/www.grelibre.net\/WP\/2005\/05\/21\/edito-du-21-mai-3\/#primaryimage"},"thumbnailUrl":"http:\/\/www.grelibre.net\/Images\/2005\/05\/Bauge_210505_001.jpg","inLanguage":"fr-FR"},{"@type":"WebPage","@id":"https:\/\/www.grelibre.net\/WP\/2005\/05\/21\/edito-du-21-mai-3\/","url":"https:\/\/www.grelibre.net\/WP\/2005\/05\/21\/edito-du-21-mai-3\/","name":"Edito du 21 mai","isPartOf":{"@id":"https:\/\/www.grelibre.net\/WP\/#website"},"primaryImageOfPage":{"@id":"https:\/\/www.grelibre.net\/WP\/2005\/05\/21\/edito-du-21-mai-3\/#primaryimage"},"image":{"@id":"https:\/\/www.grelibre.net\/WP\/2005\/05\/21\/edito-du-21-mai-3\/#primaryimage"},"thumbnailUrl":"http:\/\/www.grelibre.net\/Images\/2005\/05\/Bauge_210505_001.jpg","datePublished":"2005-05-21T14:18:01+00:00","dateModified":"2013-04-15T18:46:07+00:00","author":{"@id":"https:\/\/www.grelibre.net\/WP\/#\/schema\/person\/ad30d863c31be1a80dd44300962ef92e"},"description":"Orageux mais sans plus... Bonsoir, Le ciel \u00e9tait d\u00e9j\u00e0 un peu charg\u00e9 ce matin. Nous aurions pu croire \u00e0 un temps qui allait devenir rapidement orageux...","inLanguage":"fr-FR","potentialAction":[{"@type":"ReadAction","target":["https:\/\/www.grelibre.net\/WP\/2005\/05\/21\/edito-du-21-mai-3\/"]}]},{"@type":"ImageObject","inLanguage":"fr-FR","@id":"https:\/\/www.grelibre.net\/WP\/2005\/05\/21\/edito-du-21-mai-3\/#primaryimage","url":"http:\/\/www.grelibre.net\/Images\/2005\/05\/Bauge_210505_001.jpg","contentUrl":"http:\/\/www.grelibre.net\/Images\/2005\/05\/Bauge_210505_001.jpg"},{"@type":"WebSite","@id":"https:\/\/www.grelibre.net\/WP\/#website","url":"https:\/\/www.grelibre.net\/WP\/","name":"Grelibre.net","description":"la Montagne dans tous ses \u00e9tats","potentialAction":[{"@type":"SearchAction","target":{"@type":"EntryPoint","urlTemplate":"https:\/\/www.grelibre.net\/WP\/?s={search_term_string}"},"query-input":{"@type":"PropertyValueSpecification","valueRequired":true,"valueName":"search_term_string"}}],"inLanguage":"fr-FR"},{"@type":"Person","@id":"https:\/\/www.grelibre.net\/WP\/#\/schema\/person\/ad30d863c31be1a80dd44300962ef92e","name":"Grelibre","image":{"@type":"ImageObject","inLanguage":"fr-FR","@id":"https:\/\/secure.gravatar.com\/avatar\/58beb5dfb95390604f13a3474b88e7c3cccbd91d3d084e8a46fb51deed41ea4c?s=96&d=mm&r=g","url":"https:\/\/secure.gravatar.com\/avatar\/58beb5dfb95390604f13a3474b88e7c3cccbd91d3d084e8a46fb51deed41ea4c?s=96&d=mm&r=g","contentUrl":"https:\/\/secure.gravatar.com\/avatar\/58beb5dfb95390604f13a3474b88e7c3cccbd91d3d084e8a46fb51deed41ea4c?s=96&d=mm&r=g","caption":"Grelibre"},"sameAs":["http:\/\/wwww.grelibre.net"],"url":"https:\/\/www.grelibre.net\/WP\/author\/grelibreadmin\/"}]}},"_links":{"self":[{"href":"https:\/\/www.grelibre.net\/WP\/wp-json\/wp\/v2\/posts\/481","targetHints":{"allow":["GET"]}}],"collection":[{"href":"https:\/\/www.grelibre.net\/WP\/wp-json\/wp\/v2\/posts"}],"about":[{"href":"https:\/\/www.grelibre.net\/WP\/wp-json\/wp\/v2\/types\/post"}],"author":[{"embeddable":true,"href":"https:\/\/www.grelibre.net\/WP\/wp-json\/wp\/v2\/users\/2"}],"replies":[{"embeddable":true,"href":"https:\/\/www.grelibre.net\/WP\/wp-json\/wp\/v2\/comments?post=481"}],"version-history":[{"count":1,"href":"https:\/\/www.grelibre.net\/WP\/wp-json\/wp\/v2\/posts\/481\/revisions"}],"predecessor-version":[{"id":2091,"href":"https:\/\/www.grelibre.net\/WP\/wp-json\/wp\/v2\/posts\/481\/revisions\/2091"}],"wp:attachment":[{"href":"https:\/\/www.grelibre.net\/WP\/wp-json\/wp\/v2\/media?parent=481"}],"wp:term":[{"taxonomy":"category","embeddable":true,"href":"https:\/\/www.grelibre.net\/WP\/wp-json\/wp\/v2\/categories?post=481"},{"taxonomy":"post_tag","embeddable":true,"href":"https:\/\/www.grelibre.net\/WP\/wp-json\/wp\/v2\/tags?post=481"}],"curies":[{"name":"wp","href":"https:\/\/api.w.org\/{rel}","templated":true}]}}