{"id":480,"date":"2005-05-20T15:11:38","date_gmt":"2005-05-20T14:11:38","guid":{"rendered":"http:\/\/www.grelibre.net\/wordpress\/?p=480"},"modified":"2013-04-15T18:46:07","modified_gmt":"2013-04-15T18:46:07","slug":"edito-du-20-mai-2","status":"publish","type":"post","link":"https:\/\/www.grelibre.net\/WP\/2005\/05\/20\/edito-du-20-mai-2\/","title":{"rendered":"Edito du 20 mai"},"content":{"rendered":"<p>Sensationnel&#8230;<br \/>\nBonsoir,<\/p>\n<p>Ayant une journ\u00e9e de cong\u00e9, je souhaitais faire une super rando dans Belledonne. Mais en voyant Belledonne toute blanche pour une mi-mai, j&rsquo;ai pr\u00e9f\u00e9r\u00e9 aller faire le Tabor (2400m) au-dessus de la Mure.<br \/>\nAujourd&rsquo;hui, ce fut une superbe journ\u00e9e sur Grenoble et pour tout le massif Alpin d&rsquo;ailleurs ! Le fait marquant de la journ\u00e9e est bien s\u00fbr la temp\u00e9rature qui est grimp\u00e9e encore un peu plus haut, approchant et d\u00e9passant certainement les 30\u00b0C dans Grenoble !<br \/>\nLe ciel \u00e9tait totalement d\u00e9gag\u00e9 aujourd&rsquo;hui et la luminosit\u00e9 assez bonne m\u00eame si un voile nuageux s&rsquo;est install\u00e9 en fin d&rsquo;apr\u00e8s midi au dessus des massifs.<\/p>\n<p>Photo du jour : Lever de soleil sur le Moucherotte<br \/>\n<img decoding=\"async\" src=\"http:\/\/www.grelibre.net\/WP\/wp-content\/plugins\/image-shadow\/cache\/0e4e64d6d04eae94b3dd805e3a539299.jpg\" \/><\/p>\n<p>Revenons sur cete balade. En altitude, la temp\u00e9rature certes plus basse, nous permettait de respirer surement mieux qu&rsquo;\u00e0 Grenoble ! Le fait marquant de cette balade, est la quantit\u00e9 de neige qu&rsquo;il reste encore d\u00e8s 1800m ! Des cong\u00e8res de plusieurs m\u00e8tres de haut (voir photo) rappellent la bonne saison de neige que nous avons eu. D\u00e8s 2200m, on pouvait remarquer une couche de neige d&rsquo;environ 5cm certainement tomb\u00e9e mercredi ! D&rsquo;ailleurs, il y avait encore des petits sapins couvert de neige et du givre sur les rochers du sommet. On peut deviner le coup de froid qu&rsquo;il y a eu mercredi ! Tout ceci explique pourquoi les massifs au dessus de 2200m sont si blancs pour un mi-mai !<\/p>\n<p>Cong\u00e8re de plusieurs m\u00e8tres !<br \/>\n<img decoding=\"async\" src=\"http:\/\/www.grelibre.net\/WP\/wp-content\/plugins\/image-shadow\/cache\/1cbe55b1b129ba1e06ba176181bb1676.jpg\" \/><\/p>\n<p>Info du jour :<br \/>\nPas d&rsquo;Info du jour&#8230;<\/p>\n<p>Commentaire du jour :<br \/>\nSaint Honor\u00e9 1500m, belle station ! N&rsquo;a t-elle pas \u00e9t\u00e9 rachet\u00e9e ?<\/p>\n<p>La suite ? Temps beau encore samedi m\u00eame si des d\u00e9veloppements orageux apparaissent dans la journ\u00e9e. Temp\u00e9rature encore chaude. Dimanche, \u00e7a devrait se gater et pour deux ou trois jours&#8230; A suivre&#8230;<\/p>\n","protected":false},"excerpt":{"rendered":"<p>Sensationnel&#8230; Bonsoir, Ayant une journ\u00e9e de cong\u00e9, je souhaitais faire une super rando dans Belledonne. Mais en voyant Belledonne toute blanche pour une mi-mai, j&rsquo;ai pr\u00e9f\u00e9r\u00e9 aller faire le Tabor (2400m) au-dessus de la Mure. Aujourd&rsquo;hui, ce fut une superbe journ\u00e9e sur Grenoble et pour tout le massif Alpin d&rsquo;ailleurs ! Le fait marquant de&hellip;<\/p>\n<p class=\"more\"><a class=\"more-link\" href=\"https:\/\/www.grelibre.net\/WP\/2005\/05\/20\/edito-du-20-mai-2\/\">Continue reading <span class=\"screen-reader-text\">Edito du 20 mai<\/span><\/a><\/p>\n","protected":false},"author":2,"featured_media":0,"comment_status":"closed","ping_status":"closed","sticky":false,"template":"","format":"standard","meta":{"footnotes":""},"categories":[1],"tags":[],"class_list":["post-480","post","type-post","status-publish","format-standard","hentry","category-non-classe","entry"],"yoast_head":"<!-- This site is optimized with the Yoast SEO plugin v27.5 - https:\/\/yoast.com\/product\/yoast-seo-wordpress\/ -->\n<title>Edito du 20 mai<\/title>\n<meta name=\"description\" content=\"Sensationnel... Bonsoir, Ayant une journ\u00e9e de cong\u00e9, je souhaitais faire une super rando dans Belledonne. Mais en voyant Belledonne toute blanche pour une\" \/>\n<meta name=\"robots\" content=\"index, follow, max-snippet:-1, max-image-preview:large, max-video-preview:-1\" \/>\n<link rel=\"canonical\" href=\"https:\/\/www.grelibre.net\/WP\/2005\/05\/20\/edito-du-20-mai-2\/\" \/>\n<meta property=\"og:locale\" content=\"fr_FR\" \/>\n<meta property=\"og:type\" content=\"article\" \/>\n<meta property=\"og:title\" content=\"Edito du 20 mai\" \/>\n<meta property=\"og:description\" content=\"Sensationnel... Bonsoir, Ayant une journ\u00e9e de cong\u00e9, je souhaitais faire une super rando dans Belledonne. Mais en voyant Belledonne toute blanche pour une\" \/>\n<meta property=\"og:url\" content=\"https:\/\/www.grelibre.net\/WP\/2005\/05\/20\/edito-du-20-mai-2\/\" \/>\n<meta property=\"og:site_name\" content=\"Grelibre.net\" \/>\n<meta property=\"article:publisher\" content=\"https:\/\/www.facebook.com\/pages\/Grelibre\/127788767248442\" \/>\n<meta property=\"article:published_time\" content=\"2005-05-20T14:11:38+00:00\" \/>\n<meta property=\"article:modified_time\" content=\"2013-04-15T18:46:07+00:00\" \/>\n<meta property=\"og:image\" content=\"http:\/\/www.grelibre.net\/Images\/2005\/05\/V_200505_001.jpg\" \/>\n<meta name=\"author\" content=\"Grelibre\" \/>\n<meta name=\"twitter:label1\" content=\"\u00c9crit par\" \/>\n\t<meta name=\"twitter:data1\" content=\"Grelibre\" \/>\n\t<meta name=\"twitter:label2\" content=\"Dur\u00e9e de lecture estim\u00e9e\" \/>\n\t<meta name=\"twitter:data2\" content=\"2 minutes\" \/>\n<script type=\"application\/ld+json\" class=\"yoast-schema-graph\">{\"@context\":\"https:\\\/\\\/schema.org\",\"@graph\":[{\"@type\":\"Article\",\"@id\":\"https:\\\/\\\/www.grelibre.net\\\/WP\\\/2005\\\/05\\\/20\\\/edito-du-20-mai-2\\\/#article\",\"isPartOf\":{\"@id\":\"https:\\\/\\\/www.grelibre.net\\\/WP\\\/2005\\\/05\\\/20\\\/edito-du-20-mai-2\\\/\"},\"author\":{\"name\":\"Grelibre\",\"@id\":\"https:\\\/\\\/www.grelibre.net\\\/WP\\\/#\\\/schema\\\/person\\\/ad30d863c31be1a80dd44300962ef92e\"},\"headline\":\"Edito du 20 mai\",\"datePublished\":\"2005-05-20T14:11:38+00:00\",\"dateModified\":\"2013-04-15T18:46:07+00:00\",\"mainEntityOfPage\":{\"@id\":\"https:\\\/\\\/www.grelibre.net\\\/WP\\\/2005\\\/05\\\/20\\\/edito-du-20-mai-2\\\/\"},\"wordCount\":310,\"image\":{\"@id\":\"https:\\\/\\\/www.grelibre.net\\\/WP\\\/2005\\\/05\\\/20\\\/edito-du-20-mai-2\\\/#primaryimage\"},\"thumbnailUrl\":\"http:\\\/\\\/www.grelibre.net\\\/Images\\\/2005\\\/05\\\/V_200505_001.jpg\",\"inLanguage\":\"fr-FR\"},{\"@type\":\"WebPage\",\"@id\":\"https:\\\/\\\/www.grelibre.net\\\/WP\\\/2005\\\/05\\\/20\\\/edito-du-20-mai-2\\\/\",\"url\":\"https:\\\/\\\/www.grelibre.net\\\/WP\\\/2005\\\/05\\\/20\\\/edito-du-20-mai-2\\\/\",\"name\":\"Edito du 20 mai\",\"isPartOf\":{\"@id\":\"https:\\\/\\\/www.grelibre.net\\\/WP\\\/#website\"},\"primaryImageOfPage\":{\"@id\":\"https:\\\/\\\/www.grelibre.net\\\/WP\\\/2005\\\/05\\\/20\\\/edito-du-20-mai-2\\\/#primaryimage\"},\"image\":{\"@id\":\"https:\\\/\\\/www.grelibre.net\\\/WP\\\/2005\\\/05\\\/20\\\/edito-du-20-mai-2\\\/#primaryimage\"},\"thumbnailUrl\":\"http:\\\/\\\/www.grelibre.net\\\/Images\\\/2005\\\/05\\\/V_200505_001.jpg\",\"datePublished\":\"2005-05-20T14:11:38+00:00\",\"dateModified\":\"2013-04-15T18:46:07+00:00\",\"author\":{\"@id\":\"https:\\\/\\\/www.grelibre.net\\\/WP\\\/#\\\/schema\\\/person\\\/ad30d863c31be1a80dd44300962ef92e\"},\"description\":\"Sensationnel... Bonsoir, Ayant une journ\u00e9e de cong\u00e9, je souhaitais faire une super rando dans Belledonne. Mais en voyant Belledonne toute blanche pour une\",\"inLanguage\":\"fr-FR\",\"potentialAction\":[{\"@type\":\"ReadAction\",\"target\":[\"https:\\\/\\\/www.grelibre.net\\\/WP\\\/2005\\\/05\\\/20\\\/edito-du-20-mai-2\\\/\"]}]},{\"@type\":\"ImageObject\",\"inLanguage\":\"fr-FR\",\"@id\":\"https:\\\/\\\/www.grelibre.net\\\/WP\\\/2005\\\/05\\\/20\\\/edito-du-20-mai-2\\\/#primaryimage\",\"url\":\"http:\\\/\\\/www.grelibre.net\\\/Images\\\/2005\\\/05\\\/V_200505_001.jpg\",\"contentUrl\":\"http:\\\/\\\/www.grelibre.net\\\/Images\\\/2005\\\/05\\\/V_200505_001.jpg\"},{\"@type\":\"WebSite\",\"@id\":\"https:\\\/\\\/www.grelibre.net\\\/WP\\\/#website\",\"url\":\"https:\\\/\\\/www.grelibre.net\\\/WP\\\/\",\"name\":\"Grelibre.net\",\"description\":\"la Montagne dans tous ses \u00e9tats\",\"potentialAction\":[{\"@type\":\"SearchAction\",\"target\":{\"@type\":\"EntryPoint\",\"urlTemplate\":\"https:\\\/\\\/www.grelibre.net\\\/WP\\\/?s={search_term_string}\"},\"query-input\":{\"@type\":\"PropertyValueSpecification\",\"valueRequired\":true,\"valueName\":\"search_term_string\"}}],\"inLanguage\":\"fr-FR\"},{\"@type\":\"Person\",\"@id\":\"https:\\\/\\\/www.grelibre.net\\\/WP\\\/#\\\/schema\\\/person\\\/ad30d863c31be1a80dd44300962ef92e\",\"name\":\"Grelibre\",\"image\":{\"@type\":\"ImageObject\",\"inLanguage\":\"fr-FR\",\"@id\":\"https:\\\/\\\/secure.gravatar.com\\\/avatar\\\/58beb5dfb95390604f13a3474b88e7c3cccbd91d3d084e8a46fb51deed41ea4c?s=96&d=mm&r=g\",\"url\":\"https:\\\/\\\/secure.gravatar.com\\\/avatar\\\/58beb5dfb95390604f13a3474b88e7c3cccbd91d3d084e8a46fb51deed41ea4c?s=96&d=mm&r=g\",\"contentUrl\":\"https:\\\/\\\/secure.gravatar.com\\\/avatar\\\/58beb5dfb95390604f13a3474b88e7c3cccbd91d3d084e8a46fb51deed41ea4c?s=96&d=mm&r=g\",\"caption\":\"Grelibre\"},\"sameAs\":[\"http:\\\/\\\/wwww.grelibre.net\"],\"url\":\"https:\\\/\\\/www.grelibre.net\\\/WP\\\/author\\\/grelibreadmin\\\/\"}]}<\/script>\n<!-- \/ Yoast SEO plugin. -->","yoast_head_json":{"title":"Edito du 20 mai","description":"Sensationnel... Bonsoir, Ayant une journ\u00e9e de cong\u00e9, je souhaitais faire une super rando dans Belledonne. Mais en voyant Belledonne toute blanche pour une","robots":{"index":"index","follow":"follow","max-snippet":"max-snippet:-1","max-image-preview":"max-image-preview:large","max-video-preview":"max-video-preview:-1"},"canonical":"https:\/\/www.grelibre.net\/WP\/2005\/05\/20\/edito-du-20-mai-2\/","og_locale":"fr_FR","og_type":"article","og_title":"Edito du 20 mai","og_description":"Sensationnel... Bonsoir, Ayant une journ\u00e9e de cong\u00e9, je souhaitais faire une super rando dans Belledonne. Mais en voyant Belledonne toute blanche pour une","og_url":"https:\/\/www.grelibre.net\/WP\/2005\/05\/20\/edito-du-20-mai-2\/","og_site_name":"Grelibre.net","article_publisher":"https:\/\/www.facebook.com\/pages\/Grelibre\/127788767248442","article_published_time":"2005-05-20T14:11:38+00:00","article_modified_time":"2013-04-15T18:46:07+00:00","og_image":[{"url":"http:\/\/www.grelibre.net\/Images\/2005\/05\/V_200505_001.jpg","type":"","width":"","height":""}],"author":"Grelibre","twitter_misc":{"\u00c9crit par":"Grelibre","Dur\u00e9e de lecture estim\u00e9e":"2 minutes"},"schema":{"@context":"https:\/\/schema.org","@graph":[{"@type":"Article","@id":"https:\/\/www.grelibre.net\/WP\/2005\/05\/20\/edito-du-20-mai-2\/#article","isPartOf":{"@id":"https:\/\/www.grelibre.net\/WP\/2005\/05\/20\/edito-du-20-mai-2\/"},"author":{"name":"Grelibre","@id":"https:\/\/www.grelibre.net\/WP\/#\/schema\/person\/ad30d863c31be1a80dd44300962ef92e"},"headline":"Edito du 20 mai","datePublished":"2005-05-20T14:11:38+00:00","dateModified":"2013-04-15T18:46:07+00:00","mainEntityOfPage":{"@id":"https:\/\/www.grelibre.net\/WP\/2005\/05\/20\/edito-du-20-mai-2\/"},"wordCount":310,"image":{"@id":"https:\/\/www.grelibre.net\/WP\/2005\/05\/20\/edito-du-20-mai-2\/#primaryimage"},"thumbnailUrl":"http:\/\/www.grelibre.net\/Images\/2005\/05\/V_200505_001.jpg","inLanguage":"fr-FR"},{"@type":"WebPage","@id":"https:\/\/www.grelibre.net\/WP\/2005\/05\/20\/edito-du-20-mai-2\/","url":"https:\/\/www.grelibre.net\/WP\/2005\/05\/20\/edito-du-20-mai-2\/","name":"Edito du 20 mai","isPartOf":{"@id":"https:\/\/www.grelibre.net\/WP\/#website"},"primaryImageOfPage":{"@id":"https:\/\/www.grelibre.net\/WP\/2005\/05\/20\/edito-du-20-mai-2\/#primaryimage"},"image":{"@id":"https:\/\/www.grelibre.net\/WP\/2005\/05\/20\/edito-du-20-mai-2\/#primaryimage"},"thumbnailUrl":"http:\/\/www.grelibre.net\/Images\/2005\/05\/V_200505_001.jpg","datePublished":"2005-05-20T14:11:38+00:00","dateModified":"2013-04-15T18:46:07+00:00","author":{"@id":"https:\/\/www.grelibre.net\/WP\/#\/schema\/person\/ad30d863c31be1a80dd44300962ef92e"},"description":"Sensationnel... Bonsoir, Ayant une journ\u00e9e de cong\u00e9, je souhaitais faire une super rando dans Belledonne. Mais en voyant Belledonne toute blanche pour une","inLanguage":"fr-FR","potentialAction":[{"@type":"ReadAction","target":["https:\/\/www.grelibre.net\/WP\/2005\/05\/20\/edito-du-20-mai-2\/"]}]},{"@type":"ImageObject","inLanguage":"fr-FR","@id":"https:\/\/www.grelibre.net\/WP\/2005\/05\/20\/edito-du-20-mai-2\/#primaryimage","url":"http:\/\/www.grelibre.net\/Images\/2005\/05\/V_200505_001.jpg","contentUrl":"http:\/\/www.grelibre.net\/Images\/2005\/05\/V_200505_001.jpg"},{"@type":"WebSite","@id":"https:\/\/www.grelibre.net\/WP\/#website","url":"https:\/\/www.grelibre.net\/WP\/","name":"Grelibre.net","description":"la Montagne dans tous ses \u00e9tats","potentialAction":[{"@type":"SearchAction","target":{"@type":"EntryPoint","urlTemplate":"https:\/\/www.grelibre.net\/WP\/?s={search_term_string}"},"query-input":{"@type":"PropertyValueSpecification","valueRequired":true,"valueName":"search_term_string"}}],"inLanguage":"fr-FR"},{"@type":"Person","@id":"https:\/\/www.grelibre.net\/WP\/#\/schema\/person\/ad30d863c31be1a80dd44300962ef92e","name":"Grelibre","image":{"@type":"ImageObject","inLanguage":"fr-FR","@id":"https:\/\/secure.gravatar.com\/avatar\/58beb5dfb95390604f13a3474b88e7c3cccbd91d3d084e8a46fb51deed41ea4c?s=96&d=mm&r=g","url":"https:\/\/secure.gravatar.com\/avatar\/58beb5dfb95390604f13a3474b88e7c3cccbd91d3d084e8a46fb51deed41ea4c?s=96&d=mm&r=g","contentUrl":"https:\/\/secure.gravatar.com\/avatar\/58beb5dfb95390604f13a3474b88e7c3cccbd91d3d084e8a46fb51deed41ea4c?s=96&d=mm&r=g","caption":"Grelibre"},"sameAs":["http:\/\/wwww.grelibre.net"],"url":"https:\/\/www.grelibre.net\/WP\/author\/grelibreadmin\/"}]}},"_links":{"self":[{"href":"https:\/\/www.grelibre.net\/WP\/wp-json\/wp\/v2\/posts\/480","targetHints":{"allow":["GET"]}}],"collection":[{"href":"https:\/\/www.grelibre.net\/WP\/wp-json\/wp\/v2\/posts"}],"about":[{"href":"https:\/\/www.grelibre.net\/WP\/wp-json\/wp\/v2\/types\/post"}],"author":[{"embeddable":true,"href":"https:\/\/www.grelibre.net\/WP\/wp-json\/wp\/v2\/users\/2"}],"replies":[{"embeddable":true,"href":"https:\/\/www.grelibre.net\/WP\/wp-json\/wp\/v2\/comments?post=480"}],"version-history":[{"count":1,"href":"https:\/\/www.grelibre.net\/WP\/wp-json\/wp\/v2\/posts\/480\/revisions"}],"predecessor-version":[{"id":2092,"href":"https:\/\/www.grelibre.net\/WP\/wp-json\/wp\/v2\/posts\/480\/revisions\/2092"}],"wp:attachment":[{"href":"https:\/\/www.grelibre.net\/WP\/wp-json\/wp\/v2\/media?parent=480"}],"wp:term":[{"taxonomy":"category","embeddable":true,"href":"https:\/\/www.grelibre.net\/WP\/wp-json\/wp\/v2\/categories?post=480"},{"taxonomy":"post_tag","embeddable":true,"href":"https:\/\/www.grelibre.net\/WP\/wp-json\/wp\/v2\/tags?post=480"}],"curies":[{"name":"wp","href":"https:\/\/api.w.org\/{rel}","templated":true}]}}