{"id":474,"date":"2005-05-14T15:05:41","date_gmt":"2005-05-14T14:05:41","guid":{"rendered":"http:\/\/www.grelibre.net\/wordpress\/?p=474"},"modified":"2013-04-15T18:46:07","modified_gmt":"2013-04-15T18:46:07","slug":"edito-du-14-mai-3","status":"publish","type":"post","link":"https:\/\/www.grelibre.net\/WP\/2005\/05\/14\/edito-du-14-mai-3\/","title":{"rendered":"Edito du 14 mai"},"content":{"rendered":"<p>Retour de la neige \u00e0 2000 m<\/p>\n<p>Bonjour,<\/p>\n<p>Le mauvais temps est arriv\u00e9 juste apr\u00e8s le d\u00e9part du vent. En effet, le vent (foehn) qui s&rsquo;\u00e9tait lev\u00e9 dans l&rsquo;apr\u00e8s midi de vendredi s&rsquo;est m\u00eame un peu renforc\u00e9 cette nuit avec quelques bourasques. Mais la pluie vers 7 heures l&rsquo;a stopp\u00e9 illico&#8230; La pluie a \u00e9t\u00e9 soutenue toute la matin\u00e9e puis accalmie vers midi. Vers 17 heures il y a eu m\u00eame quelques rayons de soleil ! La temp\u00e9rature est douce sans plus de l&rsquo;ordre de 18\u00b0C !<br \/>\nLa neige est revenue sur les sommets de Belledonne et la limite ce matin \u00e9tait assez basse en dessous de 1900m !! Saupoudrage l\u00e9ger puisque cet apr\u00e8s midi la neige \u00e9tait pr\u00e9sente mais au dessus de 2000m.<\/p>\n<p>Photo du jour : Le Moucherotte \u00e0 midi<br \/>\n<img decoding=\"async\" src=\"http:\/\/www.grelibre.net\/WP\/wp-content\/plugins\/image-shadow\/cache\/34624a1766ecb0466e70cc07bb164a75.jpg\" \/><\/p>\n<p>Belledonne avec ses hauts sommets tout blancs<br \/>\n<img decoding=\"async\" src=\"http:\/\/www.grelibre.net\/WP\/wp-content\/plugins\/image-shadow\/cache\/e5060f6daad0f53977d4d53b437790aa.jpg\" \/><\/p>\n<p>Info du jour :<br \/>\nLe Viaduc de l&rsquo;A51 permettra de contourner le village de Monestier de Clermont dans le Tri\u00e8ves. Il sera en service en mars 2007&#8230; L&rsquo;un des plus ch\u00e8res : 180 million d&rsquo;euros les 10 km.<\/p>\n<p>Commentaire du jour :<br \/>\nLa suite de l&rsquo;A51 me direz vous ? Et bien projet, pas projet&#8230; Peut-\u00eatre que oui peut-\u00eatre que non&#8230; Le comble c&rsquo;est qu&rsquo;il y a que le minist\u00e8re de l&rsquo;\u00e9quipement qui souhaite que ce projet aboutisse pour rejoindre la C\u00f4\u00f4\u00f4te !!! Tout le monde dit non comme la Metro, la Frapna&#8230; mais ont-ils le pouvoir de d\u00e9cider ?<\/p>\n<p>La suite ? Temps peut-\u00eatre correct demain, dimanche. Puis le d\u00e9but de semaine sera encore assez m\u00e9diocre et avec des temp\u00e9ratures limites douces. A suivre&#8230;<\/p>\n","protected":false},"excerpt":{"rendered":"<p>Retour de la neige \u00e0 2000 m Bonjour, Le mauvais temps est arriv\u00e9 juste apr\u00e8s le d\u00e9part du vent. En effet, le vent (foehn) qui s&rsquo;\u00e9tait lev\u00e9 dans l&rsquo;apr\u00e8s midi de vendredi s&rsquo;est m\u00eame un peu renforc\u00e9 cette nuit avec quelques bourasques. Mais la pluie vers 7 heures l&rsquo;a stopp\u00e9 illico&#8230; La pluie a \u00e9t\u00e9&hellip;<\/p>\n<p class=\"more\"><a class=\"more-link\" href=\"https:\/\/www.grelibre.net\/WP\/2005\/05\/14\/edito-du-14-mai-3\/\">Continue reading <span class=\"screen-reader-text\">Edito du 14 mai<\/span><\/a><\/p>\n","protected":false},"author":2,"featured_media":0,"comment_status":"closed","ping_status":"closed","sticky":false,"template":"","format":"standard","meta":{"footnotes":""},"categories":[1],"tags":[],"class_list":["post-474","post","type-post","status-publish","format-standard","hentry","category-non-classe","entry"],"yoast_head":"<!-- This site is optimized with the Yoast SEO plugin v27.5 - https:\/\/yoast.com\/product\/yoast-seo-wordpress\/ -->\n<title>Edito du 14 mai<\/title>\n<meta name=\"description\" content=\"Retour de la neige \u00e0 2000 m Bonjour, Le mauvais temps est arriv\u00e9 juste apr\u00e8s le d\u00e9part du vent. En effet, le vent (foehn) qui s&#039;\u00e9tait lev\u00e9 dans l&#039;apr\u00e8s\" \/>\n<meta name=\"robots\" content=\"index, follow, max-snippet:-1, max-image-preview:large, max-video-preview:-1\" \/>\n<link rel=\"canonical\" href=\"https:\/\/www.grelibre.net\/WP\/2005\/05\/14\/edito-du-14-mai-3\/\" \/>\n<meta property=\"og:locale\" content=\"fr_FR\" \/>\n<meta property=\"og:type\" content=\"article\" \/>\n<meta property=\"og:title\" content=\"Edito du 14 mai\" \/>\n<meta property=\"og:description\" content=\"Retour de la neige \u00e0 2000 m Bonjour, Le mauvais temps est arriv\u00e9 juste apr\u00e8s le d\u00e9part du vent. En effet, le vent (foehn) qui s&#039;\u00e9tait lev\u00e9 dans l&#039;apr\u00e8s\" \/>\n<meta property=\"og:url\" content=\"https:\/\/www.grelibre.net\/WP\/2005\/05\/14\/edito-du-14-mai-3\/\" \/>\n<meta property=\"og:site_name\" content=\"Grelibre.net\" \/>\n<meta property=\"article:publisher\" content=\"https:\/\/www.facebook.com\/pages\/Grelibre\/127788767248442\" \/>\n<meta property=\"article:published_time\" content=\"2005-05-14T14:05:41+00:00\" \/>\n<meta property=\"article:modified_time\" content=\"2013-04-15T18:46:07+00:00\" \/>\n<meta property=\"og:image\" content=\"http:\/\/www.grelibre.net\/Images\/2005\/05\/V_140505_001.jpg\" \/>\n<meta name=\"author\" content=\"Grelibre\" \/>\n<meta name=\"twitter:label1\" content=\"\u00c9crit par\" \/>\n\t<meta name=\"twitter:data1\" content=\"Grelibre\" \/>\n\t<meta name=\"twitter:label2\" content=\"Dur\u00e9e de lecture estim\u00e9e\" \/>\n\t<meta name=\"twitter:data2\" content=\"1 minute\" \/>\n<script type=\"application\/ld+json\" class=\"yoast-schema-graph\">{\"@context\":\"https:\\\/\\\/schema.org\",\"@graph\":[{\"@type\":\"Article\",\"@id\":\"https:\\\/\\\/www.grelibre.net\\\/WP\\\/2005\\\/05\\\/14\\\/edito-du-14-mai-3\\\/#article\",\"isPartOf\":{\"@id\":\"https:\\\/\\\/www.grelibre.net\\\/WP\\\/2005\\\/05\\\/14\\\/edito-du-14-mai-3\\\/\"},\"author\":{\"name\":\"Grelibre\",\"@id\":\"https:\\\/\\\/www.grelibre.net\\\/WP\\\/#\\\/schema\\\/person\\\/ad30d863c31be1a80dd44300962ef92e\"},\"headline\":\"Edito du 14 mai\",\"datePublished\":\"2005-05-14T14:05:41+00:00\",\"dateModified\":\"2013-04-15T18:46:07+00:00\",\"mainEntityOfPage\":{\"@id\":\"https:\\\/\\\/www.grelibre.net\\\/WP\\\/2005\\\/05\\\/14\\\/edito-du-14-mai-3\\\/\"},\"wordCount\":271,\"image\":{\"@id\":\"https:\\\/\\\/www.grelibre.net\\\/WP\\\/2005\\\/05\\\/14\\\/edito-du-14-mai-3\\\/#primaryimage\"},\"thumbnailUrl\":\"http:\\\/\\\/www.grelibre.net\\\/Images\\\/2005\\\/05\\\/V_140505_001.jpg\",\"inLanguage\":\"fr-FR\"},{\"@type\":\"WebPage\",\"@id\":\"https:\\\/\\\/www.grelibre.net\\\/WP\\\/2005\\\/05\\\/14\\\/edito-du-14-mai-3\\\/\",\"url\":\"https:\\\/\\\/www.grelibre.net\\\/WP\\\/2005\\\/05\\\/14\\\/edito-du-14-mai-3\\\/\",\"name\":\"Edito du 14 mai\",\"isPartOf\":{\"@id\":\"https:\\\/\\\/www.grelibre.net\\\/WP\\\/#website\"},\"primaryImageOfPage\":{\"@id\":\"https:\\\/\\\/www.grelibre.net\\\/WP\\\/2005\\\/05\\\/14\\\/edito-du-14-mai-3\\\/#primaryimage\"},\"image\":{\"@id\":\"https:\\\/\\\/www.grelibre.net\\\/WP\\\/2005\\\/05\\\/14\\\/edito-du-14-mai-3\\\/#primaryimage\"},\"thumbnailUrl\":\"http:\\\/\\\/www.grelibre.net\\\/Images\\\/2005\\\/05\\\/V_140505_001.jpg\",\"datePublished\":\"2005-05-14T14:05:41+00:00\",\"dateModified\":\"2013-04-15T18:46:07+00:00\",\"author\":{\"@id\":\"https:\\\/\\\/www.grelibre.net\\\/WP\\\/#\\\/schema\\\/person\\\/ad30d863c31be1a80dd44300962ef92e\"},\"description\":\"Retour de la neige \u00e0 2000 m Bonjour, Le mauvais temps est arriv\u00e9 juste apr\u00e8s le d\u00e9part du vent. En effet, le vent (foehn) qui s'\u00e9tait lev\u00e9 dans l'apr\u00e8s\",\"inLanguage\":\"fr-FR\",\"potentialAction\":[{\"@type\":\"ReadAction\",\"target\":[\"https:\\\/\\\/www.grelibre.net\\\/WP\\\/2005\\\/05\\\/14\\\/edito-du-14-mai-3\\\/\"]}]},{\"@type\":\"ImageObject\",\"inLanguage\":\"fr-FR\",\"@id\":\"https:\\\/\\\/www.grelibre.net\\\/WP\\\/2005\\\/05\\\/14\\\/edito-du-14-mai-3\\\/#primaryimage\",\"url\":\"http:\\\/\\\/www.grelibre.net\\\/Images\\\/2005\\\/05\\\/V_140505_001.jpg\",\"contentUrl\":\"http:\\\/\\\/www.grelibre.net\\\/Images\\\/2005\\\/05\\\/V_140505_001.jpg\"},{\"@type\":\"WebSite\",\"@id\":\"https:\\\/\\\/www.grelibre.net\\\/WP\\\/#website\",\"url\":\"https:\\\/\\\/www.grelibre.net\\\/WP\\\/\",\"name\":\"Grelibre.net\",\"description\":\"la Montagne dans tous ses \u00e9tats\",\"potentialAction\":[{\"@type\":\"SearchAction\",\"target\":{\"@type\":\"EntryPoint\",\"urlTemplate\":\"https:\\\/\\\/www.grelibre.net\\\/WP\\\/?s={search_term_string}\"},\"query-input\":{\"@type\":\"PropertyValueSpecification\",\"valueRequired\":true,\"valueName\":\"search_term_string\"}}],\"inLanguage\":\"fr-FR\"},{\"@type\":\"Person\",\"@id\":\"https:\\\/\\\/www.grelibre.net\\\/WP\\\/#\\\/schema\\\/person\\\/ad30d863c31be1a80dd44300962ef92e\",\"name\":\"Grelibre\",\"image\":{\"@type\":\"ImageObject\",\"inLanguage\":\"fr-FR\",\"@id\":\"https:\\\/\\\/secure.gravatar.com\\\/avatar\\\/58beb5dfb95390604f13a3474b88e7c3cccbd91d3d084e8a46fb51deed41ea4c?s=96&d=mm&r=g\",\"url\":\"https:\\\/\\\/secure.gravatar.com\\\/avatar\\\/58beb5dfb95390604f13a3474b88e7c3cccbd91d3d084e8a46fb51deed41ea4c?s=96&d=mm&r=g\",\"contentUrl\":\"https:\\\/\\\/secure.gravatar.com\\\/avatar\\\/58beb5dfb95390604f13a3474b88e7c3cccbd91d3d084e8a46fb51deed41ea4c?s=96&d=mm&r=g\",\"caption\":\"Grelibre\"},\"sameAs\":[\"http:\\\/\\\/wwww.grelibre.net\"],\"url\":\"https:\\\/\\\/www.grelibre.net\\\/WP\\\/author\\\/grelibreadmin\\\/\"}]}<\/script>\n<!-- \/ Yoast SEO plugin. -->","yoast_head_json":{"title":"Edito du 14 mai","description":"Retour de la neige \u00e0 2000 m Bonjour, Le mauvais temps est arriv\u00e9 juste apr\u00e8s le d\u00e9part du vent. En effet, le vent (foehn) qui s'\u00e9tait lev\u00e9 dans l'apr\u00e8s","robots":{"index":"index","follow":"follow","max-snippet":"max-snippet:-1","max-image-preview":"max-image-preview:large","max-video-preview":"max-video-preview:-1"},"canonical":"https:\/\/www.grelibre.net\/WP\/2005\/05\/14\/edito-du-14-mai-3\/","og_locale":"fr_FR","og_type":"article","og_title":"Edito du 14 mai","og_description":"Retour de la neige \u00e0 2000 m Bonjour, Le mauvais temps est arriv\u00e9 juste apr\u00e8s le d\u00e9part du vent. En effet, le vent (foehn) qui s'\u00e9tait lev\u00e9 dans l'apr\u00e8s","og_url":"https:\/\/www.grelibre.net\/WP\/2005\/05\/14\/edito-du-14-mai-3\/","og_site_name":"Grelibre.net","article_publisher":"https:\/\/www.facebook.com\/pages\/Grelibre\/127788767248442","article_published_time":"2005-05-14T14:05:41+00:00","article_modified_time":"2013-04-15T18:46:07+00:00","og_image":[{"url":"http:\/\/www.grelibre.net\/Images\/2005\/05\/V_140505_001.jpg","type":"","width":"","height":""}],"author":"Grelibre","twitter_misc":{"\u00c9crit par":"Grelibre","Dur\u00e9e de lecture estim\u00e9e":"1 minute"},"schema":{"@context":"https:\/\/schema.org","@graph":[{"@type":"Article","@id":"https:\/\/www.grelibre.net\/WP\/2005\/05\/14\/edito-du-14-mai-3\/#article","isPartOf":{"@id":"https:\/\/www.grelibre.net\/WP\/2005\/05\/14\/edito-du-14-mai-3\/"},"author":{"name":"Grelibre","@id":"https:\/\/www.grelibre.net\/WP\/#\/schema\/person\/ad30d863c31be1a80dd44300962ef92e"},"headline":"Edito du 14 mai","datePublished":"2005-05-14T14:05:41+00:00","dateModified":"2013-04-15T18:46:07+00:00","mainEntityOfPage":{"@id":"https:\/\/www.grelibre.net\/WP\/2005\/05\/14\/edito-du-14-mai-3\/"},"wordCount":271,"image":{"@id":"https:\/\/www.grelibre.net\/WP\/2005\/05\/14\/edito-du-14-mai-3\/#primaryimage"},"thumbnailUrl":"http:\/\/www.grelibre.net\/Images\/2005\/05\/V_140505_001.jpg","inLanguage":"fr-FR"},{"@type":"WebPage","@id":"https:\/\/www.grelibre.net\/WP\/2005\/05\/14\/edito-du-14-mai-3\/","url":"https:\/\/www.grelibre.net\/WP\/2005\/05\/14\/edito-du-14-mai-3\/","name":"Edito du 14 mai","isPartOf":{"@id":"https:\/\/www.grelibre.net\/WP\/#website"},"primaryImageOfPage":{"@id":"https:\/\/www.grelibre.net\/WP\/2005\/05\/14\/edito-du-14-mai-3\/#primaryimage"},"image":{"@id":"https:\/\/www.grelibre.net\/WP\/2005\/05\/14\/edito-du-14-mai-3\/#primaryimage"},"thumbnailUrl":"http:\/\/www.grelibre.net\/Images\/2005\/05\/V_140505_001.jpg","datePublished":"2005-05-14T14:05:41+00:00","dateModified":"2013-04-15T18:46:07+00:00","author":{"@id":"https:\/\/www.grelibre.net\/WP\/#\/schema\/person\/ad30d863c31be1a80dd44300962ef92e"},"description":"Retour de la neige \u00e0 2000 m Bonjour, Le mauvais temps est arriv\u00e9 juste apr\u00e8s le d\u00e9part du vent. En effet, le vent (foehn) qui s'\u00e9tait lev\u00e9 dans l'apr\u00e8s","inLanguage":"fr-FR","potentialAction":[{"@type":"ReadAction","target":["https:\/\/www.grelibre.net\/WP\/2005\/05\/14\/edito-du-14-mai-3\/"]}]},{"@type":"ImageObject","inLanguage":"fr-FR","@id":"https:\/\/www.grelibre.net\/WP\/2005\/05\/14\/edito-du-14-mai-3\/#primaryimage","url":"http:\/\/www.grelibre.net\/Images\/2005\/05\/V_140505_001.jpg","contentUrl":"http:\/\/www.grelibre.net\/Images\/2005\/05\/V_140505_001.jpg"},{"@type":"WebSite","@id":"https:\/\/www.grelibre.net\/WP\/#website","url":"https:\/\/www.grelibre.net\/WP\/","name":"Grelibre.net","description":"la Montagne dans tous ses \u00e9tats","potentialAction":[{"@type":"SearchAction","target":{"@type":"EntryPoint","urlTemplate":"https:\/\/www.grelibre.net\/WP\/?s={search_term_string}"},"query-input":{"@type":"PropertyValueSpecification","valueRequired":true,"valueName":"search_term_string"}}],"inLanguage":"fr-FR"},{"@type":"Person","@id":"https:\/\/www.grelibre.net\/WP\/#\/schema\/person\/ad30d863c31be1a80dd44300962ef92e","name":"Grelibre","image":{"@type":"ImageObject","inLanguage":"fr-FR","@id":"https:\/\/secure.gravatar.com\/avatar\/58beb5dfb95390604f13a3474b88e7c3cccbd91d3d084e8a46fb51deed41ea4c?s=96&d=mm&r=g","url":"https:\/\/secure.gravatar.com\/avatar\/58beb5dfb95390604f13a3474b88e7c3cccbd91d3d084e8a46fb51deed41ea4c?s=96&d=mm&r=g","contentUrl":"https:\/\/secure.gravatar.com\/avatar\/58beb5dfb95390604f13a3474b88e7c3cccbd91d3d084e8a46fb51deed41ea4c?s=96&d=mm&r=g","caption":"Grelibre"},"sameAs":["http:\/\/wwww.grelibre.net"],"url":"https:\/\/www.grelibre.net\/WP\/author\/grelibreadmin\/"}]}},"_links":{"self":[{"href":"https:\/\/www.grelibre.net\/WP\/wp-json\/wp\/v2\/posts\/474","targetHints":{"allow":["GET"]}}],"collection":[{"href":"https:\/\/www.grelibre.net\/WP\/wp-json\/wp\/v2\/posts"}],"about":[{"href":"https:\/\/www.grelibre.net\/WP\/wp-json\/wp\/v2\/types\/post"}],"author":[{"embeddable":true,"href":"https:\/\/www.grelibre.net\/WP\/wp-json\/wp\/v2\/users\/2"}],"replies":[{"embeddable":true,"href":"https:\/\/www.grelibre.net\/WP\/wp-json\/wp\/v2\/comments?post=474"}],"version-history":[{"count":1,"href":"https:\/\/www.grelibre.net\/WP\/wp-json\/wp\/v2\/posts\/474\/revisions"}],"predecessor-version":[{"id":2098,"href":"https:\/\/www.grelibre.net\/WP\/wp-json\/wp\/v2\/posts\/474\/revisions\/2098"}],"wp:attachment":[{"href":"https:\/\/www.grelibre.net\/WP\/wp-json\/wp\/v2\/media?parent=474"}],"wp:term":[{"taxonomy":"category","embeddable":true,"href":"https:\/\/www.grelibre.net\/WP\/wp-json\/wp\/v2\/categories?post=474"},{"taxonomy":"post_tag","embeddable":true,"href":"https:\/\/www.grelibre.net\/WP\/wp-json\/wp\/v2\/tags?post=474"}],"curies":[{"name":"wp","href":"https:\/\/api.w.org\/{rel}","templated":true}]}}