{"id":470,"date":"2005-05-10T15:01:05","date_gmt":"2005-05-10T14:01:05","guid":{"rendered":"http:\/\/www.grelibre.net\/wordpress\/?p=470"},"modified":"2013-04-15T18:46:26","modified_gmt":"2013-04-15T18:46:26","slug":"edito-du-10-mai-3","status":"publish","type":"post","link":"https:\/\/www.grelibre.net\/WP\/2005\/05\/10\/edito-du-10-mai-3\/","title":{"rendered":"Edito du 10 mai"},"content":{"rendered":"<p>Peut mieux faire !!!<br \/>\nPas d&rsquo;\u00e9dito demain mercredi&#8230; Petit saut \u00e0 Paname (dit aussi Paris)<\/p>\n<p>Bonjour,<\/p>\n<p>Bon je reconnais que le titre de mon pr\u00e9c\u00e9dent \u00e9dito \u00e9tait tr\u00e8s mal repr\u00e9sentatif du temps d&rsquo;aujourd&rsquo;hui ! Je ne me souviens m\u00eame plus si il y a eu du soleil dans la journ\u00e9e. Mais bon d&rsquo;un autre cot\u00e9 le vent s&rsquo;est calm\u00e9 et la temp\u00e9rature s&rsquo;est adoucie&#8230; Et puis la petite pluie fine tomb\u00e9e ce matin ne peut-\u00eatre que b\u00e9n\u00e9fique pour les jardins, non ?! D&rsquo;ailleurs, je n&rsquo;ai m\u00eame pas \u00e9t\u00e9 mouill\u00e9 en v\u00e9lo ce matin, alors on peut excuser cette intrusion des nuages du Sud !<\/p>\n<p>Photo du jour : Le Moucherotte (Vercors) emmergeant des nuages&#8230;<br \/>\n<img decoding=\"async\" src=\"http:\/\/www.grelibre.net\/WP\/wp-content\/plugins\/image-shadow\/cache\/0c5ddc25c84a496cbb2d4fcc267a3c98.jpg\" \/><\/p>\n<p>Info du jour :<br \/>\nDes Suisses ont trouv\u00e9 un moyen pour que les glaciers ne fondent plus ! Envelopper le glacier situ\u00e9 \u00e0 3000m d&rsquo;altitude par un gigantesque drap isolant de 3000 m2 tout de m\u00eame ! Il faut savoir que chaque ann\u00e9e 1,5% des glaciers fondent !<\/p>\n<p>Commentaire du jour :<br \/>\nIls ont une super id\u00e9e les Suisses&#8230; en plus ils ne sont pas radins pour prot\u00e9ger notre plan\u00e8te&#8230; Oups j&rsquo;oubliait de vous dire que c&rsquo;est aussi pour qu&rsquo;ils puissent ouvrir les pistes d\u00e8s le d\u00e9but de l&rsquo;hiver !<\/p>\n<p>La suite ? Bon il \u00ab\u00a0devrait\u00a0\u00bb faire beau demain et une partie de la journ\u00e9e de jeudi. Ensuite les orages devraient revenir. A suivre&#8230;<\/p>\n","protected":false},"excerpt":{"rendered":"<p>Peut mieux faire !!! Pas d&rsquo;\u00e9dito demain mercredi&#8230; Petit saut \u00e0 Paname (dit aussi Paris) Bonjour, Bon je reconnais que le titre de mon pr\u00e9c\u00e9dent \u00e9dito \u00e9tait tr\u00e8s mal repr\u00e9sentatif du temps d&rsquo;aujourd&rsquo;hui ! Je ne me souviens m\u00eame plus si il y a eu du soleil dans la journ\u00e9e. Mais bon d&rsquo;un autre cot\u00e9&hellip;<\/p>\n<p class=\"more\"><a class=\"more-link\" href=\"https:\/\/www.grelibre.net\/WP\/2005\/05\/10\/edito-du-10-mai-3\/\">Continue reading <span class=\"screen-reader-text\">Edito du 10 mai<\/span><\/a><\/p>\n","protected":false},"author":2,"featured_media":0,"comment_status":"closed","ping_status":"closed","sticky":false,"template":"","format":"standard","meta":{"footnotes":""},"categories":[1],"tags":[],"class_list":["post-470","post","type-post","status-publish","format-standard","hentry","category-non-classe","entry"],"yoast_head":"<!-- This site is optimized with the Yoast SEO plugin v27.5 - https:\/\/yoast.com\/product\/yoast-seo-wordpress\/ -->\n<title>Edito du 10 mai<\/title>\n<meta name=\"description\" content=\"Peut mieux faire !!! Pas d&#039;\u00e9dito demain mercredi... Petit saut \u00e0 Paname (dit aussi Paris) Bonjour, Bon je reconnais que le titre de mon pr\u00e9c\u00e9dent \u00e9dito\" \/>\n<meta name=\"robots\" content=\"index, follow, max-snippet:-1, max-image-preview:large, max-video-preview:-1\" \/>\n<link rel=\"canonical\" href=\"https:\/\/www.grelibre.net\/WP\/2005\/05\/10\/edito-du-10-mai-3\/\" \/>\n<meta property=\"og:locale\" content=\"fr_FR\" \/>\n<meta property=\"og:type\" content=\"article\" \/>\n<meta property=\"og:title\" content=\"Edito du 10 mai\" \/>\n<meta property=\"og:description\" content=\"Peut mieux faire !!! Pas d&#039;\u00e9dito demain mercredi... Petit saut \u00e0 Paname (dit aussi Paris) Bonjour, Bon je reconnais que le titre de mon pr\u00e9c\u00e9dent \u00e9dito\" \/>\n<meta property=\"og:url\" content=\"https:\/\/www.grelibre.net\/WP\/2005\/05\/10\/edito-du-10-mai-3\/\" \/>\n<meta property=\"og:site_name\" content=\"Grelibre.net\" \/>\n<meta property=\"article:publisher\" content=\"https:\/\/www.facebook.com\/pages\/Grelibre\/127788767248442\" \/>\n<meta property=\"article:published_time\" content=\"2005-05-10T14:01:05+00:00\" \/>\n<meta property=\"article:modified_time\" content=\"2013-04-15T18:46:26+00:00\" \/>\n<meta property=\"og:image\" content=\"http:\/\/www.grelibre.net\/Images\/2005\/05\/V_100505_001.jpg\" \/>\n<meta name=\"author\" content=\"Grelibre\" \/>\n<meta name=\"twitter:label1\" content=\"\u00c9crit par\" \/>\n\t<meta name=\"twitter:data1\" content=\"Grelibre\" \/>\n\t<meta name=\"twitter:label2\" content=\"Dur\u00e9e de lecture estim\u00e9e\" \/>\n\t<meta name=\"twitter:data2\" content=\"1 minute\" \/>\n<script type=\"application\/ld+json\" class=\"yoast-schema-graph\">{\"@context\":\"https:\\\/\\\/schema.org\",\"@graph\":[{\"@type\":\"Article\",\"@id\":\"https:\\\/\\\/www.grelibre.net\\\/WP\\\/2005\\\/05\\\/10\\\/edito-du-10-mai-3\\\/#article\",\"isPartOf\":{\"@id\":\"https:\\\/\\\/www.grelibre.net\\\/WP\\\/2005\\\/05\\\/10\\\/edito-du-10-mai-3\\\/\"},\"author\":{\"name\":\"Grelibre\",\"@id\":\"https:\\\/\\\/www.grelibre.net\\\/WP\\\/#\\\/schema\\\/person\\\/ad30d863c31be1a80dd44300962ef92e\"},\"headline\":\"Edito du 10 mai\",\"datePublished\":\"2005-05-10T14:01:05+00:00\",\"dateModified\":\"2013-04-15T18:46:26+00:00\",\"mainEntityOfPage\":{\"@id\":\"https:\\\/\\\/www.grelibre.net\\\/WP\\\/2005\\\/05\\\/10\\\/edito-du-10-mai-3\\\/\"},\"wordCount\":237,\"image\":{\"@id\":\"https:\\\/\\\/www.grelibre.net\\\/WP\\\/2005\\\/05\\\/10\\\/edito-du-10-mai-3\\\/#primaryimage\"},\"thumbnailUrl\":\"http:\\\/\\\/www.grelibre.net\\\/Images\\\/2005\\\/05\\\/V_100505_001.jpg\",\"inLanguage\":\"fr-FR\"},{\"@type\":\"WebPage\",\"@id\":\"https:\\\/\\\/www.grelibre.net\\\/WP\\\/2005\\\/05\\\/10\\\/edito-du-10-mai-3\\\/\",\"url\":\"https:\\\/\\\/www.grelibre.net\\\/WP\\\/2005\\\/05\\\/10\\\/edito-du-10-mai-3\\\/\",\"name\":\"Edito du 10 mai\",\"isPartOf\":{\"@id\":\"https:\\\/\\\/www.grelibre.net\\\/WP\\\/#website\"},\"primaryImageOfPage\":{\"@id\":\"https:\\\/\\\/www.grelibre.net\\\/WP\\\/2005\\\/05\\\/10\\\/edito-du-10-mai-3\\\/#primaryimage\"},\"image\":{\"@id\":\"https:\\\/\\\/www.grelibre.net\\\/WP\\\/2005\\\/05\\\/10\\\/edito-du-10-mai-3\\\/#primaryimage\"},\"thumbnailUrl\":\"http:\\\/\\\/www.grelibre.net\\\/Images\\\/2005\\\/05\\\/V_100505_001.jpg\",\"datePublished\":\"2005-05-10T14:01:05+00:00\",\"dateModified\":\"2013-04-15T18:46:26+00:00\",\"author\":{\"@id\":\"https:\\\/\\\/www.grelibre.net\\\/WP\\\/#\\\/schema\\\/person\\\/ad30d863c31be1a80dd44300962ef92e\"},\"description\":\"Peut mieux faire !!! Pas d'\u00e9dito demain mercredi... Petit saut \u00e0 Paname (dit aussi Paris) Bonjour, Bon je reconnais que le titre de mon pr\u00e9c\u00e9dent \u00e9dito\",\"inLanguage\":\"fr-FR\",\"potentialAction\":[{\"@type\":\"ReadAction\",\"target\":[\"https:\\\/\\\/www.grelibre.net\\\/WP\\\/2005\\\/05\\\/10\\\/edito-du-10-mai-3\\\/\"]}]},{\"@type\":\"ImageObject\",\"inLanguage\":\"fr-FR\",\"@id\":\"https:\\\/\\\/www.grelibre.net\\\/WP\\\/2005\\\/05\\\/10\\\/edito-du-10-mai-3\\\/#primaryimage\",\"url\":\"http:\\\/\\\/www.grelibre.net\\\/Images\\\/2005\\\/05\\\/V_100505_001.jpg\",\"contentUrl\":\"http:\\\/\\\/www.grelibre.net\\\/Images\\\/2005\\\/05\\\/V_100505_001.jpg\"},{\"@type\":\"WebSite\",\"@id\":\"https:\\\/\\\/www.grelibre.net\\\/WP\\\/#website\",\"url\":\"https:\\\/\\\/www.grelibre.net\\\/WP\\\/\",\"name\":\"Grelibre.net\",\"description\":\"la Montagne dans tous ses \u00e9tats\",\"potentialAction\":[{\"@type\":\"SearchAction\",\"target\":{\"@type\":\"EntryPoint\",\"urlTemplate\":\"https:\\\/\\\/www.grelibre.net\\\/WP\\\/?s={search_term_string}\"},\"query-input\":{\"@type\":\"PropertyValueSpecification\",\"valueRequired\":true,\"valueName\":\"search_term_string\"}}],\"inLanguage\":\"fr-FR\"},{\"@type\":\"Person\",\"@id\":\"https:\\\/\\\/www.grelibre.net\\\/WP\\\/#\\\/schema\\\/person\\\/ad30d863c31be1a80dd44300962ef92e\",\"name\":\"Grelibre\",\"image\":{\"@type\":\"ImageObject\",\"inLanguage\":\"fr-FR\",\"@id\":\"https:\\\/\\\/secure.gravatar.com\\\/avatar\\\/58beb5dfb95390604f13a3474b88e7c3cccbd91d3d084e8a46fb51deed41ea4c?s=96&d=mm&r=g\",\"url\":\"https:\\\/\\\/secure.gravatar.com\\\/avatar\\\/58beb5dfb95390604f13a3474b88e7c3cccbd91d3d084e8a46fb51deed41ea4c?s=96&d=mm&r=g\",\"contentUrl\":\"https:\\\/\\\/secure.gravatar.com\\\/avatar\\\/58beb5dfb95390604f13a3474b88e7c3cccbd91d3d084e8a46fb51deed41ea4c?s=96&d=mm&r=g\",\"caption\":\"Grelibre\"},\"sameAs\":[\"http:\\\/\\\/wwww.grelibre.net\"],\"url\":\"https:\\\/\\\/www.grelibre.net\\\/WP\\\/author\\\/grelibreadmin\\\/\"}]}<\/script>\n<!-- \/ Yoast SEO plugin. -->","yoast_head_json":{"title":"Edito du 10 mai","description":"Peut mieux faire !!! Pas d'\u00e9dito demain mercredi... Petit saut \u00e0 Paname (dit aussi Paris) Bonjour, Bon je reconnais que le titre de mon pr\u00e9c\u00e9dent \u00e9dito","robots":{"index":"index","follow":"follow","max-snippet":"max-snippet:-1","max-image-preview":"max-image-preview:large","max-video-preview":"max-video-preview:-1"},"canonical":"https:\/\/www.grelibre.net\/WP\/2005\/05\/10\/edito-du-10-mai-3\/","og_locale":"fr_FR","og_type":"article","og_title":"Edito du 10 mai","og_description":"Peut mieux faire !!! Pas d'\u00e9dito demain mercredi... Petit saut \u00e0 Paname (dit aussi Paris) Bonjour, Bon je reconnais que le titre de mon pr\u00e9c\u00e9dent \u00e9dito","og_url":"https:\/\/www.grelibre.net\/WP\/2005\/05\/10\/edito-du-10-mai-3\/","og_site_name":"Grelibre.net","article_publisher":"https:\/\/www.facebook.com\/pages\/Grelibre\/127788767248442","article_published_time":"2005-05-10T14:01:05+00:00","article_modified_time":"2013-04-15T18:46:26+00:00","og_image":[{"url":"http:\/\/www.grelibre.net\/Images\/2005\/05\/V_100505_001.jpg","type":"","width":"","height":""}],"author":"Grelibre","twitter_misc":{"\u00c9crit par":"Grelibre","Dur\u00e9e de lecture estim\u00e9e":"1 minute"},"schema":{"@context":"https:\/\/schema.org","@graph":[{"@type":"Article","@id":"https:\/\/www.grelibre.net\/WP\/2005\/05\/10\/edito-du-10-mai-3\/#article","isPartOf":{"@id":"https:\/\/www.grelibre.net\/WP\/2005\/05\/10\/edito-du-10-mai-3\/"},"author":{"name":"Grelibre","@id":"https:\/\/www.grelibre.net\/WP\/#\/schema\/person\/ad30d863c31be1a80dd44300962ef92e"},"headline":"Edito du 10 mai","datePublished":"2005-05-10T14:01:05+00:00","dateModified":"2013-04-15T18:46:26+00:00","mainEntityOfPage":{"@id":"https:\/\/www.grelibre.net\/WP\/2005\/05\/10\/edito-du-10-mai-3\/"},"wordCount":237,"image":{"@id":"https:\/\/www.grelibre.net\/WP\/2005\/05\/10\/edito-du-10-mai-3\/#primaryimage"},"thumbnailUrl":"http:\/\/www.grelibre.net\/Images\/2005\/05\/V_100505_001.jpg","inLanguage":"fr-FR"},{"@type":"WebPage","@id":"https:\/\/www.grelibre.net\/WP\/2005\/05\/10\/edito-du-10-mai-3\/","url":"https:\/\/www.grelibre.net\/WP\/2005\/05\/10\/edito-du-10-mai-3\/","name":"Edito du 10 mai","isPartOf":{"@id":"https:\/\/www.grelibre.net\/WP\/#website"},"primaryImageOfPage":{"@id":"https:\/\/www.grelibre.net\/WP\/2005\/05\/10\/edito-du-10-mai-3\/#primaryimage"},"image":{"@id":"https:\/\/www.grelibre.net\/WP\/2005\/05\/10\/edito-du-10-mai-3\/#primaryimage"},"thumbnailUrl":"http:\/\/www.grelibre.net\/Images\/2005\/05\/V_100505_001.jpg","datePublished":"2005-05-10T14:01:05+00:00","dateModified":"2013-04-15T18:46:26+00:00","author":{"@id":"https:\/\/www.grelibre.net\/WP\/#\/schema\/person\/ad30d863c31be1a80dd44300962ef92e"},"description":"Peut mieux faire !!! Pas d'\u00e9dito demain mercredi... Petit saut \u00e0 Paname (dit aussi Paris) Bonjour, Bon je reconnais que le titre de mon pr\u00e9c\u00e9dent \u00e9dito","inLanguage":"fr-FR","potentialAction":[{"@type":"ReadAction","target":["https:\/\/www.grelibre.net\/WP\/2005\/05\/10\/edito-du-10-mai-3\/"]}]},{"@type":"ImageObject","inLanguage":"fr-FR","@id":"https:\/\/www.grelibre.net\/WP\/2005\/05\/10\/edito-du-10-mai-3\/#primaryimage","url":"http:\/\/www.grelibre.net\/Images\/2005\/05\/V_100505_001.jpg","contentUrl":"http:\/\/www.grelibre.net\/Images\/2005\/05\/V_100505_001.jpg"},{"@type":"WebSite","@id":"https:\/\/www.grelibre.net\/WP\/#website","url":"https:\/\/www.grelibre.net\/WP\/","name":"Grelibre.net","description":"la Montagne dans tous ses \u00e9tats","potentialAction":[{"@type":"SearchAction","target":{"@type":"EntryPoint","urlTemplate":"https:\/\/www.grelibre.net\/WP\/?s={search_term_string}"},"query-input":{"@type":"PropertyValueSpecification","valueRequired":true,"valueName":"search_term_string"}}],"inLanguage":"fr-FR"},{"@type":"Person","@id":"https:\/\/www.grelibre.net\/WP\/#\/schema\/person\/ad30d863c31be1a80dd44300962ef92e","name":"Grelibre","image":{"@type":"ImageObject","inLanguage":"fr-FR","@id":"https:\/\/secure.gravatar.com\/avatar\/58beb5dfb95390604f13a3474b88e7c3cccbd91d3d084e8a46fb51deed41ea4c?s=96&d=mm&r=g","url":"https:\/\/secure.gravatar.com\/avatar\/58beb5dfb95390604f13a3474b88e7c3cccbd91d3d084e8a46fb51deed41ea4c?s=96&d=mm&r=g","contentUrl":"https:\/\/secure.gravatar.com\/avatar\/58beb5dfb95390604f13a3474b88e7c3cccbd91d3d084e8a46fb51deed41ea4c?s=96&d=mm&r=g","caption":"Grelibre"},"sameAs":["http:\/\/wwww.grelibre.net"],"url":"https:\/\/www.grelibre.net\/WP\/author\/grelibreadmin\/"}]}},"_links":{"self":[{"href":"https:\/\/www.grelibre.net\/WP\/wp-json\/wp\/v2\/posts\/470","targetHints":{"allow":["GET"]}}],"collection":[{"href":"https:\/\/www.grelibre.net\/WP\/wp-json\/wp\/v2\/posts"}],"about":[{"href":"https:\/\/www.grelibre.net\/WP\/wp-json\/wp\/v2\/types\/post"}],"author":[{"embeddable":true,"href":"https:\/\/www.grelibre.net\/WP\/wp-json\/wp\/v2\/users\/2"}],"replies":[{"embeddable":true,"href":"https:\/\/www.grelibre.net\/WP\/wp-json\/wp\/v2\/comments?post=470"}],"version-history":[{"count":1,"href":"https:\/\/www.grelibre.net\/WP\/wp-json\/wp\/v2\/posts\/470\/revisions"}],"predecessor-version":[{"id":2102,"href":"https:\/\/www.grelibre.net\/WP\/wp-json\/wp\/v2\/posts\/470\/revisions\/2102"}],"wp:attachment":[{"href":"https:\/\/www.grelibre.net\/WP\/wp-json\/wp\/v2\/media?parent=470"}],"wp:term":[{"taxonomy":"category","embeddable":true,"href":"https:\/\/www.grelibre.net\/WP\/wp-json\/wp\/v2\/categories?post=470"},{"taxonomy":"post_tag","embeddable":true,"href":"https:\/\/www.grelibre.net\/WP\/wp-json\/wp\/v2\/tags?post=470"}],"curies":[{"name":"wp","href":"https:\/\/api.w.org\/{rel}","templated":true}]}}