{"id":4695,"date":"2019-10-15T20:19:21","date_gmt":"2019-10-15T20:19:21","guid":{"rendered":"http:\/\/www.grelibre.net\/WP\/?p=4695"},"modified":"2019-11-05T20:20:29","modified_gmt":"2019-11-05T20:20:29","slug":"edito-du-08-octobre-ambiance-dautomne","status":"publish","type":"post","link":"https:\/\/www.grelibre.net\/WP\/2019\/10\/15\/edito-du-08-octobre-ambiance-dautomne\/","title":{"rendered":"Edito du 08 octobre : ambiance d&rsquo;automne&#8230;"},"content":{"rendered":"\n<p> Retour sur quelques sorties aux couleurs d&rsquo;automne&#8230;<\/p>\n\n\n\n<figure class=\"wp-block-image\"><img loading=\"lazy\" decoding=\"async\" width=\"1000\" height=\"667\" src=\"http:\/\/www.grelibre.net\/WP\/wp-content\/plugins\/image-shadow\/cache\/6d2f1d3213f6483f3953fc06139fa6fe.jpg\" alt=\"\" class=\"wp-image-4701\" srcset=\"https:\/\/www.grelibre.net\/WP\/wp-content\/uploads\/2019\/11\/V_251019_004.jpg 1000w, https:\/\/www.grelibre.net\/WP\/wp-content\/uploads\/2019\/11\/V_251019_004-150x100.jpg 150w, https:\/\/www.grelibre.net\/WP\/wp-content\/uploads\/2019\/11\/V_251019_004-300x200.jpg 300w, https:\/\/www.grelibre.net\/WP\/wp-content\/uploads\/2019\/11\/V_251019_004-768x512.jpg 768w, https:\/\/www.grelibre.net\/WP\/wp-content\/uploads\/2019\/11\/V_251019_004-360x240.jpg 360w\" sizes=\"auto, (max-width: 1000px) 100vw, 1000px\" \/><\/figure>\n\n\n\n<figure class=\"wp-block-image\"><img loading=\"lazy\" decoding=\"async\" width=\"1024\" height=\"523\" src=\"http:\/\/www.grelibre.net\/WP\/wp-content\/plugins\/image-shadow\/cache\/26743fb5a1ae070c9126d3539faa35fa.jpg\" alt=\"\" class=\"wp-image-4702\" srcset=\"https:\/\/www.grelibre.net\/WP\/wp-content\/uploads\/2019\/11\/V_251019_001-1-1024x523.jpg 1024w, https:\/\/www.grelibre.net\/WP\/wp-content\/uploads\/2019\/11\/V_251019_001-1-150x77.jpg 150w, https:\/\/www.grelibre.net\/WP\/wp-content\/uploads\/2019\/11\/V_251019_001-1-300x153.jpg 300w, https:\/\/www.grelibre.net\/WP\/wp-content\/uploads\/2019\/11\/V_251019_001-1-768x392.jpg 768w, https:\/\/www.grelibre.net\/WP\/wp-content\/uploads\/2019\/11\/V_251019_001-1.jpg 1200w\" sizes=\"auto, (max-width: 1024px) 100vw, 1024px\" \/><\/figure>\n\n\n\n<figure class=\"wp-block-image\"><img loading=\"lazy\" decoding=\"async\" width=\"1000\" height=\"667\" src=\"http:\/\/www.grelibre.net\/WP\/wp-content\/plugins\/image-shadow\/cache\/d2b087bd6578eea9e2970d41b4de2036.jpg\" alt=\"\" class=\"wp-image-4703\" srcset=\"https:\/\/www.grelibre.net\/WP\/wp-content\/uploads\/2019\/11\/V_251019_003.jpg 1000w, https:\/\/www.grelibre.net\/WP\/wp-content\/uploads\/2019\/11\/V_251019_003-150x100.jpg 150w, https:\/\/www.grelibre.net\/WP\/wp-content\/uploads\/2019\/11\/V_251019_003-300x200.jpg 300w, https:\/\/www.grelibre.net\/WP\/wp-content\/uploads\/2019\/11\/V_251019_003-768x512.jpg 768w, https:\/\/www.grelibre.net\/WP\/wp-content\/uploads\/2019\/11\/V_251019_003-360x240.jpg 360w\" sizes=\"auto, (max-width: 1000px) 100vw, 1000px\" \/><\/figure>\n\n\n\n<figure class=\"wp-block-image\"><img loading=\"lazy\" decoding=\"async\" width=\"1024\" height=\"471\" src=\"http:\/\/www.grelibre.net\/WP\/wp-content\/plugins\/image-shadow\/cache\/25ef6a3bc3d45805ddad3aa49953e8bd.jpg\" alt=\"\" class=\"wp-image-4704\" srcset=\"https:\/\/www.grelibre.net\/WP\/wp-content\/uploads\/2019\/11\/V_251019_002-1024x471.jpg 1024w, https:\/\/www.grelibre.net\/WP\/wp-content\/uploads\/2019\/11\/V_251019_002-150x69.jpg 150w, https:\/\/www.grelibre.net\/WP\/wp-content\/uploads\/2019\/11\/V_251019_002-300x138.jpg 300w, https:\/\/www.grelibre.net\/WP\/wp-content\/uploads\/2019\/11\/V_251019_002-768x353.jpg 768w, https:\/\/www.grelibre.net\/WP\/wp-content\/uploads\/2019\/11\/V_251019_002.jpg 1200w\" sizes=\"auto, (max-width: 1024px) 100vw, 1024px\" \/><\/figure>\n\n\n\n<figure class=\"wp-block-image\"><img loading=\"lazy\" decoding=\"async\" width=\"1024\" height=\"586\" src=\"http:\/\/www.grelibre.net\/WP\/wp-content\/plugins\/image-shadow\/cache\/85138527e5a04b96f595e39bf8be8ef9.jpg\" alt=\"\" class=\"wp-image-4705\" srcset=\"https:\/\/www.grelibre.net\/WP\/wp-content\/uploads\/2019\/11\/V_251019_006-1024x586.jpg 1024w, https:\/\/www.grelibre.net\/WP\/wp-content\/uploads\/2019\/11\/V_251019_006-150x86.jpg 150w, https:\/\/www.grelibre.net\/WP\/wp-content\/uploads\/2019\/11\/V_251019_006-300x172.jpg 300w, https:\/\/www.grelibre.net\/WP\/wp-content\/uploads\/2019\/11\/V_251019_006-768x440.jpg 768w, https:\/\/www.grelibre.net\/WP\/wp-content\/uploads\/2019\/11\/V_251019_006.jpg 1200w\" sizes=\"auto, (max-width: 1024px) 100vw, 1024px\" \/><\/figure>\n\n\n\n<figure class=\"wp-block-image\"><img loading=\"lazy\" decoding=\"async\" width=\"1024\" height=\"627\" src=\"http:\/\/www.grelibre.net\/WP\/wp-content\/plugins\/image-shadow\/cache\/d6036567853950efa88012b874728c29.jpg\" alt=\"\" class=\"wp-image-4706\" srcset=\"https:\/\/www.grelibre.net\/WP\/wp-content\/uploads\/2019\/11\/V_251019_005-1024x627.jpg 1024w, https:\/\/www.grelibre.net\/WP\/wp-content\/uploads\/2019\/11\/V_251019_005-150x92.jpg 150w, https:\/\/www.grelibre.net\/WP\/wp-content\/uploads\/2019\/11\/V_251019_005-300x184.jpg 300w, https:\/\/www.grelibre.net\/WP\/wp-content\/uploads\/2019\/11\/V_251019_005-768x470.jpg 768w, https:\/\/www.grelibre.net\/WP\/wp-content\/uploads\/2019\/11\/V_251019_005.jpg 1200w\" sizes=\"auto, (max-width: 1024px) 100vw, 1024px\" \/><\/figure>\n\n\n\n<figure class=\"wp-block-image\"><img loading=\"lazy\" decoding=\"async\" width=\"1000\" height=\"667\" src=\"http:\/\/www.grelibre.net\/WP\/wp-content\/plugins\/image-shadow\/cache\/ce6dfe1cbca227c5cfcf3a72cdc5f0ca.jpg\" alt=\"\" class=\"wp-image-4707\" srcset=\"https:\/\/www.grelibre.net\/WP\/wp-content\/uploads\/2019\/11\/Ch_071019_003.jpg 1000w, https:\/\/www.grelibre.net\/WP\/wp-content\/uploads\/2019\/11\/Ch_071019_003-150x100.jpg 150w, https:\/\/www.grelibre.net\/WP\/wp-content\/uploads\/2019\/11\/Ch_071019_003-300x200.jpg 300w, https:\/\/www.grelibre.net\/WP\/wp-content\/uploads\/2019\/11\/Ch_071019_003-768x512.jpg 768w, https:\/\/www.grelibre.net\/WP\/wp-content\/uploads\/2019\/11\/Ch_071019_003-360x240.jpg 360w\" sizes=\"auto, (max-width: 1000px) 100vw, 1000px\" \/><figcaption>mar\u00e9e montante \u00e0 la Dent de Crolles<\/figcaption><\/figure>\n\n\n\n<figure class=\"wp-block-image\"><img loading=\"lazy\" decoding=\"async\" width=\"1024\" height=\"478\" src=\"http:\/\/www.grelibre.net\/WP\/wp-content\/plugins\/image-shadow\/cache\/5933f8e8747457c112a85625681c6a74.jpg\" alt=\"\" class=\"wp-image-4708\" srcset=\"https:\/\/www.grelibre.net\/WP\/wp-content\/uploads\/2019\/11\/Ch_071019_001-1024x478.jpg 1024w, https:\/\/www.grelibre.net\/WP\/wp-content\/uploads\/2019\/11\/Ch_071019_001-150x70.jpg 150w, https:\/\/www.grelibre.net\/WP\/wp-content\/uploads\/2019\/11\/Ch_071019_001-300x140.jpg 300w, https:\/\/www.grelibre.net\/WP\/wp-content\/uploads\/2019\/11\/Ch_071019_001-768x358.jpg 768w, https:\/\/www.grelibre.net\/WP\/wp-content\/uploads\/2019\/11\/Ch_071019_001.jpg 1200w\" sizes=\"auto, (max-width: 1024px) 100vw, 1024px\" \/><figcaption>un soir \u00e0 la Dent de Crolles<\/figcaption><\/figure>\n","protected":false},"excerpt":{"rendered":"<p>Retour sur quelques sorties aux couleurs d&rsquo;automne&#8230;<\/p>\n","protected":false},"author":2,"featured_media":4701,"comment_status":"closed","ping_status":"open","sticky":false,"template":"","format":"standard","meta":{"footnotes":""},"categories":[148,104],"tags":[],"class_list":["post-4695","post","type-post","status-publish","format-standard","has-post-thumbnail","hentry","category-148","category-automne","entry"],"yoast_head":"<!-- This site is optimized with the Yoast SEO plugin v27.5 - https:\/\/yoast.com\/product\/yoast-seo-wordpress\/ -->\n<title>Edito du 08 octobre : ambiance d&#039;automne...<\/title>\n<meta name=\"description\" content=\"Retour sur quelques sorties aux couleurs d&#039;automne...              mar\u00e9e montante \u00e0 la Dent de Crolles  un soir \u00e0 la Dent de Crolles\" \/>\n<meta name=\"robots\" content=\"index, follow, max-snippet:-1, max-image-preview:large, max-video-preview:-1\" \/>\n<link rel=\"canonical\" href=\"https:\/\/www.grelibre.net\/WP\/2019\/10\/15\/edito-du-08-octobre-ambiance-dautomne\/\" \/>\n<meta property=\"og:locale\" content=\"fr_FR\" \/>\n<meta property=\"og:type\" content=\"article\" \/>\n<meta property=\"og:title\" content=\"Edito du 08 octobre : ambiance d&#039;automne...\" \/>\n<meta property=\"og:description\" content=\"Retour sur quelques sorties aux couleurs d&#039;automne...              mar\u00e9e montante \u00e0 la Dent de Crolles  un soir \u00e0 la Dent de Crolles\" \/>\n<meta property=\"og:url\" content=\"https:\/\/www.grelibre.net\/WP\/2019\/10\/15\/edito-du-08-octobre-ambiance-dautomne\/\" \/>\n<meta property=\"og:site_name\" content=\"Grelibre.net\" \/>\n<meta property=\"article:publisher\" content=\"https:\/\/www.facebook.com\/pages\/Grelibre\/127788767248442\" \/>\n<meta property=\"article:published_time\" content=\"2019-10-15T20:19:21+00:00\" \/>\n<meta property=\"article:modified_time\" content=\"2019-11-05T20:20:29+00:00\" \/>\n<meta property=\"og:image\" content=\"https:\/\/www.grelibre.net\/WP\/wp-content\/uploads\/2019\/11\/V_251019_004.jpg\" \/>\n\t<meta property=\"og:image:width\" content=\"1000\" \/>\n\t<meta property=\"og:image:height\" content=\"667\" \/>\n\t<meta property=\"og:image:type\" content=\"image\/jpeg\" \/>\n<meta name=\"author\" content=\"Grelibre\" \/>\n<meta name=\"twitter:label1\" content=\"\u00c9crit par\" \/>\n\t<meta name=\"twitter:data1\" content=\"Grelibre\" \/>\n<script type=\"application\/ld+json\" class=\"yoast-schema-graph\">{\"@context\":\"https:\\\/\\\/schema.org\",\"@graph\":[{\"@type\":\"Article\",\"@id\":\"https:\\\/\\\/www.grelibre.net\\\/WP\\\/2019\\\/10\\\/15\\\/edito-du-08-octobre-ambiance-dautomne\\\/#article\",\"isPartOf\":{\"@id\":\"https:\\\/\\\/www.grelibre.net\\\/WP\\\/2019\\\/10\\\/15\\\/edito-du-08-octobre-ambiance-dautomne\\\/\"},\"author\":{\"name\":\"Grelibre\",\"@id\":\"https:\\\/\\\/www.grelibre.net\\\/WP\\\/#\\\/schema\\\/person\\\/ad30d863c31be1a80dd44300962ef92e\"},\"headline\":\"Edito du 08 octobre : ambiance d&rsquo;automne&#8230;\",\"datePublished\":\"2019-10-15T20:19:21+00:00\",\"dateModified\":\"2019-11-05T20:20:29+00:00\",\"mainEntityOfPage\":{\"@id\":\"https:\\\/\\\/www.grelibre.net\\\/WP\\\/2019\\\/10\\\/15\\\/edito-du-08-octobre-ambiance-dautomne\\\/\"},\"wordCount\":25,\"image\":{\"@id\":\"https:\\\/\\\/www.grelibre.net\\\/WP\\\/2019\\\/10\\\/15\\\/edito-du-08-octobre-ambiance-dautomne\\\/#primaryimage\"},\"thumbnailUrl\":\"https:\\\/\\\/www.grelibre.net\\\/WP\\\/wp-content\\\/uploads\\\/2019\\\/11\\\/V_251019_004.jpg\",\"articleSection\":[\"2019\",\"automne\"],\"inLanguage\":\"fr-FR\"},{\"@type\":\"WebPage\",\"@id\":\"https:\\\/\\\/www.grelibre.net\\\/WP\\\/2019\\\/10\\\/15\\\/edito-du-08-octobre-ambiance-dautomne\\\/\",\"url\":\"https:\\\/\\\/www.grelibre.net\\\/WP\\\/2019\\\/10\\\/15\\\/edito-du-08-octobre-ambiance-dautomne\\\/\",\"name\":\"Edito du 08 octobre : ambiance d'automne...\",\"isPartOf\":{\"@id\":\"https:\\\/\\\/www.grelibre.net\\\/WP\\\/#website\"},\"primaryImageOfPage\":{\"@id\":\"https:\\\/\\\/www.grelibre.net\\\/WP\\\/2019\\\/10\\\/15\\\/edito-du-08-octobre-ambiance-dautomne\\\/#primaryimage\"},\"image\":{\"@id\":\"https:\\\/\\\/www.grelibre.net\\\/WP\\\/2019\\\/10\\\/15\\\/edito-du-08-octobre-ambiance-dautomne\\\/#primaryimage\"},\"thumbnailUrl\":\"https:\\\/\\\/www.grelibre.net\\\/WP\\\/wp-content\\\/uploads\\\/2019\\\/11\\\/V_251019_004.jpg\",\"datePublished\":\"2019-10-15T20:19:21+00:00\",\"dateModified\":\"2019-11-05T20:20:29+00:00\",\"author\":{\"@id\":\"https:\\\/\\\/www.grelibre.net\\\/WP\\\/#\\\/schema\\\/person\\\/ad30d863c31be1a80dd44300962ef92e\"},\"description\":\"Retour sur quelques sorties aux couleurs d'automne... mar\u00e9e montante \u00e0 la Dent de Crolles un soir \u00e0 la Dent de Crolles\",\"inLanguage\":\"fr-FR\",\"potentialAction\":[{\"@type\":\"ReadAction\",\"target\":[\"https:\\\/\\\/www.grelibre.net\\\/WP\\\/2019\\\/10\\\/15\\\/edito-du-08-octobre-ambiance-dautomne\\\/\"]}]},{\"@type\":\"ImageObject\",\"inLanguage\":\"fr-FR\",\"@id\":\"https:\\\/\\\/www.grelibre.net\\\/WP\\\/2019\\\/10\\\/15\\\/edito-du-08-octobre-ambiance-dautomne\\\/#primaryimage\",\"url\":\"https:\\\/\\\/www.grelibre.net\\\/WP\\\/wp-content\\\/uploads\\\/2019\\\/11\\\/V_251019_004.jpg\",\"contentUrl\":\"https:\\\/\\\/www.grelibre.net\\\/WP\\\/wp-content\\\/uploads\\\/2019\\\/11\\\/V_251019_004.jpg\",\"width\":1000,\"height\":667},{\"@type\":\"WebSite\",\"@id\":\"https:\\\/\\\/www.grelibre.net\\\/WP\\\/#website\",\"url\":\"https:\\\/\\\/www.grelibre.net\\\/WP\\\/\",\"name\":\"Grelibre.net\",\"description\":\"la Montagne dans tous ses \u00e9tats\",\"potentialAction\":[{\"@type\":\"SearchAction\",\"target\":{\"@type\":\"EntryPoint\",\"urlTemplate\":\"https:\\\/\\\/www.grelibre.net\\\/WP\\\/?s={search_term_string}\"},\"query-input\":{\"@type\":\"PropertyValueSpecification\",\"valueRequired\":true,\"valueName\":\"search_term_string\"}}],\"inLanguage\":\"fr-FR\"},{\"@type\":\"Person\",\"@id\":\"https:\\\/\\\/www.grelibre.net\\\/WP\\\/#\\\/schema\\\/person\\\/ad30d863c31be1a80dd44300962ef92e\",\"name\":\"Grelibre\",\"image\":{\"@type\":\"ImageObject\",\"inLanguage\":\"fr-FR\",\"@id\":\"https:\\\/\\\/secure.gravatar.com\\\/avatar\\\/58beb5dfb95390604f13a3474b88e7c3cccbd91d3d084e8a46fb51deed41ea4c?s=96&d=mm&r=g\",\"url\":\"https:\\\/\\\/secure.gravatar.com\\\/avatar\\\/58beb5dfb95390604f13a3474b88e7c3cccbd91d3d084e8a46fb51deed41ea4c?s=96&d=mm&r=g\",\"contentUrl\":\"https:\\\/\\\/secure.gravatar.com\\\/avatar\\\/58beb5dfb95390604f13a3474b88e7c3cccbd91d3d084e8a46fb51deed41ea4c?s=96&d=mm&r=g\",\"caption\":\"Grelibre\"},\"sameAs\":[\"http:\\\/\\\/wwww.grelibre.net\"],\"url\":\"https:\\\/\\\/www.grelibre.net\\\/WP\\\/author\\\/grelibreadmin\\\/\"}]}<\/script>\n<!-- \/ Yoast SEO plugin. -->","yoast_head_json":{"title":"Edito du 08 octobre : ambiance d'automne...","description":"Retour sur quelques sorties aux couleurs d'automne...              mar\u00e9e montante \u00e0 la Dent de Crolles  un soir \u00e0 la Dent de Crolles","robots":{"index":"index","follow":"follow","max-snippet":"max-snippet:-1","max-image-preview":"max-image-preview:large","max-video-preview":"max-video-preview:-1"},"canonical":"https:\/\/www.grelibre.net\/WP\/2019\/10\/15\/edito-du-08-octobre-ambiance-dautomne\/","og_locale":"fr_FR","og_type":"article","og_title":"Edito du 08 octobre : ambiance d'automne...","og_description":"Retour sur quelques sorties aux couleurs d'automne...              mar\u00e9e montante \u00e0 la Dent de Crolles  un soir \u00e0 la Dent de Crolles","og_url":"https:\/\/www.grelibre.net\/WP\/2019\/10\/15\/edito-du-08-octobre-ambiance-dautomne\/","og_site_name":"Grelibre.net","article_publisher":"https:\/\/www.facebook.com\/pages\/Grelibre\/127788767248442","article_published_time":"2019-10-15T20:19:21+00:00","article_modified_time":"2019-11-05T20:20:29+00:00","og_image":[{"width":1000,"height":667,"url":"https:\/\/www.grelibre.net\/WP\/wp-content\/uploads\/2019\/11\/V_251019_004.jpg","type":"image\/jpeg"}],"author":"Grelibre","twitter_misc":{"\u00c9crit par":"Grelibre"},"schema":{"@context":"https:\/\/schema.org","@graph":[{"@type":"Article","@id":"https:\/\/www.grelibre.net\/WP\/2019\/10\/15\/edito-du-08-octobre-ambiance-dautomne\/#article","isPartOf":{"@id":"https:\/\/www.grelibre.net\/WP\/2019\/10\/15\/edito-du-08-octobre-ambiance-dautomne\/"},"author":{"name":"Grelibre","@id":"https:\/\/www.grelibre.net\/WP\/#\/schema\/person\/ad30d863c31be1a80dd44300962ef92e"},"headline":"Edito du 08 octobre : ambiance d&rsquo;automne&#8230;","datePublished":"2019-10-15T20:19:21+00:00","dateModified":"2019-11-05T20:20:29+00:00","mainEntityOfPage":{"@id":"https:\/\/www.grelibre.net\/WP\/2019\/10\/15\/edito-du-08-octobre-ambiance-dautomne\/"},"wordCount":25,"image":{"@id":"https:\/\/www.grelibre.net\/WP\/2019\/10\/15\/edito-du-08-octobre-ambiance-dautomne\/#primaryimage"},"thumbnailUrl":"https:\/\/www.grelibre.net\/WP\/wp-content\/uploads\/2019\/11\/V_251019_004.jpg","articleSection":["2019","automne"],"inLanguage":"fr-FR"},{"@type":"WebPage","@id":"https:\/\/www.grelibre.net\/WP\/2019\/10\/15\/edito-du-08-octobre-ambiance-dautomne\/","url":"https:\/\/www.grelibre.net\/WP\/2019\/10\/15\/edito-du-08-octobre-ambiance-dautomne\/","name":"Edito du 08 octobre : ambiance d'automne...","isPartOf":{"@id":"https:\/\/www.grelibre.net\/WP\/#website"},"primaryImageOfPage":{"@id":"https:\/\/www.grelibre.net\/WP\/2019\/10\/15\/edito-du-08-octobre-ambiance-dautomne\/#primaryimage"},"image":{"@id":"https:\/\/www.grelibre.net\/WP\/2019\/10\/15\/edito-du-08-octobre-ambiance-dautomne\/#primaryimage"},"thumbnailUrl":"https:\/\/www.grelibre.net\/WP\/wp-content\/uploads\/2019\/11\/V_251019_004.jpg","datePublished":"2019-10-15T20:19:21+00:00","dateModified":"2019-11-05T20:20:29+00:00","author":{"@id":"https:\/\/www.grelibre.net\/WP\/#\/schema\/person\/ad30d863c31be1a80dd44300962ef92e"},"description":"Retour sur quelques sorties aux couleurs d'automne... mar\u00e9e montante \u00e0 la Dent de Crolles un soir \u00e0 la Dent de Crolles","inLanguage":"fr-FR","potentialAction":[{"@type":"ReadAction","target":["https:\/\/www.grelibre.net\/WP\/2019\/10\/15\/edito-du-08-octobre-ambiance-dautomne\/"]}]},{"@type":"ImageObject","inLanguage":"fr-FR","@id":"https:\/\/www.grelibre.net\/WP\/2019\/10\/15\/edito-du-08-octobre-ambiance-dautomne\/#primaryimage","url":"https:\/\/www.grelibre.net\/WP\/wp-content\/uploads\/2019\/11\/V_251019_004.jpg","contentUrl":"https:\/\/www.grelibre.net\/WP\/wp-content\/uploads\/2019\/11\/V_251019_004.jpg","width":1000,"height":667},{"@type":"WebSite","@id":"https:\/\/www.grelibre.net\/WP\/#website","url":"https:\/\/www.grelibre.net\/WP\/","name":"Grelibre.net","description":"la Montagne dans tous ses \u00e9tats","potentialAction":[{"@type":"SearchAction","target":{"@type":"EntryPoint","urlTemplate":"https:\/\/www.grelibre.net\/WP\/?s={search_term_string}"},"query-input":{"@type":"PropertyValueSpecification","valueRequired":true,"valueName":"search_term_string"}}],"inLanguage":"fr-FR"},{"@type":"Person","@id":"https:\/\/www.grelibre.net\/WP\/#\/schema\/person\/ad30d863c31be1a80dd44300962ef92e","name":"Grelibre","image":{"@type":"ImageObject","inLanguage":"fr-FR","@id":"https:\/\/secure.gravatar.com\/avatar\/58beb5dfb95390604f13a3474b88e7c3cccbd91d3d084e8a46fb51deed41ea4c?s=96&d=mm&r=g","url":"https:\/\/secure.gravatar.com\/avatar\/58beb5dfb95390604f13a3474b88e7c3cccbd91d3d084e8a46fb51deed41ea4c?s=96&d=mm&r=g","contentUrl":"https:\/\/secure.gravatar.com\/avatar\/58beb5dfb95390604f13a3474b88e7c3cccbd91d3d084e8a46fb51deed41ea4c?s=96&d=mm&r=g","caption":"Grelibre"},"sameAs":["http:\/\/wwww.grelibre.net"],"url":"https:\/\/www.grelibre.net\/WP\/author\/grelibreadmin\/"}]}},"_links":{"self":[{"href":"https:\/\/www.grelibre.net\/WP\/wp-json\/wp\/v2\/posts\/4695","targetHints":{"allow":["GET"]}}],"collection":[{"href":"https:\/\/www.grelibre.net\/WP\/wp-json\/wp\/v2\/posts"}],"about":[{"href":"https:\/\/www.grelibre.net\/WP\/wp-json\/wp\/v2\/types\/post"}],"author":[{"embeddable":true,"href":"https:\/\/www.grelibre.net\/WP\/wp-json\/wp\/v2\/users\/2"}],"replies":[{"embeddable":true,"href":"https:\/\/www.grelibre.net\/WP\/wp-json\/wp\/v2\/comments?post=4695"}],"version-history":[{"count":3,"href":"https:\/\/www.grelibre.net\/WP\/wp-json\/wp\/v2\/posts\/4695\/revisions"}],"predecessor-version":[{"id":4710,"href":"https:\/\/www.grelibre.net\/WP\/wp-json\/wp\/v2\/posts\/4695\/revisions\/4710"}],"wp:featuredmedia":[{"embeddable":true,"href":"https:\/\/www.grelibre.net\/WP\/wp-json\/wp\/v2\/media\/4701"}],"wp:attachment":[{"href":"https:\/\/www.grelibre.net\/WP\/wp-json\/wp\/v2\/media?parent=4695"}],"wp:term":[{"taxonomy":"category","embeddable":true,"href":"https:\/\/www.grelibre.net\/WP\/wp-json\/wp\/v2\/categories?post=4695"},{"taxonomy":"post_tag","embeddable":true,"href":"https:\/\/www.grelibre.net\/WP\/wp-json\/wp\/v2\/tags?post=4695"}],"curies":[{"name":"wp","href":"https:\/\/api.w.org\/{rel}","templated":true}]}}