{"id":469,"date":"2005-05-09T14:59:21","date_gmt":"2005-05-09T13:59:21","guid":{"rendered":"http:\/\/www.grelibre.net\/wordpress\/?p=469"},"modified":"2013-04-15T18:46:26","modified_gmt":"2013-04-15T18:46:26","slug":"edito-du-09-mai-3","status":"publish","type":"post","link":"https:\/\/www.grelibre.net\/WP\/2005\/05\/09\/edito-du-09-mai-3\/","title":{"rendered":"Edito du 09 mai"},"content":{"rendered":"<p>Retour du beau temps pour 3 jours<\/p>\n<p>Point du 10 mai \u00e0 8 heures: Bon vu le temps de ce matin, le titre d&rsquo;hier soir est un peu faux&#8230; En effet, des remont\u00e9es du Sud nous gachent cette journ\u00e9e !!<\/p>\n<p>Bonjour,<\/p>\n<p>D\u00e9sol\u00e9 pour le manque d&rsquo;\u00e9dito des derniers jours. Je comptais faire de belles photos du Val d&rsquo;Arly mais malheureusement, le temps en a d\u00e9cid\u00e9 autrement&#8230; J&rsquo;ai pu prendre juste avant de partir dimanche, deux photos des Aravis qui commen\u00e7aient \u00e0 se d\u00e9gager&#8230;<br \/>\nAujourd&rsquo;hui fut une belle journ\u00e9e m\u00eame si le ciel est rest\u00e9 un peu brumeux sur Belledonne&#8230; La temp\u00e9rature fut agr\u00e9able mais sans plus, rien de comparable avec la semaine derni\u00e8re !!<br \/>\nLa semaine commence bien mais terminera mal&#8230; Profitons de ces jours de beau soleil&#8230;<\/p>\n<p>Revenons sur ce week end : Apr\u00e8s un jeudi totalement ex\u00e9crable sur Grenoble (assez rare sur l&rsquo;agglo), des \u00e9claircies sont revenues vendredi matin. Ayant pass\u00e9 mon week end dans le Val d&rsquo;Arly (entre Aravis et Beaufortin), mes comentaires seront surtout pour cette r\u00e9gion alpine. Les \u00e9claircies sont rest\u00e9es avec nous jusqu&rsquo;au col des Saisies. A croire que la limite \u00e9tait \u00e0 la fronti\u00e8re Savoie Haute-Savoie&#8230; Au col le brouillard \u00e9tait bien pr\u00e9sent et de l&rsquo;autre cot\u00e9 du col (versant nord), le temps \u00e9tait couvert avec de temps en temps quelques averses. La temp\u00e9rature \u00e0 1400m n&rsquo;a pas d\u00e9pass\u00e9 les 7\u00b0C ! Le soir, quelques \u00e9claircies sont apparues ce qui nous a permis de faire un barbecue pour nous r\u00e9chauffer ! Le lendemain matin, le ciel \u00e9tait assez bien d\u00e9gag\u00e9 sauf vers les hauts sommets des Aravis. Puis en milieu de matin\u00e9e, le temps s&rsquo;est \u00e0 nouveau couvert avec toujours un vent glacial sur les cr\u00e8tes. La temp\u00e9rature est m\u00eame descendue dans l&rsquo;apr\u00e8s midi avec un petit 5 \u00e0 6\u00b0C maxi ! Dimanche matin, le temps est devenu un peu plus d\u00e9gag\u00e9 que les jours pr\u00e9c\u00e9dents et enfin, les Aravis commencaient \u00e0 se d\u00e9gager o\u00f9 on pouvait deviner un petit saupoudrage sur les hauteurs&#8230; Plus on descndait vers le sud et donc vers Grenoble plus le temps devenait totalement d\u00e9gag\u00e9&#8230; J&rsquo;\u00e9tais assez surpris sur la quantit\u00e9 de neige qu&rsquo;il y avait encore \u00e0 moins de 1500m, \u00e0 certains endroits, il restait des amas de neige de plus de 1m50 !<\/p>\n<p>Les Aravis se d\u00e9gageant&#8230;<br \/>\n<img decoding=\"async\" src=\"http:\/\/www.grelibre.net\/WP\/wp-content\/plugins\/image-shadow\/cache\/c11a38f998518e80c91c54faa5c916a5.jpg\" \/><\/p>\n<p>Belle prairies avec les Aravis&#8230;<br \/>\n<img decoding=\"async\" src=\"http:\/\/www.grelibre.net\/WP\/wp-content\/plugins\/image-shadow\/cache\/6bd91086f006860fa330b8853988d977.jpg\" \/><\/p>\n<p>Le Moucherotte (Vercors) au petit matin<br \/>\n<img decoding=\"async\" src=\"http:\/\/www.grelibre.net\/WP\/wp-content\/plugins\/image-shadow\/cache\/319bf1e21bf712e63a516d1d76aa7d20.jpg\" \/><\/p>\n<p>Belledonne sous un ciel brumeux en fin de journ\u00e9e<br \/>\n<img decoding=\"async\" src=\"http:\/\/www.grelibre.net\/WP\/wp-content\/plugins\/image-shadow\/cache\/24805b216948cb0dbae6da0e773baa4a.jpg\" \/><\/p>\n<p>Info du jour :<br \/>\nPas d&rsquo;info du jour<\/p>\n<p>Commentaire du jour :<br \/>\nPas de commentaire&#8230;<\/p>\n<p>La suite ? Beau temps jusqu&rsquo;\u00e0 mercredi soir puis \u00e0 nouveau des averses orageuses&#8230; A suivre&#8230;<\/p>\n","protected":false},"excerpt":{"rendered":"<p>Retour du beau temps pour 3 jours Point du 10 mai \u00e0 8 heures: Bon vu le temps de ce matin, le titre d&rsquo;hier soir est un peu faux&#8230; En effet, des remont\u00e9es du Sud nous gachent cette journ\u00e9e !! Bonjour, D\u00e9sol\u00e9 pour le manque d&rsquo;\u00e9dito des derniers jours. Je comptais faire de belles photos&hellip;<\/p>\n<p class=\"more\"><a class=\"more-link\" href=\"https:\/\/www.grelibre.net\/WP\/2005\/05\/09\/edito-du-09-mai-3\/\">Continue reading <span class=\"screen-reader-text\">Edito du 09 mai<\/span><\/a><\/p>\n","protected":false},"author":2,"featured_media":0,"comment_status":"closed","ping_status":"closed","sticky":false,"template":"","format":"standard","meta":{"footnotes":""},"categories":[1],"tags":[],"class_list":["post-469","post","type-post","status-publish","format-standard","hentry","category-non-classe","entry"],"yoast_head":"<!-- This site is optimized with the Yoast SEO plugin v27.5 - https:\/\/yoast.com\/product\/yoast-seo-wordpress\/ -->\n<title>Edito du 09 mai<\/title>\n<meta name=\"description\" content=\"Retour du beau temps pour 3 jours Point du 10 mai \u00e0 8 heures: Bon vu le temps de ce matin, le titre d&#039;hier soir est un peu faux... En effet, des remont\u00e9es\" \/>\n<meta name=\"robots\" content=\"index, follow, max-snippet:-1, max-image-preview:large, max-video-preview:-1\" \/>\n<link rel=\"canonical\" href=\"https:\/\/www.grelibre.net\/WP\/2005\/05\/09\/edito-du-09-mai-3\/\" \/>\n<meta property=\"og:locale\" content=\"fr_FR\" \/>\n<meta property=\"og:type\" content=\"article\" \/>\n<meta property=\"og:title\" content=\"Edito du 09 mai\" \/>\n<meta property=\"og:description\" content=\"Retour du beau temps pour 3 jours Point du 10 mai \u00e0 8 heures: Bon vu le temps de ce matin, le titre d&#039;hier soir est un peu faux... En effet, des remont\u00e9es\" \/>\n<meta property=\"og:url\" content=\"https:\/\/www.grelibre.net\/WP\/2005\/05\/09\/edito-du-09-mai-3\/\" \/>\n<meta property=\"og:site_name\" content=\"Grelibre.net\" \/>\n<meta property=\"article:publisher\" content=\"https:\/\/www.facebook.com\/pages\/Grelibre\/127788767248442\" \/>\n<meta property=\"article:published_time\" content=\"2005-05-09T13:59:21+00:00\" \/>\n<meta property=\"article:modified_time\" content=\"2013-04-15T18:46:26+00:00\" \/>\n<meta property=\"og:image\" content=\"http:\/\/www.grelibre.net\/Images\/2005\/Autre\/05\/Aravis_080505_001.jpg\" \/>\n<meta name=\"author\" content=\"Grelibre\" \/>\n<meta name=\"twitter:label1\" content=\"\u00c9crit par\" \/>\n\t<meta name=\"twitter:data1\" content=\"Grelibre\" \/>\n\t<meta name=\"twitter:label2\" content=\"Dur\u00e9e de lecture estim\u00e9e\" \/>\n\t<meta name=\"twitter:data2\" content=\"2 minutes\" \/>\n<script type=\"application\/ld+json\" class=\"yoast-schema-graph\">{\"@context\":\"https:\\\/\\\/schema.org\",\"@graph\":[{\"@type\":\"Article\",\"@id\":\"https:\\\/\\\/www.grelibre.net\\\/WP\\\/2005\\\/05\\\/09\\\/edito-du-09-mai-3\\\/#article\",\"isPartOf\":{\"@id\":\"https:\\\/\\\/www.grelibre.net\\\/WP\\\/2005\\\/05\\\/09\\\/edito-du-09-mai-3\\\/\"},\"author\":{\"name\":\"Grelibre\",\"@id\":\"https:\\\/\\\/www.grelibre.net\\\/WP\\\/#\\\/schema\\\/person\\\/ad30d863c31be1a80dd44300962ef92e\"},\"headline\":\"Edito du 09 mai\",\"datePublished\":\"2005-05-09T13:59:21+00:00\",\"dateModified\":\"2013-04-15T18:46:26+00:00\",\"mainEntityOfPage\":{\"@id\":\"https:\\\/\\\/www.grelibre.net\\\/WP\\\/2005\\\/05\\\/09\\\/edito-du-09-mai-3\\\/\"},\"wordCount\":446,\"image\":{\"@id\":\"https:\\\/\\\/www.grelibre.net\\\/WP\\\/2005\\\/05\\\/09\\\/edito-du-09-mai-3\\\/#primaryimage\"},\"thumbnailUrl\":\"http:\\\/\\\/www.grelibre.net\\\/Images\\\/2005\\\/Autre\\\/05\\\/Aravis_080505_001.jpg\",\"inLanguage\":\"fr-FR\"},{\"@type\":\"WebPage\",\"@id\":\"https:\\\/\\\/www.grelibre.net\\\/WP\\\/2005\\\/05\\\/09\\\/edito-du-09-mai-3\\\/\",\"url\":\"https:\\\/\\\/www.grelibre.net\\\/WP\\\/2005\\\/05\\\/09\\\/edito-du-09-mai-3\\\/\",\"name\":\"Edito du 09 mai\",\"isPartOf\":{\"@id\":\"https:\\\/\\\/www.grelibre.net\\\/WP\\\/#website\"},\"primaryImageOfPage\":{\"@id\":\"https:\\\/\\\/www.grelibre.net\\\/WP\\\/2005\\\/05\\\/09\\\/edito-du-09-mai-3\\\/#primaryimage\"},\"image\":{\"@id\":\"https:\\\/\\\/www.grelibre.net\\\/WP\\\/2005\\\/05\\\/09\\\/edito-du-09-mai-3\\\/#primaryimage\"},\"thumbnailUrl\":\"http:\\\/\\\/www.grelibre.net\\\/Images\\\/2005\\\/Autre\\\/05\\\/Aravis_080505_001.jpg\",\"datePublished\":\"2005-05-09T13:59:21+00:00\",\"dateModified\":\"2013-04-15T18:46:26+00:00\",\"author\":{\"@id\":\"https:\\\/\\\/www.grelibre.net\\\/WP\\\/#\\\/schema\\\/person\\\/ad30d863c31be1a80dd44300962ef92e\"},\"description\":\"Retour du beau temps pour 3 jours Point du 10 mai \u00e0 8 heures: Bon vu le temps de ce matin, le titre d'hier soir est un peu faux... En effet, des remont\u00e9es\",\"inLanguage\":\"fr-FR\",\"potentialAction\":[{\"@type\":\"ReadAction\",\"target\":[\"https:\\\/\\\/www.grelibre.net\\\/WP\\\/2005\\\/05\\\/09\\\/edito-du-09-mai-3\\\/\"]}]},{\"@type\":\"ImageObject\",\"inLanguage\":\"fr-FR\",\"@id\":\"https:\\\/\\\/www.grelibre.net\\\/WP\\\/2005\\\/05\\\/09\\\/edito-du-09-mai-3\\\/#primaryimage\",\"url\":\"http:\\\/\\\/www.grelibre.net\\\/Images\\\/2005\\\/Autre\\\/05\\\/Aravis_080505_001.jpg\",\"contentUrl\":\"http:\\\/\\\/www.grelibre.net\\\/Images\\\/2005\\\/Autre\\\/05\\\/Aravis_080505_001.jpg\"},{\"@type\":\"WebSite\",\"@id\":\"https:\\\/\\\/www.grelibre.net\\\/WP\\\/#website\",\"url\":\"https:\\\/\\\/www.grelibre.net\\\/WP\\\/\",\"name\":\"Grelibre.net\",\"description\":\"la Montagne dans tous ses \u00e9tats\",\"potentialAction\":[{\"@type\":\"SearchAction\",\"target\":{\"@type\":\"EntryPoint\",\"urlTemplate\":\"https:\\\/\\\/www.grelibre.net\\\/WP\\\/?s={search_term_string}\"},\"query-input\":{\"@type\":\"PropertyValueSpecification\",\"valueRequired\":true,\"valueName\":\"search_term_string\"}}],\"inLanguage\":\"fr-FR\"},{\"@type\":\"Person\",\"@id\":\"https:\\\/\\\/www.grelibre.net\\\/WP\\\/#\\\/schema\\\/person\\\/ad30d863c31be1a80dd44300962ef92e\",\"name\":\"Grelibre\",\"image\":{\"@type\":\"ImageObject\",\"inLanguage\":\"fr-FR\",\"@id\":\"https:\\\/\\\/secure.gravatar.com\\\/avatar\\\/58beb5dfb95390604f13a3474b88e7c3cccbd91d3d084e8a46fb51deed41ea4c?s=96&d=mm&r=g\",\"url\":\"https:\\\/\\\/secure.gravatar.com\\\/avatar\\\/58beb5dfb95390604f13a3474b88e7c3cccbd91d3d084e8a46fb51deed41ea4c?s=96&d=mm&r=g\",\"contentUrl\":\"https:\\\/\\\/secure.gravatar.com\\\/avatar\\\/58beb5dfb95390604f13a3474b88e7c3cccbd91d3d084e8a46fb51deed41ea4c?s=96&d=mm&r=g\",\"caption\":\"Grelibre\"},\"sameAs\":[\"http:\\\/\\\/wwww.grelibre.net\"],\"url\":\"https:\\\/\\\/www.grelibre.net\\\/WP\\\/author\\\/grelibreadmin\\\/\"}]}<\/script>\n<!-- \/ Yoast SEO plugin. -->","yoast_head_json":{"title":"Edito du 09 mai","description":"Retour du beau temps pour 3 jours Point du 10 mai \u00e0 8 heures: Bon vu le temps de ce matin, le titre d'hier soir est un peu faux... En effet, des remont\u00e9es","robots":{"index":"index","follow":"follow","max-snippet":"max-snippet:-1","max-image-preview":"max-image-preview:large","max-video-preview":"max-video-preview:-1"},"canonical":"https:\/\/www.grelibre.net\/WP\/2005\/05\/09\/edito-du-09-mai-3\/","og_locale":"fr_FR","og_type":"article","og_title":"Edito du 09 mai","og_description":"Retour du beau temps pour 3 jours Point du 10 mai \u00e0 8 heures: Bon vu le temps de ce matin, le titre d'hier soir est un peu faux... En effet, des remont\u00e9es","og_url":"https:\/\/www.grelibre.net\/WP\/2005\/05\/09\/edito-du-09-mai-3\/","og_site_name":"Grelibre.net","article_publisher":"https:\/\/www.facebook.com\/pages\/Grelibre\/127788767248442","article_published_time":"2005-05-09T13:59:21+00:00","article_modified_time":"2013-04-15T18:46:26+00:00","og_image":[{"url":"http:\/\/www.grelibre.net\/Images\/2005\/Autre\/05\/Aravis_080505_001.jpg","type":"","width":"","height":""}],"author":"Grelibre","twitter_misc":{"\u00c9crit par":"Grelibre","Dur\u00e9e de lecture estim\u00e9e":"2 minutes"},"schema":{"@context":"https:\/\/schema.org","@graph":[{"@type":"Article","@id":"https:\/\/www.grelibre.net\/WP\/2005\/05\/09\/edito-du-09-mai-3\/#article","isPartOf":{"@id":"https:\/\/www.grelibre.net\/WP\/2005\/05\/09\/edito-du-09-mai-3\/"},"author":{"name":"Grelibre","@id":"https:\/\/www.grelibre.net\/WP\/#\/schema\/person\/ad30d863c31be1a80dd44300962ef92e"},"headline":"Edito du 09 mai","datePublished":"2005-05-09T13:59:21+00:00","dateModified":"2013-04-15T18:46:26+00:00","mainEntityOfPage":{"@id":"https:\/\/www.grelibre.net\/WP\/2005\/05\/09\/edito-du-09-mai-3\/"},"wordCount":446,"image":{"@id":"https:\/\/www.grelibre.net\/WP\/2005\/05\/09\/edito-du-09-mai-3\/#primaryimage"},"thumbnailUrl":"http:\/\/www.grelibre.net\/Images\/2005\/Autre\/05\/Aravis_080505_001.jpg","inLanguage":"fr-FR"},{"@type":"WebPage","@id":"https:\/\/www.grelibre.net\/WP\/2005\/05\/09\/edito-du-09-mai-3\/","url":"https:\/\/www.grelibre.net\/WP\/2005\/05\/09\/edito-du-09-mai-3\/","name":"Edito du 09 mai","isPartOf":{"@id":"https:\/\/www.grelibre.net\/WP\/#website"},"primaryImageOfPage":{"@id":"https:\/\/www.grelibre.net\/WP\/2005\/05\/09\/edito-du-09-mai-3\/#primaryimage"},"image":{"@id":"https:\/\/www.grelibre.net\/WP\/2005\/05\/09\/edito-du-09-mai-3\/#primaryimage"},"thumbnailUrl":"http:\/\/www.grelibre.net\/Images\/2005\/Autre\/05\/Aravis_080505_001.jpg","datePublished":"2005-05-09T13:59:21+00:00","dateModified":"2013-04-15T18:46:26+00:00","author":{"@id":"https:\/\/www.grelibre.net\/WP\/#\/schema\/person\/ad30d863c31be1a80dd44300962ef92e"},"description":"Retour du beau temps pour 3 jours Point du 10 mai \u00e0 8 heures: Bon vu le temps de ce matin, le titre d'hier soir est un peu faux... En effet, des remont\u00e9es","inLanguage":"fr-FR","potentialAction":[{"@type":"ReadAction","target":["https:\/\/www.grelibre.net\/WP\/2005\/05\/09\/edito-du-09-mai-3\/"]}]},{"@type":"ImageObject","inLanguage":"fr-FR","@id":"https:\/\/www.grelibre.net\/WP\/2005\/05\/09\/edito-du-09-mai-3\/#primaryimage","url":"http:\/\/www.grelibre.net\/Images\/2005\/Autre\/05\/Aravis_080505_001.jpg","contentUrl":"http:\/\/www.grelibre.net\/Images\/2005\/Autre\/05\/Aravis_080505_001.jpg"},{"@type":"WebSite","@id":"https:\/\/www.grelibre.net\/WP\/#website","url":"https:\/\/www.grelibre.net\/WP\/","name":"Grelibre.net","description":"la Montagne dans tous ses \u00e9tats","potentialAction":[{"@type":"SearchAction","target":{"@type":"EntryPoint","urlTemplate":"https:\/\/www.grelibre.net\/WP\/?s={search_term_string}"},"query-input":{"@type":"PropertyValueSpecification","valueRequired":true,"valueName":"search_term_string"}}],"inLanguage":"fr-FR"},{"@type":"Person","@id":"https:\/\/www.grelibre.net\/WP\/#\/schema\/person\/ad30d863c31be1a80dd44300962ef92e","name":"Grelibre","image":{"@type":"ImageObject","inLanguage":"fr-FR","@id":"https:\/\/secure.gravatar.com\/avatar\/58beb5dfb95390604f13a3474b88e7c3cccbd91d3d084e8a46fb51deed41ea4c?s=96&d=mm&r=g","url":"https:\/\/secure.gravatar.com\/avatar\/58beb5dfb95390604f13a3474b88e7c3cccbd91d3d084e8a46fb51deed41ea4c?s=96&d=mm&r=g","contentUrl":"https:\/\/secure.gravatar.com\/avatar\/58beb5dfb95390604f13a3474b88e7c3cccbd91d3d084e8a46fb51deed41ea4c?s=96&d=mm&r=g","caption":"Grelibre"},"sameAs":["http:\/\/wwww.grelibre.net"],"url":"https:\/\/www.grelibre.net\/WP\/author\/grelibreadmin\/"}]}},"_links":{"self":[{"href":"https:\/\/www.grelibre.net\/WP\/wp-json\/wp\/v2\/posts\/469","targetHints":{"allow":["GET"]}}],"collection":[{"href":"https:\/\/www.grelibre.net\/WP\/wp-json\/wp\/v2\/posts"}],"about":[{"href":"https:\/\/www.grelibre.net\/WP\/wp-json\/wp\/v2\/types\/post"}],"author":[{"embeddable":true,"href":"https:\/\/www.grelibre.net\/WP\/wp-json\/wp\/v2\/users\/2"}],"replies":[{"embeddable":true,"href":"https:\/\/www.grelibre.net\/WP\/wp-json\/wp\/v2\/comments?post=469"}],"version-history":[{"count":1,"href":"https:\/\/www.grelibre.net\/WP\/wp-json\/wp\/v2\/posts\/469\/revisions"}],"predecessor-version":[{"id":2103,"href":"https:\/\/www.grelibre.net\/WP\/wp-json\/wp\/v2\/posts\/469\/revisions\/2103"}],"wp:attachment":[{"href":"https:\/\/www.grelibre.net\/WP\/wp-json\/wp\/v2\/media?parent=469"}],"wp:term":[{"taxonomy":"category","embeddable":true,"href":"https:\/\/www.grelibre.net\/WP\/wp-json\/wp\/v2\/categories?post=469"},{"taxonomy":"post_tag","embeddable":true,"href":"https:\/\/www.grelibre.net\/WP\/wp-json\/wp\/v2\/tags?post=469"}],"curies":[{"name":"wp","href":"https:\/\/api.w.org\/{rel}","templated":true}]}}