{"id":459,"date":"2005-04-17T14:46:05","date_gmt":"2005-04-17T13:46:05","guid":{"rendered":"http:\/\/www.grelibre.net\/wordpress\/?p=459"},"modified":"2013-04-15T18:46:27","modified_gmt":"2013-04-15T18:46:27","slug":"edito-du-17-avril-2","status":"publish","type":"post","link":"https:\/\/www.grelibre.net\/WP\/2005\/04\/17\/edito-du-17-avril-2\/","title":{"rendered":"Edito du 17 avril"},"content":{"rendered":"<p>Neige au mois d&rsquo;Avril ? !<br \/>\nPas d&rsquo;\u00e9dito cette semaine sauf s&rsquo;il y de la neige \u00e0 Paris !!<\/p>\n<p>Bonjour,<\/p>\n<p>Hier d\u00e9j\u00e0, la neige, c&rsquo;\u00e9tait assez exceptionnelle mais alors aujourd&rsquo;hui !!<br \/>\nLe r\u00e9veil pour les Grenoblois fut ce matin sous la neige avec facilement 5 cm de neige lourde et mouill\u00e9e. Les routes ressemblaient \u00e0 de grandes marmites de soupe et m\u00e9lasse. Les pauvres arbres en fleurs croulaient sous le poids de cette neige de printemps comme en t\u00e9moigne ces lilas de la photo du jour&#8230; A peine 4\u00b0 \u00e0 5\u00b0C au plus chaud de la journ\u00e9e \u00e0 Grenoble !<br \/>\nBon, ce ph\u00e9nom\u00e8ne n&rsquo;\u00e9tait pas unique dans la r\u00e9gion puisque tout l&rsquo;arc alpin fran\u00e7ais se retrouvait sous de la neige \u00e0 basse altitude. Le nord Is\u00e8re est particuli\u00e8rement touch\u00e9 avec des arbres en travers la route, des coupures de courant et des routes impratiquables.<\/p>\n<p>Photo du jour : Les Lilas croulent sous cette petite couche de neige lourde<br \/>\n<img decoding=\"async\" src=\"http:\/\/www.grelibre.net\/WP\/wp-content\/plugins\/image-shadow\/cache\/bf19e5e7a6228d55bc19f504717b2f2e.jpg\" \/><\/p>\n<p>Le printemps ?<br \/>\n<img decoding=\"async\" src=\"http:\/\/www.grelibre.net\/WP\/wp-content\/plugins\/image-shadow\/cache\/7fd39c5f8413e82fad867f67ed2eabcc.jpg\" \/><\/p>\n<p>Ce matin, sous la neige&#8230;<br \/>\n<img decoding=\"async\" src=\"http:\/\/www.grelibre.net\/WP\/wp-content\/plugins\/image-shadow\/cache\/e8d716b0e10a7673eac4bafbf7d63416.jpg\" \/><\/p>\n<p>ce midi sous la neige&#8230;<br \/>\n<img decoding=\"async\" src=\"http:\/\/www.grelibre.net\/WP\/wp-content\/plugins\/image-shadow\/cache\/d3a74fedd2694b4de10cc5f5ce301a0e.jpg\" \/><\/p>\n<p>Info du jour :<br \/>\nInnondations importantes dans l&rsquo;Ouest de la r\u00e9gion (Lyon, Ain, bourgogne&#8230;) !<\/p>\n<p>Commentaire du jour :<br \/>\nQuand on pense que certaines r\u00e9gions manquent d&rsquo;eau !<\/p>\n<p>La suite ? Plus de neige, en tous cas en plaine ! Lente remont\u00e9e des temp\u00e9ratures dans la semaine. A suivre&#8230;<\/p>\n","protected":false},"excerpt":{"rendered":"<p>Neige au mois d&rsquo;Avril ? ! Pas d&rsquo;\u00e9dito cette semaine sauf s&rsquo;il y de la neige \u00e0 Paris !! Bonjour, Hier d\u00e9j\u00e0, la neige, c&rsquo;\u00e9tait assez exceptionnelle mais alors aujourd&rsquo;hui !! Le r\u00e9veil pour les Grenoblois fut ce matin sous la neige avec facilement 5 cm de neige lourde et mouill\u00e9e. Les routes ressemblaient \u00e0&hellip;<\/p>\n<p class=\"more\"><a class=\"more-link\" href=\"https:\/\/www.grelibre.net\/WP\/2005\/04\/17\/edito-du-17-avril-2\/\">Continue reading <span class=\"screen-reader-text\">Edito du 17 avril<\/span><\/a><\/p>\n","protected":false},"author":2,"featured_media":0,"comment_status":"closed","ping_status":"closed","sticky":false,"template":"","format":"standard","meta":{"footnotes":""},"categories":[1],"tags":[],"class_list":["post-459","post","type-post","status-publish","format-standard","hentry","category-non-classe","entry"],"yoast_head":"<!-- This site is optimized with the Yoast SEO plugin v27.5 - https:\/\/yoast.com\/product\/yoast-seo-wordpress\/ -->\n<title>Edito du 17 avril<\/title>\n<meta name=\"description\" content=\"Neige au mois d&#039;Avril ? ! Pas d&#039;\u00e9dito cette semaine sauf s&#039;il y de la neige \u00e0 Paris !! Bonjour, Hier d\u00e9j\u00e0, la neige, c&#039;\u00e9tait assez exceptionnelle mais\" \/>\n<meta name=\"robots\" content=\"index, follow, max-snippet:-1, max-image-preview:large, max-video-preview:-1\" \/>\n<link rel=\"canonical\" href=\"https:\/\/www.grelibre.net\/WP\/2005\/04\/17\/edito-du-17-avril-2\/\" \/>\n<meta property=\"og:locale\" content=\"fr_FR\" \/>\n<meta property=\"og:type\" content=\"article\" \/>\n<meta property=\"og:title\" content=\"Edito du 17 avril\" \/>\n<meta property=\"og:description\" content=\"Neige au mois d&#039;Avril ? ! Pas d&#039;\u00e9dito cette semaine sauf s&#039;il y de la neige \u00e0 Paris !! Bonjour, Hier d\u00e9j\u00e0, la neige, c&#039;\u00e9tait assez exceptionnelle mais\" \/>\n<meta property=\"og:url\" content=\"https:\/\/www.grelibre.net\/WP\/2005\/04\/17\/edito-du-17-avril-2\/\" \/>\n<meta property=\"og:site_name\" content=\"Grelibre.net\" \/>\n<meta property=\"article:publisher\" content=\"https:\/\/www.facebook.com\/pages\/Grelibre\/127788767248442\" \/>\n<meta property=\"article:published_time\" content=\"2005-04-17T13:46:05+00:00\" \/>\n<meta property=\"article:modified_time\" content=\"2013-04-15T18:46:27+00:00\" \/>\n<meta property=\"og:image\" content=\"http:\/\/www.grelibre.net\/Images\/2005\/04\/Gre_170405_003.jpg\" \/>\n<meta name=\"author\" content=\"Grelibre\" \/>\n<meta name=\"twitter:label1\" content=\"\u00c9crit par\" \/>\n\t<meta name=\"twitter:data1\" content=\"Grelibre\" \/>\n\t<meta name=\"twitter:label2\" content=\"Dur\u00e9e de lecture estim\u00e9e\" \/>\n\t<meta name=\"twitter:data2\" content=\"1 minute\" \/>\n<script type=\"application\/ld+json\" class=\"yoast-schema-graph\">{\"@context\":\"https:\\\/\\\/schema.org\",\"@graph\":[{\"@type\":\"Article\",\"@id\":\"https:\\\/\\\/www.grelibre.net\\\/WP\\\/2005\\\/04\\\/17\\\/edito-du-17-avril-2\\\/#article\",\"isPartOf\":{\"@id\":\"https:\\\/\\\/www.grelibre.net\\\/WP\\\/2005\\\/04\\\/17\\\/edito-du-17-avril-2\\\/\"},\"author\":{\"name\":\"Grelibre\",\"@id\":\"https:\\\/\\\/www.grelibre.net\\\/WP\\\/#\\\/schema\\\/person\\\/ad30d863c31be1a80dd44300962ef92e\"},\"headline\":\"Edito du 17 avril\",\"datePublished\":\"2005-04-17T13:46:05+00:00\",\"dateModified\":\"2013-04-15T18:46:27+00:00\",\"mainEntityOfPage\":{\"@id\":\"https:\\\/\\\/www.grelibre.net\\\/WP\\\/2005\\\/04\\\/17\\\/edito-du-17-avril-2\\\/\"},\"wordCount\":222,\"image\":{\"@id\":\"https:\\\/\\\/www.grelibre.net\\\/WP\\\/2005\\\/04\\\/17\\\/edito-du-17-avril-2\\\/#primaryimage\"},\"thumbnailUrl\":\"http:\\\/\\\/www.grelibre.net\\\/Images\\\/2005\\\/04\\\/Gre_170405_003.jpg\",\"inLanguage\":\"fr-FR\"},{\"@type\":\"WebPage\",\"@id\":\"https:\\\/\\\/www.grelibre.net\\\/WP\\\/2005\\\/04\\\/17\\\/edito-du-17-avril-2\\\/\",\"url\":\"https:\\\/\\\/www.grelibre.net\\\/WP\\\/2005\\\/04\\\/17\\\/edito-du-17-avril-2\\\/\",\"name\":\"Edito du 17 avril\",\"isPartOf\":{\"@id\":\"https:\\\/\\\/www.grelibre.net\\\/WP\\\/#website\"},\"primaryImageOfPage\":{\"@id\":\"https:\\\/\\\/www.grelibre.net\\\/WP\\\/2005\\\/04\\\/17\\\/edito-du-17-avril-2\\\/#primaryimage\"},\"image\":{\"@id\":\"https:\\\/\\\/www.grelibre.net\\\/WP\\\/2005\\\/04\\\/17\\\/edito-du-17-avril-2\\\/#primaryimage\"},\"thumbnailUrl\":\"http:\\\/\\\/www.grelibre.net\\\/Images\\\/2005\\\/04\\\/Gre_170405_003.jpg\",\"datePublished\":\"2005-04-17T13:46:05+00:00\",\"dateModified\":\"2013-04-15T18:46:27+00:00\",\"author\":{\"@id\":\"https:\\\/\\\/www.grelibre.net\\\/WP\\\/#\\\/schema\\\/person\\\/ad30d863c31be1a80dd44300962ef92e\"},\"description\":\"Neige au mois d'Avril ? ! Pas d'\u00e9dito cette semaine sauf s'il y de la neige \u00e0 Paris !! Bonjour, Hier d\u00e9j\u00e0, la neige, c'\u00e9tait assez exceptionnelle mais\",\"inLanguage\":\"fr-FR\",\"potentialAction\":[{\"@type\":\"ReadAction\",\"target\":[\"https:\\\/\\\/www.grelibre.net\\\/WP\\\/2005\\\/04\\\/17\\\/edito-du-17-avril-2\\\/\"]}]},{\"@type\":\"ImageObject\",\"inLanguage\":\"fr-FR\",\"@id\":\"https:\\\/\\\/www.grelibre.net\\\/WP\\\/2005\\\/04\\\/17\\\/edito-du-17-avril-2\\\/#primaryimage\",\"url\":\"http:\\\/\\\/www.grelibre.net\\\/Images\\\/2005\\\/04\\\/Gre_170405_003.jpg\",\"contentUrl\":\"http:\\\/\\\/www.grelibre.net\\\/Images\\\/2005\\\/04\\\/Gre_170405_003.jpg\"},{\"@type\":\"WebSite\",\"@id\":\"https:\\\/\\\/www.grelibre.net\\\/WP\\\/#website\",\"url\":\"https:\\\/\\\/www.grelibre.net\\\/WP\\\/\",\"name\":\"Grelibre.net\",\"description\":\"la Montagne dans tous ses \u00e9tats\",\"potentialAction\":[{\"@type\":\"SearchAction\",\"target\":{\"@type\":\"EntryPoint\",\"urlTemplate\":\"https:\\\/\\\/www.grelibre.net\\\/WP\\\/?s={search_term_string}\"},\"query-input\":{\"@type\":\"PropertyValueSpecification\",\"valueRequired\":true,\"valueName\":\"search_term_string\"}}],\"inLanguage\":\"fr-FR\"},{\"@type\":\"Person\",\"@id\":\"https:\\\/\\\/www.grelibre.net\\\/WP\\\/#\\\/schema\\\/person\\\/ad30d863c31be1a80dd44300962ef92e\",\"name\":\"Grelibre\",\"image\":{\"@type\":\"ImageObject\",\"inLanguage\":\"fr-FR\",\"@id\":\"https:\\\/\\\/secure.gravatar.com\\\/avatar\\\/58beb5dfb95390604f13a3474b88e7c3cccbd91d3d084e8a46fb51deed41ea4c?s=96&d=mm&r=g\",\"url\":\"https:\\\/\\\/secure.gravatar.com\\\/avatar\\\/58beb5dfb95390604f13a3474b88e7c3cccbd91d3d084e8a46fb51deed41ea4c?s=96&d=mm&r=g\",\"contentUrl\":\"https:\\\/\\\/secure.gravatar.com\\\/avatar\\\/58beb5dfb95390604f13a3474b88e7c3cccbd91d3d084e8a46fb51deed41ea4c?s=96&d=mm&r=g\",\"caption\":\"Grelibre\"},\"sameAs\":[\"http:\\\/\\\/wwww.grelibre.net\"],\"url\":\"https:\\\/\\\/www.grelibre.net\\\/WP\\\/author\\\/grelibreadmin\\\/\"}]}<\/script>\n<!-- \/ Yoast SEO plugin. -->","yoast_head_json":{"title":"Edito du 17 avril","description":"Neige au mois d'Avril ? ! Pas d'\u00e9dito cette semaine sauf s'il y de la neige \u00e0 Paris !! Bonjour, Hier d\u00e9j\u00e0, la neige, c'\u00e9tait assez exceptionnelle mais","robots":{"index":"index","follow":"follow","max-snippet":"max-snippet:-1","max-image-preview":"max-image-preview:large","max-video-preview":"max-video-preview:-1"},"canonical":"https:\/\/www.grelibre.net\/WP\/2005\/04\/17\/edito-du-17-avril-2\/","og_locale":"fr_FR","og_type":"article","og_title":"Edito du 17 avril","og_description":"Neige au mois d'Avril ? ! Pas d'\u00e9dito cette semaine sauf s'il y de la neige \u00e0 Paris !! Bonjour, Hier d\u00e9j\u00e0, la neige, c'\u00e9tait assez exceptionnelle mais","og_url":"https:\/\/www.grelibre.net\/WP\/2005\/04\/17\/edito-du-17-avril-2\/","og_site_name":"Grelibre.net","article_publisher":"https:\/\/www.facebook.com\/pages\/Grelibre\/127788767248442","article_published_time":"2005-04-17T13:46:05+00:00","article_modified_time":"2013-04-15T18:46:27+00:00","og_image":[{"url":"http:\/\/www.grelibre.net\/Images\/2005\/04\/Gre_170405_003.jpg","type":"","width":"","height":""}],"author":"Grelibre","twitter_misc":{"\u00c9crit par":"Grelibre","Dur\u00e9e de lecture estim\u00e9e":"1 minute"},"schema":{"@context":"https:\/\/schema.org","@graph":[{"@type":"Article","@id":"https:\/\/www.grelibre.net\/WP\/2005\/04\/17\/edito-du-17-avril-2\/#article","isPartOf":{"@id":"https:\/\/www.grelibre.net\/WP\/2005\/04\/17\/edito-du-17-avril-2\/"},"author":{"name":"Grelibre","@id":"https:\/\/www.grelibre.net\/WP\/#\/schema\/person\/ad30d863c31be1a80dd44300962ef92e"},"headline":"Edito du 17 avril","datePublished":"2005-04-17T13:46:05+00:00","dateModified":"2013-04-15T18:46:27+00:00","mainEntityOfPage":{"@id":"https:\/\/www.grelibre.net\/WP\/2005\/04\/17\/edito-du-17-avril-2\/"},"wordCount":222,"image":{"@id":"https:\/\/www.grelibre.net\/WP\/2005\/04\/17\/edito-du-17-avril-2\/#primaryimage"},"thumbnailUrl":"http:\/\/www.grelibre.net\/Images\/2005\/04\/Gre_170405_003.jpg","inLanguage":"fr-FR"},{"@type":"WebPage","@id":"https:\/\/www.grelibre.net\/WP\/2005\/04\/17\/edito-du-17-avril-2\/","url":"https:\/\/www.grelibre.net\/WP\/2005\/04\/17\/edito-du-17-avril-2\/","name":"Edito du 17 avril","isPartOf":{"@id":"https:\/\/www.grelibre.net\/WP\/#website"},"primaryImageOfPage":{"@id":"https:\/\/www.grelibre.net\/WP\/2005\/04\/17\/edito-du-17-avril-2\/#primaryimage"},"image":{"@id":"https:\/\/www.grelibre.net\/WP\/2005\/04\/17\/edito-du-17-avril-2\/#primaryimage"},"thumbnailUrl":"http:\/\/www.grelibre.net\/Images\/2005\/04\/Gre_170405_003.jpg","datePublished":"2005-04-17T13:46:05+00:00","dateModified":"2013-04-15T18:46:27+00:00","author":{"@id":"https:\/\/www.grelibre.net\/WP\/#\/schema\/person\/ad30d863c31be1a80dd44300962ef92e"},"description":"Neige au mois d'Avril ? ! Pas d'\u00e9dito cette semaine sauf s'il y de la neige \u00e0 Paris !! Bonjour, Hier d\u00e9j\u00e0, la neige, c'\u00e9tait assez exceptionnelle mais","inLanguage":"fr-FR","potentialAction":[{"@type":"ReadAction","target":["https:\/\/www.grelibre.net\/WP\/2005\/04\/17\/edito-du-17-avril-2\/"]}]},{"@type":"ImageObject","inLanguage":"fr-FR","@id":"https:\/\/www.grelibre.net\/WP\/2005\/04\/17\/edito-du-17-avril-2\/#primaryimage","url":"http:\/\/www.grelibre.net\/Images\/2005\/04\/Gre_170405_003.jpg","contentUrl":"http:\/\/www.grelibre.net\/Images\/2005\/04\/Gre_170405_003.jpg"},{"@type":"WebSite","@id":"https:\/\/www.grelibre.net\/WP\/#website","url":"https:\/\/www.grelibre.net\/WP\/","name":"Grelibre.net","description":"la Montagne dans tous ses \u00e9tats","potentialAction":[{"@type":"SearchAction","target":{"@type":"EntryPoint","urlTemplate":"https:\/\/www.grelibre.net\/WP\/?s={search_term_string}"},"query-input":{"@type":"PropertyValueSpecification","valueRequired":true,"valueName":"search_term_string"}}],"inLanguage":"fr-FR"},{"@type":"Person","@id":"https:\/\/www.grelibre.net\/WP\/#\/schema\/person\/ad30d863c31be1a80dd44300962ef92e","name":"Grelibre","image":{"@type":"ImageObject","inLanguage":"fr-FR","@id":"https:\/\/secure.gravatar.com\/avatar\/58beb5dfb95390604f13a3474b88e7c3cccbd91d3d084e8a46fb51deed41ea4c?s=96&d=mm&r=g","url":"https:\/\/secure.gravatar.com\/avatar\/58beb5dfb95390604f13a3474b88e7c3cccbd91d3d084e8a46fb51deed41ea4c?s=96&d=mm&r=g","contentUrl":"https:\/\/secure.gravatar.com\/avatar\/58beb5dfb95390604f13a3474b88e7c3cccbd91d3d084e8a46fb51deed41ea4c?s=96&d=mm&r=g","caption":"Grelibre"},"sameAs":["http:\/\/wwww.grelibre.net"],"url":"https:\/\/www.grelibre.net\/WP\/author\/grelibreadmin\/"}]}},"_links":{"self":[{"href":"https:\/\/www.grelibre.net\/WP\/wp-json\/wp\/v2\/posts\/459","targetHints":{"allow":["GET"]}}],"collection":[{"href":"https:\/\/www.grelibre.net\/WP\/wp-json\/wp\/v2\/posts"}],"about":[{"href":"https:\/\/www.grelibre.net\/WP\/wp-json\/wp\/v2\/types\/post"}],"author":[{"embeddable":true,"href":"https:\/\/www.grelibre.net\/WP\/wp-json\/wp\/v2\/users\/2"}],"replies":[{"embeddable":true,"href":"https:\/\/www.grelibre.net\/WP\/wp-json\/wp\/v2\/comments?post=459"}],"version-history":[{"count":1,"href":"https:\/\/www.grelibre.net\/WP\/wp-json\/wp\/v2\/posts\/459\/revisions"}],"predecessor-version":[{"id":2113,"href":"https:\/\/www.grelibre.net\/WP\/wp-json\/wp\/v2\/posts\/459\/revisions\/2113"}],"wp:attachment":[{"href":"https:\/\/www.grelibre.net\/WP\/wp-json\/wp\/v2\/media?parent=459"}],"wp:term":[{"taxonomy":"category","embeddable":true,"href":"https:\/\/www.grelibre.net\/WP\/wp-json\/wp\/v2\/categories?post=459"},{"taxonomy":"post_tag","embeddable":true,"href":"https:\/\/www.grelibre.net\/WP\/wp-json\/wp\/v2\/tags?post=459"}],"curies":[{"name":"wp","href":"https:\/\/api.w.org\/{rel}","templated":true}]}}