{"id":458,"date":"2005-04-16T14:44:58","date_gmt":"2005-04-16T13:44:58","guid":{"rendered":"http:\/\/www.grelibre.net\/wordpress\/?p=458"},"modified":"2013-04-15T18:46:27","modified_gmt":"2013-04-15T18:46:27","slug":"edito-du-16-avril-2","status":"publish","type":"post","link":"https:\/\/www.grelibre.net\/WP\/2005\/04\/16\/edito-du-16-avril-2\/","title":{"rendered":"Edito du 16 avril"},"content":{"rendered":"<p>Hiver, quand tu nous tiens !!<br \/>\nD\u00e9sol\u00e9 pour le manque d&rsquo;\u00e9dito actuellement, je suis en d\u00e9placement \u00e0 Paris la semaine !!<\/p>\n<p>Bonjour,<\/p>\n<p>Temps hivernal d&rsquo;un mois de janvier, aujourd&rsquo;hui ! Qui aurait pens\u00e9 qu&rsquo;il allait neiger sur grenoble et que quelques centim\u00e8tres allaient recouvrir les voitures et m\u00eame la totalit\u00e9 du sol dans le sud de l&rsquo;agglo !<br \/>\nL&rsquo;autoroute Grenoble-Lyon a \u00e9t\u00e9 ferm\u00e9e un partie de la matin\u00e9e, les trains \u00e9taient bloqu\u00e9s dans le nord Is\u00e8re ! 60 \u00e0 80 cm d\u00e8s 700m&#8230; Bref, neige tr\u00e8s \u00e9ph\u00e9m\u00e8re en cette saison mais qui a pos\u00e9 pas mal de probl\u00e8me \u00e0 notre vie si moderne !<\/p>\n<p>Photo du jour : Le Moucherotte \u00e9merge \u00e0 peine, ce soir<br \/>\n<img decoding=\"async\" src=\"http:\/\/www.grelibre.net\/WP\/wp-content\/plugins\/image-shadow\/cache\/5b8592ed179cd4c0d8fe1e819842f925.jpg\" \/><\/p>\n<p>Info du jour :<br \/>\nPas d&rsquo;info du jour<\/p>\n<p>Commentaire du jour :<br \/>\nSuperbe neige en montagne mais danger avec les avalanches !<\/p>\n<p>La suite ? Temps couvert dimanche et lente remont\u00e9e de la limite pluie neige dans la journ\u00e9e. A suivre&#8230;<\/p>\n","protected":false},"excerpt":{"rendered":"<p>Hiver, quand tu nous tiens !! D\u00e9sol\u00e9 pour le manque d&rsquo;\u00e9dito actuellement, je suis en d\u00e9placement \u00e0 Paris la semaine !! Bonjour, Temps hivernal d&rsquo;un mois de janvier, aujourd&rsquo;hui ! Qui aurait pens\u00e9 qu&rsquo;il allait neiger sur grenoble et que quelques centim\u00e8tres allaient recouvrir les voitures et m\u00eame la totalit\u00e9 du sol dans le sud&hellip;<\/p>\n<p class=\"more\"><a class=\"more-link\" href=\"https:\/\/www.grelibre.net\/WP\/2005\/04\/16\/edito-du-16-avril-2\/\">Continue reading <span class=\"screen-reader-text\">Edito du 16 avril<\/span><\/a><\/p>\n","protected":false},"author":2,"featured_media":0,"comment_status":"closed","ping_status":"closed","sticky":false,"template":"","format":"standard","meta":{"footnotes":""},"categories":[1],"tags":[],"class_list":["post-458","post","type-post","status-publish","format-standard","hentry","category-non-classe","entry"],"yoast_head":"<!-- This site is optimized with the Yoast SEO plugin v27.5 - https:\/\/yoast.com\/product\/yoast-seo-wordpress\/ -->\n<title>Edito du 16 avril<\/title>\n<meta name=\"description\" content=\"Hiver, quand tu nous tiens !! D\u00e9sol\u00e9 pour le manque d&#039;\u00e9dito actuellement, je suis en d\u00e9placement \u00e0 Paris la semaine !! Bonjour, Temps hivernal d&#039;un mois\" \/>\n<meta name=\"robots\" content=\"index, follow, max-snippet:-1, max-image-preview:large, max-video-preview:-1\" \/>\n<link rel=\"canonical\" href=\"https:\/\/www.grelibre.net\/WP\/2005\/04\/16\/edito-du-16-avril-2\/\" \/>\n<meta property=\"og:locale\" content=\"fr_FR\" \/>\n<meta property=\"og:type\" content=\"article\" \/>\n<meta property=\"og:title\" content=\"Edito du 16 avril\" \/>\n<meta property=\"og:description\" content=\"Hiver, quand tu nous tiens !! D\u00e9sol\u00e9 pour le manque d&#039;\u00e9dito actuellement, je suis en d\u00e9placement \u00e0 Paris la semaine !! Bonjour, Temps hivernal d&#039;un mois\" \/>\n<meta property=\"og:url\" content=\"https:\/\/www.grelibre.net\/WP\/2005\/04\/16\/edito-du-16-avril-2\/\" \/>\n<meta property=\"og:site_name\" content=\"Grelibre.net\" \/>\n<meta property=\"article:publisher\" content=\"https:\/\/www.facebook.com\/pages\/Grelibre\/127788767248442\" \/>\n<meta property=\"article:published_time\" content=\"2005-04-16T13:44:58+00:00\" \/>\n<meta property=\"article:modified_time\" content=\"2013-04-15T18:46:27+00:00\" \/>\n<meta property=\"og:image\" content=\"http:\/\/www.grelibre.net\/Images\/2005\/04\/V_160405_001.jpg\" \/>\n<meta name=\"author\" content=\"Grelibre\" \/>\n<meta name=\"twitter:label1\" content=\"\u00c9crit par\" \/>\n\t<meta name=\"twitter:data1\" content=\"Grelibre\" \/>\n\t<meta name=\"twitter:label2\" content=\"Dur\u00e9e de lecture estim\u00e9e\" \/>\n\t<meta name=\"twitter:data2\" content=\"1 minute\" \/>\n<script type=\"application\/ld+json\" class=\"yoast-schema-graph\">{\"@context\":\"https:\\\/\\\/schema.org\",\"@graph\":[{\"@type\":\"Article\",\"@id\":\"https:\\\/\\\/www.grelibre.net\\\/WP\\\/2005\\\/04\\\/16\\\/edito-du-16-avril-2\\\/#article\",\"isPartOf\":{\"@id\":\"https:\\\/\\\/www.grelibre.net\\\/WP\\\/2005\\\/04\\\/16\\\/edito-du-16-avril-2\\\/\"},\"author\":{\"name\":\"Grelibre\",\"@id\":\"https:\\\/\\\/www.grelibre.net\\\/WP\\\/#\\\/schema\\\/person\\\/ad30d863c31be1a80dd44300962ef92e\"},\"headline\":\"Edito du 16 avril\",\"datePublished\":\"2005-04-16T13:44:58+00:00\",\"dateModified\":\"2013-04-15T18:46:27+00:00\",\"mainEntityOfPage\":{\"@id\":\"https:\\\/\\\/www.grelibre.net\\\/WP\\\/2005\\\/04\\\/16\\\/edito-du-16-avril-2\\\/\"},\"wordCount\":158,\"image\":{\"@id\":\"https:\\\/\\\/www.grelibre.net\\\/WP\\\/2005\\\/04\\\/16\\\/edito-du-16-avril-2\\\/#primaryimage\"},\"thumbnailUrl\":\"http:\\\/\\\/www.grelibre.net\\\/Images\\\/2005\\\/04\\\/V_160405_001.jpg\",\"inLanguage\":\"fr-FR\"},{\"@type\":\"WebPage\",\"@id\":\"https:\\\/\\\/www.grelibre.net\\\/WP\\\/2005\\\/04\\\/16\\\/edito-du-16-avril-2\\\/\",\"url\":\"https:\\\/\\\/www.grelibre.net\\\/WP\\\/2005\\\/04\\\/16\\\/edito-du-16-avril-2\\\/\",\"name\":\"Edito du 16 avril\",\"isPartOf\":{\"@id\":\"https:\\\/\\\/www.grelibre.net\\\/WP\\\/#website\"},\"primaryImageOfPage\":{\"@id\":\"https:\\\/\\\/www.grelibre.net\\\/WP\\\/2005\\\/04\\\/16\\\/edito-du-16-avril-2\\\/#primaryimage\"},\"image\":{\"@id\":\"https:\\\/\\\/www.grelibre.net\\\/WP\\\/2005\\\/04\\\/16\\\/edito-du-16-avril-2\\\/#primaryimage\"},\"thumbnailUrl\":\"http:\\\/\\\/www.grelibre.net\\\/Images\\\/2005\\\/04\\\/V_160405_001.jpg\",\"datePublished\":\"2005-04-16T13:44:58+00:00\",\"dateModified\":\"2013-04-15T18:46:27+00:00\",\"author\":{\"@id\":\"https:\\\/\\\/www.grelibre.net\\\/WP\\\/#\\\/schema\\\/person\\\/ad30d863c31be1a80dd44300962ef92e\"},\"description\":\"Hiver, quand tu nous tiens !! D\u00e9sol\u00e9 pour le manque d'\u00e9dito actuellement, je suis en d\u00e9placement \u00e0 Paris la semaine !! Bonjour, Temps hivernal d'un mois\",\"inLanguage\":\"fr-FR\",\"potentialAction\":[{\"@type\":\"ReadAction\",\"target\":[\"https:\\\/\\\/www.grelibre.net\\\/WP\\\/2005\\\/04\\\/16\\\/edito-du-16-avril-2\\\/\"]}]},{\"@type\":\"ImageObject\",\"inLanguage\":\"fr-FR\",\"@id\":\"https:\\\/\\\/www.grelibre.net\\\/WP\\\/2005\\\/04\\\/16\\\/edito-du-16-avril-2\\\/#primaryimage\",\"url\":\"http:\\\/\\\/www.grelibre.net\\\/Images\\\/2005\\\/04\\\/V_160405_001.jpg\",\"contentUrl\":\"http:\\\/\\\/www.grelibre.net\\\/Images\\\/2005\\\/04\\\/V_160405_001.jpg\"},{\"@type\":\"WebSite\",\"@id\":\"https:\\\/\\\/www.grelibre.net\\\/WP\\\/#website\",\"url\":\"https:\\\/\\\/www.grelibre.net\\\/WP\\\/\",\"name\":\"Grelibre.net\",\"description\":\"la Montagne dans tous ses \u00e9tats\",\"potentialAction\":[{\"@type\":\"SearchAction\",\"target\":{\"@type\":\"EntryPoint\",\"urlTemplate\":\"https:\\\/\\\/www.grelibre.net\\\/WP\\\/?s={search_term_string}\"},\"query-input\":{\"@type\":\"PropertyValueSpecification\",\"valueRequired\":true,\"valueName\":\"search_term_string\"}}],\"inLanguage\":\"fr-FR\"},{\"@type\":\"Person\",\"@id\":\"https:\\\/\\\/www.grelibre.net\\\/WP\\\/#\\\/schema\\\/person\\\/ad30d863c31be1a80dd44300962ef92e\",\"name\":\"Grelibre\",\"image\":{\"@type\":\"ImageObject\",\"inLanguage\":\"fr-FR\",\"@id\":\"https:\\\/\\\/secure.gravatar.com\\\/avatar\\\/58beb5dfb95390604f13a3474b88e7c3cccbd91d3d084e8a46fb51deed41ea4c?s=96&d=mm&r=g\",\"url\":\"https:\\\/\\\/secure.gravatar.com\\\/avatar\\\/58beb5dfb95390604f13a3474b88e7c3cccbd91d3d084e8a46fb51deed41ea4c?s=96&d=mm&r=g\",\"contentUrl\":\"https:\\\/\\\/secure.gravatar.com\\\/avatar\\\/58beb5dfb95390604f13a3474b88e7c3cccbd91d3d084e8a46fb51deed41ea4c?s=96&d=mm&r=g\",\"caption\":\"Grelibre\"},\"sameAs\":[\"http:\\\/\\\/wwww.grelibre.net\"],\"url\":\"https:\\\/\\\/www.grelibre.net\\\/WP\\\/author\\\/grelibreadmin\\\/\"}]}<\/script>\n<!-- \/ Yoast SEO plugin. -->","yoast_head_json":{"title":"Edito du 16 avril","description":"Hiver, quand tu nous tiens !! D\u00e9sol\u00e9 pour le manque d'\u00e9dito actuellement, je suis en d\u00e9placement \u00e0 Paris la semaine !! Bonjour, Temps hivernal d'un mois","robots":{"index":"index","follow":"follow","max-snippet":"max-snippet:-1","max-image-preview":"max-image-preview:large","max-video-preview":"max-video-preview:-1"},"canonical":"https:\/\/www.grelibre.net\/WP\/2005\/04\/16\/edito-du-16-avril-2\/","og_locale":"fr_FR","og_type":"article","og_title":"Edito du 16 avril","og_description":"Hiver, quand tu nous tiens !! D\u00e9sol\u00e9 pour le manque d'\u00e9dito actuellement, je suis en d\u00e9placement \u00e0 Paris la semaine !! Bonjour, Temps hivernal d'un mois","og_url":"https:\/\/www.grelibre.net\/WP\/2005\/04\/16\/edito-du-16-avril-2\/","og_site_name":"Grelibre.net","article_publisher":"https:\/\/www.facebook.com\/pages\/Grelibre\/127788767248442","article_published_time":"2005-04-16T13:44:58+00:00","article_modified_time":"2013-04-15T18:46:27+00:00","og_image":[{"url":"http:\/\/www.grelibre.net\/Images\/2005\/04\/V_160405_001.jpg","type":"","width":"","height":""}],"author":"Grelibre","twitter_misc":{"\u00c9crit par":"Grelibre","Dur\u00e9e de lecture estim\u00e9e":"1 minute"},"schema":{"@context":"https:\/\/schema.org","@graph":[{"@type":"Article","@id":"https:\/\/www.grelibre.net\/WP\/2005\/04\/16\/edito-du-16-avril-2\/#article","isPartOf":{"@id":"https:\/\/www.grelibre.net\/WP\/2005\/04\/16\/edito-du-16-avril-2\/"},"author":{"name":"Grelibre","@id":"https:\/\/www.grelibre.net\/WP\/#\/schema\/person\/ad30d863c31be1a80dd44300962ef92e"},"headline":"Edito du 16 avril","datePublished":"2005-04-16T13:44:58+00:00","dateModified":"2013-04-15T18:46:27+00:00","mainEntityOfPage":{"@id":"https:\/\/www.grelibre.net\/WP\/2005\/04\/16\/edito-du-16-avril-2\/"},"wordCount":158,"image":{"@id":"https:\/\/www.grelibre.net\/WP\/2005\/04\/16\/edito-du-16-avril-2\/#primaryimage"},"thumbnailUrl":"http:\/\/www.grelibre.net\/Images\/2005\/04\/V_160405_001.jpg","inLanguage":"fr-FR"},{"@type":"WebPage","@id":"https:\/\/www.grelibre.net\/WP\/2005\/04\/16\/edito-du-16-avril-2\/","url":"https:\/\/www.grelibre.net\/WP\/2005\/04\/16\/edito-du-16-avril-2\/","name":"Edito du 16 avril","isPartOf":{"@id":"https:\/\/www.grelibre.net\/WP\/#website"},"primaryImageOfPage":{"@id":"https:\/\/www.grelibre.net\/WP\/2005\/04\/16\/edito-du-16-avril-2\/#primaryimage"},"image":{"@id":"https:\/\/www.grelibre.net\/WP\/2005\/04\/16\/edito-du-16-avril-2\/#primaryimage"},"thumbnailUrl":"http:\/\/www.grelibre.net\/Images\/2005\/04\/V_160405_001.jpg","datePublished":"2005-04-16T13:44:58+00:00","dateModified":"2013-04-15T18:46:27+00:00","author":{"@id":"https:\/\/www.grelibre.net\/WP\/#\/schema\/person\/ad30d863c31be1a80dd44300962ef92e"},"description":"Hiver, quand tu nous tiens !! D\u00e9sol\u00e9 pour le manque d'\u00e9dito actuellement, je suis en d\u00e9placement \u00e0 Paris la semaine !! Bonjour, Temps hivernal d'un mois","inLanguage":"fr-FR","potentialAction":[{"@type":"ReadAction","target":["https:\/\/www.grelibre.net\/WP\/2005\/04\/16\/edito-du-16-avril-2\/"]}]},{"@type":"ImageObject","inLanguage":"fr-FR","@id":"https:\/\/www.grelibre.net\/WP\/2005\/04\/16\/edito-du-16-avril-2\/#primaryimage","url":"http:\/\/www.grelibre.net\/Images\/2005\/04\/V_160405_001.jpg","contentUrl":"http:\/\/www.grelibre.net\/Images\/2005\/04\/V_160405_001.jpg"},{"@type":"WebSite","@id":"https:\/\/www.grelibre.net\/WP\/#website","url":"https:\/\/www.grelibre.net\/WP\/","name":"Grelibre.net","description":"la Montagne dans tous ses \u00e9tats","potentialAction":[{"@type":"SearchAction","target":{"@type":"EntryPoint","urlTemplate":"https:\/\/www.grelibre.net\/WP\/?s={search_term_string}"},"query-input":{"@type":"PropertyValueSpecification","valueRequired":true,"valueName":"search_term_string"}}],"inLanguage":"fr-FR"},{"@type":"Person","@id":"https:\/\/www.grelibre.net\/WP\/#\/schema\/person\/ad30d863c31be1a80dd44300962ef92e","name":"Grelibre","image":{"@type":"ImageObject","inLanguage":"fr-FR","@id":"https:\/\/secure.gravatar.com\/avatar\/58beb5dfb95390604f13a3474b88e7c3cccbd91d3d084e8a46fb51deed41ea4c?s=96&d=mm&r=g","url":"https:\/\/secure.gravatar.com\/avatar\/58beb5dfb95390604f13a3474b88e7c3cccbd91d3d084e8a46fb51deed41ea4c?s=96&d=mm&r=g","contentUrl":"https:\/\/secure.gravatar.com\/avatar\/58beb5dfb95390604f13a3474b88e7c3cccbd91d3d084e8a46fb51deed41ea4c?s=96&d=mm&r=g","caption":"Grelibre"},"sameAs":["http:\/\/wwww.grelibre.net"],"url":"https:\/\/www.grelibre.net\/WP\/author\/grelibreadmin\/"}]}},"_links":{"self":[{"href":"https:\/\/www.grelibre.net\/WP\/wp-json\/wp\/v2\/posts\/458","targetHints":{"allow":["GET"]}}],"collection":[{"href":"https:\/\/www.grelibre.net\/WP\/wp-json\/wp\/v2\/posts"}],"about":[{"href":"https:\/\/www.grelibre.net\/WP\/wp-json\/wp\/v2\/types\/post"}],"author":[{"embeddable":true,"href":"https:\/\/www.grelibre.net\/WP\/wp-json\/wp\/v2\/users\/2"}],"replies":[{"embeddable":true,"href":"https:\/\/www.grelibre.net\/WP\/wp-json\/wp\/v2\/comments?post=458"}],"version-history":[{"count":1,"href":"https:\/\/www.grelibre.net\/WP\/wp-json\/wp\/v2\/posts\/458\/revisions"}],"predecessor-version":[{"id":2114,"href":"https:\/\/www.grelibre.net\/WP\/wp-json\/wp\/v2\/posts\/458\/revisions\/2114"}],"wp:attachment":[{"href":"https:\/\/www.grelibre.net\/WP\/wp-json\/wp\/v2\/media?parent=458"}],"wp:term":[{"taxonomy":"category","embeddable":true,"href":"https:\/\/www.grelibre.net\/WP\/wp-json\/wp\/v2\/categories?post=458"},{"taxonomy":"post_tag","embeddable":true,"href":"https:\/\/www.grelibre.net\/WP\/wp-json\/wp\/v2\/tags?post=458"}],"curies":[{"name":"wp","href":"https:\/\/api.w.org\/{rel}","templated":true}]}}