{"id":457,"date":"2005-04-11T14:42:49","date_gmt":"2005-04-11T13:42:49","guid":{"rendered":"http:\/\/www.grelibre.net\/wordpress\/?p=457"},"modified":"2013-04-15T18:46:27","modified_gmt":"2013-04-15T18:46:27","slug":"edito-du-11-avril-3","status":"publish","type":"post","link":"https:\/\/www.grelibre.net\/WP\/2005\/04\/11\/edito-du-11-avril-3\/","title":{"rendered":"Edito du 11 avril"},"content":{"rendered":"<p>Quel temps !!<br \/>\nBonsoir, <\/p>\n<p>En effet, quel temps ce week end !! Du tr\u00e8s mauvais et du pas trop mal voire m\u00eame beau&#8230;<br \/>\nA Grenoble samedi en milieu de matin\u00e9e, il y avait quelques flocons de neige fondue et 3\u00b0C !<br \/>\nApr\u00e8s&#8230; je ne sais pas&#8230; j&rsquo;\u00e9tais en Haute Savoie \u00e0 Cluses. Donc le r\u00e9sum\u00e9 du temps du WE sera pour la Haute Savoie.<br \/>\nEn tous cas, l\u00e0 bas le temps \u00e9tait similaire avec de la neige fondue aussi en fond de vall\u00e9e et de la neige pr\u00e9sente au sol d\u00e8s 500 \u00e0 600m ! la pluie-neige s&rsquo;est arr\u00eat\u00e9e en milieu de journ\u00e9e et quelques \u00e9claircies sont m\u00eame apparues en toute fin de journ\u00e9e.<br \/>\nLe lendemain matin, les gel\u00e9es \u00e9taient revenues avec autour de -2 \u00e0 -3\u00b0C en fond de vall\u00e9e. Le ciel \u00e9tait assez d\u00e9gag\u00e9 et seul les hauts sommets avaient une \u00e9charpe de nuages allant de 1500 \u00e0 2200m. Petite balade vers la Pointe D&rsquo;Areu o\u00f9 la neige est tomb\u00e9e en quantit\u00e9 avec 50cm de poudreuse. **** Je viens d&rsquo;apprendre qu&rsquo;il y a eu deux morts lors d&rsquo;une avalanche en dessous de la Pointe d&rsquo;Areu !!! *******<br \/>\nLe temps est rest\u00e9 assez beau voire tr\u00e8s beau toute la journ\u00e9e&#8230; <\/p>\n<p>Info du jour :<br \/>\nPas d&rsquo;info du jour<\/p>\n<p>Commentaire du jour :<br \/>\nOuf! La date limite de d\u00e9claration des impots est repouss\u00e9e au 25 avril !!<\/p>\n<p>La suite ? Temps agr\u00e9able pour le d\u00e9but de semaine avec la remont\u00e9e des temp\u00e9ratures&#8230; A suivre&#8230;<\/p>\n","protected":false},"excerpt":{"rendered":"<p>Quel temps !! Bonsoir, En effet, quel temps ce week end !! Du tr\u00e8s mauvais et du pas trop mal voire m\u00eame beau&#8230; A Grenoble samedi en milieu de matin\u00e9e, il y avait quelques flocons de neige fondue et 3\u00b0C ! Apr\u00e8s&#8230; je ne sais pas&#8230; j&rsquo;\u00e9tais en Haute Savoie \u00e0 Cluses. Donc le r\u00e9sum\u00e9&hellip;<\/p>\n<p class=\"more\"><a class=\"more-link\" href=\"https:\/\/www.grelibre.net\/WP\/2005\/04\/11\/edito-du-11-avril-3\/\">Continue reading <span class=\"screen-reader-text\">Edito du 11 avril<\/span><\/a><\/p>\n","protected":false},"author":2,"featured_media":0,"comment_status":"closed","ping_status":"closed","sticky":false,"template":"","format":"standard","meta":{"footnotes":""},"categories":[1],"tags":[],"class_list":["post-457","post","type-post","status-publish","format-standard","hentry","category-non-classe","entry"],"yoast_head":"<!-- This site is optimized with the Yoast SEO plugin v27.5 - https:\/\/yoast.com\/product\/yoast-seo-wordpress\/ -->\n<title>Edito du 11 avril<\/title>\n<meta name=\"description\" content=\"Quel temps !! Bonsoir, En effet, quel temps ce week end !! Du tr\u00e8s mauvais et du pas trop mal voire m\u00eame beau... A Grenoble samedi en milieu de matin\u00e9e,\" \/>\n<meta name=\"robots\" content=\"index, follow, max-snippet:-1, max-image-preview:large, max-video-preview:-1\" \/>\n<link rel=\"canonical\" href=\"https:\/\/www.grelibre.net\/WP\/2005\/04\/11\/edito-du-11-avril-3\/\" \/>\n<meta property=\"og:locale\" content=\"fr_FR\" \/>\n<meta property=\"og:type\" content=\"article\" \/>\n<meta property=\"og:title\" content=\"Edito du 11 avril\" \/>\n<meta property=\"og:description\" content=\"Quel temps !! Bonsoir, En effet, quel temps ce week end !! Du tr\u00e8s mauvais et du pas trop mal voire m\u00eame beau... A Grenoble samedi en milieu de matin\u00e9e,\" \/>\n<meta property=\"og:url\" content=\"https:\/\/www.grelibre.net\/WP\/2005\/04\/11\/edito-du-11-avril-3\/\" \/>\n<meta property=\"og:site_name\" content=\"Grelibre.net\" \/>\n<meta property=\"article:publisher\" content=\"https:\/\/www.facebook.com\/pages\/Grelibre\/127788767248442\" \/>\n<meta property=\"article:published_time\" content=\"2005-04-11T13:42:49+00:00\" \/>\n<meta property=\"article:modified_time\" content=\"2013-04-15T18:46:27+00:00\" \/>\n<meta name=\"author\" content=\"Grelibre\" \/>\n<meta name=\"twitter:label1\" content=\"\u00c9crit par\" \/>\n\t<meta name=\"twitter:data1\" content=\"Grelibre\" \/>\n\t<meta name=\"twitter:label2\" content=\"Dur\u00e9e de lecture estim\u00e9e\" \/>\n\t<meta name=\"twitter:data2\" content=\"1 minute\" \/>\n<script type=\"application\/ld+json\" class=\"yoast-schema-graph\">{\"@context\":\"https:\\\/\\\/schema.org\",\"@graph\":[{\"@type\":\"Article\",\"@id\":\"https:\\\/\\\/www.grelibre.net\\\/WP\\\/2005\\\/04\\\/11\\\/edito-du-11-avril-3\\\/#article\",\"isPartOf\":{\"@id\":\"https:\\\/\\\/www.grelibre.net\\\/WP\\\/2005\\\/04\\\/11\\\/edito-du-11-avril-3\\\/\"},\"author\":{\"name\":\"Grelibre\",\"@id\":\"https:\\\/\\\/www.grelibre.net\\\/WP\\\/#\\\/schema\\\/person\\\/ad30d863c31be1a80dd44300962ef92e\"},\"headline\":\"Edito du 11 avril\",\"datePublished\":\"2005-04-11T13:42:49+00:00\",\"dateModified\":\"2013-04-15T18:46:27+00:00\",\"mainEntityOfPage\":{\"@id\":\"https:\\\/\\\/www.grelibre.net\\\/WP\\\/2005\\\/04\\\/11\\\/edito-du-11-avril-3\\\/\"},\"wordCount\":256,\"inLanguage\":\"fr-FR\"},{\"@type\":\"WebPage\",\"@id\":\"https:\\\/\\\/www.grelibre.net\\\/WP\\\/2005\\\/04\\\/11\\\/edito-du-11-avril-3\\\/\",\"url\":\"https:\\\/\\\/www.grelibre.net\\\/WP\\\/2005\\\/04\\\/11\\\/edito-du-11-avril-3\\\/\",\"name\":\"Edito du 11 avril\",\"isPartOf\":{\"@id\":\"https:\\\/\\\/www.grelibre.net\\\/WP\\\/#website\"},\"datePublished\":\"2005-04-11T13:42:49+00:00\",\"dateModified\":\"2013-04-15T18:46:27+00:00\",\"author\":{\"@id\":\"https:\\\/\\\/www.grelibre.net\\\/WP\\\/#\\\/schema\\\/person\\\/ad30d863c31be1a80dd44300962ef92e\"},\"description\":\"Quel temps !! Bonsoir, En effet, quel temps ce week end !! Du tr\u00e8s mauvais et du pas trop mal voire m\u00eame beau... A Grenoble samedi en milieu de matin\u00e9e,\",\"inLanguage\":\"fr-FR\",\"potentialAction\":[{\"@type\":\"ReadAction\",\"target\":[\"https:\\\/\\\/www.grelibre.net\\\/WP\\\/2005\\\/04\\\/11\\\/edito-du-11-avril-3\\\/\"]}]},{\"@type\":\"WebSite\",\"@id\":\"https:\\\/\\\/www.grelibre.net\\\/WP\\\/#website\",\"url\":\"https:\\\/\\\/www.grelibre.net\\\/WP\\\/\",\"name\":\"Grelibre.net\",\"description\":\"la Montagne dans tous ses \u00e9tats\",\"potentialAction\":[{\"@type\":\"SearchAction\",\"target\":{\"@type\":\"EntryPoint\",\"urlTemplate\":\"https:\\\/\\\/www.grelibre.net\\\/WP\\\/?s={search_term_string}\"},\"query-input\":{\"@type\":\"PropertyValueSpecification\",\"valueRequired\":true,\"valueName\":\"search_term_string\"}}],\"inLanguage\":\"fr-FR\"},{\"@type\":\"Person\",\"@id\":\"https:\\\/\\\/www.grelibre.net\\\/WP\\\/#\\\/schema\\\/person\\\/ad30d863c31be1a80dd44300962ef92e\",\"name\":\"Grelibre\",\"image\":{\"@type\":\"ImageObject\",\"inLanguage\":\"fr-FR\",\"@id\":\"https:\\\/\\\/secure.gravatar.com\\\/avatar\\\/58beb5dfb95390604f13a3474b88e7c3cccbd91d3d084e8a46fb51deed41ea4c?s=96&d=mm&r=g\",\"url\":\"https:\\\/\\\/secure.gravatar.com\\\/avatar\\\/58beb5dfb95390604f13a3474b88e7c3cccbd91d3d084e8a46fb51deed41ea4c?s=96&d=mm&r=g\",\"contentUrl\":\"https:\\\/\\\/secure.gravatar.com\\\/avatar\\\/58beb5dfb95390604f13a3474b88e7c3cccbd91d3d084e8a46fb51deed41ea4c?s=96&d=mm&r=g\",\"caption\":\"Grelibre\"},\"sameAs\":[\"http:\\\/\\\/wwww.grelibre.net\"],\"url\":\"https:\\\/\\\/www.grelibre.net\\\/WP\\\/author\\\/grelibreadmin\\\/\"}]}<\/script>\n<!-- \/ Yoast SEO plugin. -->","yoast_head_json":{"title":"Edito du 11 avril","description":"Quel temps !! Bonsoir, En effet, quel temps ce week end !! Du tr\u00e8s mauvais et du pas trop mal voire m\u00eame beau... A Grenoble samedi en milieu de matin\u00e9e,","robots":{"index":"index","follow":"follow","max-snippet":"max-snippet:-1","max-image-preview":"max-image-preview:large","max-video-preview":"max-video-preview:-1"},"canonical":"https:\/\/www.grelibre.net\/WP\/2005\/04\/11\/edito-du-11-avril-3\/","og_locale":"fr_FR","og_type":"article","og_title":"Edito du 11 avril","og_description":"Quel temps !! Bonsoir, En effet, quel temps ce week end !! Du tr\u00e8s mauvais et du pas trop mal voire m\u00eame beau... A Grenoble samedi en milieu de matin\u00e9e,","og_url":"https:\/\/www.grelibre.net\/WP\/2005\/04\/11\/edito-du-11-avril-3\/","og_site_name":"Grelibre.net","article_publisher":"https:\/\/www.facebook.com\/pages\/Grelibre\/127788767248442","article_published_time":"2005-04-11T13:42:49+00:00","article_modified_time":"2013-04-15T18:46:27+00:00","author":"Grelibre","twitter_misc":{"\u00c9crit par":"Grelibre","Dur\u00e9e de lecture estim\u00e9e":"1 minute"},"schema":{"@context":"https:\/\/schema.org","@graph":[{"@type":"Article","@id":"https:\/\/www.grelibre.net\/WP\/2005\/04\/11\/edito-du-11-avril-3\/#article","isPartOf":{"@id":"https:\/\/www.grelibre.net\/WP\/2005\/04\/11\/edito-du-11-avril-3\/"},"author":{"name":"Grelibre","@id":"https:\/\/www.grelibre.net\/WP\/#\/schema\/person\/ad30d863c31be1a80dd44300962ef92e"},"headline":"Edito du 11 avril","datePublished":"2005-04-11T13:42:49+00:00","dateModified":"2013-04-15T18:46:27+00:00","mainEntityOfPage":{"@id":"https:\/\/www.grelibre.net\/WP\/2005\/04\/11\/edito-du-11-avril-3\/"},"wordCount":256,"inLanguage":"fr-FR"},{"@type":"WebPage","@id":"https:\/\/www.grelibre.net\/WP\/2005\/04\/11\/edito-du-11-avril-3\/","url":"https:\/\/www.grelibre.net\/WP\/2005\/04\/11\/edito-du-11-avril-3\/","name":"Edito du 11 avril","isPartOf":{"@id":"https:\/\/www.grelibre.net\/WP\/#website"},"datePublished":"2005-04-11T13:42:49+00:00","dateModified":"2013-04-15T18:46:27+00:00","author":{"@id":"https:\/\/www.grelibre.net\/WP\/#\/schema\/person\/ad30d863c31be1a80dd44300962ef92e"},"description":"Quel temps !! Bonsoir, En effet, quel temps ce week end !! Du tr\u00e8s mauvais et du pas trop mal voire m\u00eame beau... A Grenoble samedi en milieu de matin\u00e9e,","inLanguage":"fr-FR","potentialAction":[{"@type":"ReadAction","target":["https:\/\/www.grelibre.net\/WP\/2005\/04\/11\/edito-du-11-avril-3\/"]}]},{"@type":"WebSite","@id":"https:\/\/www.grelibre.net\/WP\/#website","url":"https:\/\/www.grelibre.net\/WP\/","name":"Grelibre.net","description":"la Montagne dans tous ses \u00e9tats","potentialAction":[{"@type":"SearchAction","target":{"@type":"EntryPoint","urlTemplate":"https:\/\/www.grelibre.net\/WP\/?s={search_term_string}"},"query-input":{"@type":"PropertyValueSpecification","valueRequired":true,"valueName":"search_term_string"}}],"inLanguage":"fr-FR"},{"@type":"Person","@id":"https:\/\/www.grelibre.net\/WP\/#\/schema\/person\/ad30d863c31be1a80dd44300962ef92e","name":"Grelibre","image":{"@type":"ImageObject","inLanguage":"fr-FR","@id":"https:\/\/secure.gravatar.com\/avatar\/58beb5dfb95390604f13a3474b88e7c3cccbd91d3d084e8a46fb51deed41ea4c?s=96&d=mm&r=g","url":"https:\/\/secure.gravatar.com\/avatar\/58beb5dfb95390604f13a3474b88e7c3cccbd91d3d084e8a46fb51deed41ea4c?s=96&d=mm&r=g","contentUrl":"https:\/\/secure.gravatar.com\/avatar\/58beb5dfb95390604f13a3474b88e7c3cccbd91d3d084e8a46fb51deed41ea4c?s=96&d=mm&r=g","caption":"Grelibre"},"sameAs":["http:\/\/wwww.grelibre.net"],"url":"https:\/\/www.grelibre.net\/WP\/author\/grelibreadmin\/"}]}},"_links":{"self":[{"href":"https:\/\/www.grelibre.net\/WP\/wp-json\/wp\/v2\/posts\/457","targetHints":{"allow":["GET"]}}],"collection":[{"href":"https:\/\/www.grelibre.net\/WP\/wp-json\/wp\/v2\/posts"}],"about":[{"href":"https:\/\/www.grelibre.net\/WP\/wp-json\/wp\/v2\/types\/post"}],"author":[{"embeddable":true,"href":"https:\/\/www.grelibre.net\/WP\/wp-json\/wp\/v2\/users\/2"}],"replies":[{"embeddable":true,"href":"https:\/\/www.grelibre.net\/WP\/wp-json\/wp\/v2\/comments?post=457"}],"version-history":[{"count":1,"href":"https:\/\/www.grelibre.net\/WP\/wp-json\/wp\/v2\/posts\/457\/revisions"}],"predecessor-version":[{"id":2115,"href":"https:\/\/www.grelibre.net\/WP\/wp-json\/wp\/v2\/posts\/457\/revisions\/2115"}],"wp:attachment":[{"href":"https:\/\/www.grelibre.net\/WP\/wp-json\/wp\/v2\/media?parent=457"}],"wp:term":[{"taxonomy":"category","embeddable":true,"href":"https:\/\/www.grelibre.net\/WP\/wp-json\/wp\/v2\/categories?post=457"},{"taxonomy":"post_tag","embeddable":true,"href":"https:\/\/www.grelibre.net\/WP\/wp-json\/wp\/v2\/tags?post=457"}],"curies":[{"name":"wp","href":"https:\/\/api.w.org\/{rel}","templated":true}]}}