{"id":3062,"date":"2016-11-22T20:30:43","date_gmt":"2016-11-22T20:30:43","guid":{"rendered":"http:\/\/www.grelibre.net\/WP\/?p=3062"},"modified":"2016-11-22T20:30:43","modified_gmt":"2016-11-22T20:30:43","slug":"edito-29-septembre-lautomne-vercors","status":"publish","type":"post","link":"https:\/\/www.grelibre.net\/WP\/2016\/11\/22\/edito-29-septembre-lautomne-vercors\/","title":{"rendered":"Edito du 29 septembre : l&rsquo;automne en Vercors"},"content":{"rendered":"<h1>Photo du jour\u2026<\/h1>\n<h4>jeudi 29 septembre : l&rsquo;automne en Vercors&#8230;<\/h4>\n<p><img decoding=\"async\" class=\"ngg-singlepic ngg-none\" src=\"http:\/\/www.grelibre.net\/WP\/wp-content\/plugins\/image-shadow\/cache\/bcc1683c4334e6b1514df59afefac6f2.jpg\" alt=\"l'automne en Vercors\" \/><\/p>\n<h1>Rando du jour\u2026<\/h1>\n<p>La plus belle saison est arriv\u00e9e en montagne en cet fin de mois de septembre&#8230; petit tour sur les balcons du Vercors o\u00f9 les bouquetins profitent encore de ce soleil g\u00e9n\u00e9reux.<\/p>\n<p>Quelques images :<br \/>\nles couleurs sont l\u00e0 !<br \/>\n<img decoding=\"async\" class=\"ngg-singlepic ngg-none\" src=\"http:\/\/www.grelibre.net\/WP\/wp-content\/plugins\/image-shadow\/cache\/8e73b4a5bc4dd1c8029c49c7ad1cadda.jpg\" alt=\"l'automne en Vercors\" \/><\/p>\n<p><img decoding=\"async\" class=\"ngg-singlepic ngg-none\" src=\"http:\/\/www.grelibre.net\/WP\/wp-content\/plugins\/image-shadow\/cache\/323ce1a6d714461d9e72c796f8996111.jpg\" alt=\"l'automne en Vercors\" \/><\/p>\n<p><img decoding=\"async\" class=\"ngg-singlepic ngg-none\" src=\"http:\/\/www.grelibre.net\/WP\/wp-content\/plugins\/image-shadow\/cache\/14f30b75c568eeb59f38bb2d2baa129a.jpg\" alt=\"l'automne en Vercors\" \/><\/p>\n<p>contemplation dans un paysage grandiose&#8230;<br \/>\n<img decoding=\"async\" class=\"ngg-singlepic ngg-none\" src=\"http:\/\/www.grelibre.net\/WP\/wp-content\/plugins\/image-shadow\/cache\/3537766a3bd2f9759bb68aaadd2c4bb6.jpg\" alt=\"l'automne en Vercors\" \/><\/p>\n<p>tu veux ma photo ?<br \/>\n<img decoding=\"async\" class=\"ngg-singlepic ngg-none\" src=\"http:\/\/www.grelibre.net\/WP\/wp-content\/plugins\/image-shadow\/cache\/fa3b254bc63a4253b730d1acd748a28c.jpg\" alt=\"l'automne en Vercors\" \/><\/p>\n<p><img decoding=\"async\" class=\"ngg-singlepic ngg-none\" src=\"http:\/\/www.grelibre.net\/WP\/wp-content\/plugins\/image-shadow\/cache\/4e7e31c68ab68879a964bce9b2da4d04.jpg\" alt=\"l'automne en Vercors\" \/><\/p>\n<p><img decoding=\"async\" class=\"ngg-singlepic ngg-none\" src=\"http:\/\/www.grelibre.net\/WP\/wp-content\/plugins\/image-shadow\/cache\/e56d798598ebd1211981657dfd59174a.jpg\" alt=\"l'automne en Vercors\" \/><\/p>\n<p><img decoding=\"async\" class=\"ngg-singlepic ngg-none\" src=\"http:\/\/www.grelibre.net\/WP\/wp-content\/plugins\/image-shadow\/cache\/962c8a1b4b7b55707a2e710a0bfec52d.jpg\" alt=\"l'automne en Vercors\" \/><\/p>\n<p><img decoding=\"async\" class=\"ngg-singlepic ngg-none\" src=\"http:\/\/www.grelibre.net\/WP\/wp-content\/plugins\/image-shadow\/cache\/0b952a02ea0f7e3c6ef23ff003a2193d.jpg\" alt=\"l'automne en Vercors\" \/><\/p>\n<p>Les jeunes se dorant au soleil<br \/>\n<img decoding=\"async\" class=\"ngg-singlepic ngg-none\" src=\"http:\/\/www.grelibre.net\/WP\/wp-content\/plugins\/image-shadow\/cache\/71e510caea2dba2118b5e5e47a25a904.jpg\" alt=\"l'automne en Vercors\" \/><\/p>\n<p><img decoding=\"async\" class=\"ngg-singlepic ngg-none\" src=\"http:\/\/www.grelibre.net\/WP\/wp-content\/plugins\/image-shadow\/cache\/5521b21b42fa3de363e3abfc8bba8d5f.jpg\" alt=\"l'automne en Vercors\" \/><\/p>\n<p><img decoding=\"async\" class=\"ngg-singlepic ngg-none\" src=\"http:\/\/www.grelibre.net\/WP\/wp-content\/plugins\/image-shadow\/cache\/a8dede4599761ad5a16fa75e9384d4a1.jpg\" alt=\"l'automne en Vercors\" \/><\/p>\n<p><img decoding=\"async\" class=\"ngg-singlepic ngg-none\" src=\"http:\/\/www.grelibre.net\/WP\/wp-content\/plugins\/image-shadow\/cache\/0d1f33d23df5a7d5f473ceb69f778f9b.jpg\" alt=\"l'automne en Vercors\" \/><\/p>\n<p>\u00e7a commence \u00e0 titiller les cornes \ud83d\ude42<br \/>\n<img decoding=\"async\" class=\"ngg-singlepic ngg-none\" src=\"http:\/\/www.grelibre.net\/WP\/wp-content\/plugins\/image-shadow\/cache\/2fbcf78fc9a5ea3803957101e6b0058e.jpg\" alt=\"l'automne en Vercors\" \/><\/p>\n<p><img decoding=\"async\" class=\"ngg-singlepic ngg-none\" src=\"http:\/\/www.grelibre.net\/WP\/wp-content\/plugins\/image-shadow\/cache\/8217ae00dfc823ce731a295fcb84b71c.jpg\" alt=\"l'automne en Vercors\" \/><\/p>\n<p>bizarrerie de la nature<br \/>\n<img decoding=\"async\" class=\"ngg-singlepic ngg-none\" src=\"http:\/\/www.grelibre.net\/WP\/wp-content\/plugins\/image-shadow\/cache\/f64b5556ba6d746ebbc4a9c879c9f00b.jpg\" alt=\"l'automne en Vercors\" \/><\/p>\n","protected":false},"excerpt":{"rendered":"<p>Photo du jour\u2026 jeudi 29 septembre : l&rsquo;automne en Vercors&#8230; Rando du jour\u2026 La plus belle saison est arriv\u00e9e en montagne en cet fin de mois de septembre&#8230; petit tour sur les balcons du Vercors o\u00f9 les bouquetins profitent encore de ce soleil g\u00e9n\u00e9reux. Quelques images : les couleurs sont l\u00e0 ! contemplation dans un&hellip;<\/p>\n<p class=\"more\"><a class=\"more-link\" href=\"https:\/\/www.grelibre.net\/WP\/2016\/11\/22\/edito-29-septembre-lautomne-vercors\/\">Continue reading <span class=\"screen-reader-text\">Edito du 29 septembre : l&rsquo;automne en Vercors<\/span><\/a><\/p>\n","protected":false},"author":2,"featured_media":0,"comment_status":"closed","ping_status":"open","sticky":false,"template":"","format":"standard","meta":{"footnotes":""},"categories":[130,104],"tags":[44,51],"class_list":["post-3062","post","type-post","status-publish","format-standard","hentry","category-130","category-automne","tag-bouquetin-2","tag-pas-de-berrieves","entry"],"yoast_head":"<!-- This site is optimized with the Yoast SEO plugin v27.5 - https:\/\/yoast.com\/product\/yoast-seo-wordpress\/ -->\n<title>Edito du 29 septembre : l&#039;automne en Vercors<\/title>\n<meta name=\"description\" content=\"Photo du jour\u2026 jeudi 29 septembre : l&#039;automne en Vercors... Rando du jour\u2026 La plus belle saison est arriv\u00e9e en montagne en cet fin de mois de septembre...\" \/>\n<meta name=\"robots\" content=\"index, follow, max-snippet:-1, max-image-preview:large, max-video-preview:-1\" \/>\n<link rel=\"canonical\" href=\"https:\/\/www.grelibre.net\/WP\/2016\/11\/22\/edito-29-septembre-lautomne-vercors\/\" \/>\n<meta property=\"og:locale\" content=\"fr_FR\" \/>\n<meta property=\"og:type\" content=\"article\" \/>\n<meta property=\"og:title\" content=\"Edito du 29 septembre : l&#039;automne en Vercors\" \/>\n<meta property=\"og:description\" content=\"Photo du jour\u2026 jeudi 29 septembre : l&#039;automne en Vercors... Rando du jour\u2026 La plus belle saison est arriv\u00e9e en montagne en cet fin de mois de septembre...\" \/>\n<meta property=\"og:url\" content=\"https:\/\/www.grelibre.net\/WP\/2016\/11\/22\/edito-29-septembre-lautomne-vercors\/\" \/>\n<meta property=\"og:site_name\" content=\"Grelibre.net\" \/>\n<meta property=\"article:publisher\" content=\"https:\/\/www.facebook.com\/pages\/Grelibre\/127788767248442\" \/>\n<meta property=\"article:published_time\" content=\"2016-11-22T20:30:43+00:00\" \/>\n<meta property=\"og:image\" content=\"http:\/\/www.grelibre.net\/WP\/wp-content\/gallery\/2016-09\/V_290916_005.jpg\" \/>\n<meta name=\"author\" content=\"Grelibre\" \/>\n<meta name=\"twitter:label1\" content=\"\u00c9crit par\" \/>\n\t<meta name=\"twitter:data1\" content=\"Grelibre\" \/>\n<script type=\"application\/ld+json\" class=\"yoast-schema-graph\">{\"@context\":\"https:\\\/\\\/schema.org\",\"@graph\":[{\"@type\":\"Article\",\"@id\":\"https:\\\/\\\/www.grelibre.net\\\/WP\\\/2016\\\/11\\\/22\\\/edito-29-septembre-lautomne-vercors\\\/#article\",\"isPartOf\":{\"@id\":\"https:\\\/\\\/www.grelibre.net\\\/WP\\\/2016\\\/11\\\/22\\\/edito-29-septembre-lautomne-vercors\\\/\"},\"author\":{\"name\":\"Grelibre\",\"@id\":\"https:\\\/\\\/www.grelibre.net\\\/WP\\\/#\\\/schema\\\/person\\\/ad30d863c31be1a80dd44300962ef92e\"},\"headline\":\"Edito du 29 septembre : l&rsquo;automne en Vercors\",\"datePublished\":\"2016-11-22T20:30:43+00:00\",\"mainEntityOfPage\":{\"@id\":\"https:\\\/\\\/www.grelibre.net\\\/WP\\\/2016\\\/11\\\/22\\\/edito-29-septembre-lautomne-vercors\\\/\"},\"wordCount\":81,\"image\":{\"@id\":\"https:\\\/\\\/www.grelibre.net\\\/WP\\\/2016\\\/11\\\/22\\\/edito-29-septembre-lautomne-vercors\\\/#primaryimage\"},\"thumbnailUrl\":\"http:\\\/\\\/www.grelibre.net\\\/WP\\\/wp-content\\\/gallery\\\/2016-09\\\/V_290916_005.jpg\",\"keywords\":[\"bouquetin\",\"pas de berri\u00e8ves\"],\"articleSection\":[\"2016\",\"automne\"],\"inLanguage\":\"fr-FR\"},{\"@type\":\"WebPage\",\"@id\":\"https:\\\/\\\/www.grelibre.net\\\/WP\\\/2016\\\/11\\\/22\\\/edito-29-septembre-lautomne-vercors\\\/\",\"url\":\"https:\\\/\\\/www.grelibre.net\\\/WP\\\/2016\\\/11\\\/22\\\/edito-29-septembre-lautomne-vercors\\\/\",\"name\":\"Edito du 29 septembre : l'automne en Vercors\",\"isPartOf\":{\"@id\":\"https:\\\/\\\/www.grelibre.net\\\/WP\\\/#website\"},\"primaryImageOfPage\":{\"@id\":\"https:\\\/\\\/www.grelibre.net\\\/WP\\\/2016\\\/11\\\/22\\\/edito-29-septembre-lautomne-vercors\\\/#primaryimage\"},\"image\":{\"@id\":\"https:\\\/\\\/www.grelibre.net\\\/WP\\\/2016\\\/11\\\/22\\\/edito-29-septembre-lautomne-vercors\\\/#primaryimage\"},\"thumbnailUrl\":\"http:\\\/\\\/www.grelibre.net\\\/WP\\\/wp-content\\\/gallery\\\/2016-09\\\/V_290916_005.jpg\",\"datePublished\":\"2016-11-22T20:30:43+00:00\",\"author\":{\"@id\":\"https:\\\/\\\/www.grelibre.net\\\/WP\\\/#\\\/schema\\\/person\\\/ad30d863c31be1a80dd44300962ef92e\"},\"description\":\"Photo du jour\u2026 jeudi 29 septembre : l'automne en Vercors... Rando du jour\u2026 La plus belle saison est arriv\u00e9e en montagne en cet fin de mois de septembre...\",\"inLanguage\":\"fr-FR\",\"potentialAction\":[{\"@type\":\"ReadAction\",\"target\":[\"https:\\\/\\\/www.grelibre.net\\\/WP\\\/2016\\\/11\\\/22\\\/edito-29-septembre-lautomne-vercors\\\/\"]}]},{\"@type\":\"ImageObject\",\"inLanguage\":\"fr-FR\",\"@id\":\"https:\\\/\\\/www.grelibre.net\\\/WP\\\/2016\\\/11\\\/22\\\/edito-29-septembre-lautomne-vercors\\\/#primaryimage\",\"url\":\"http:\\\/\\\/www.grelibre.net\\\/WP\\\/wp-content\\\/gallery\\\/2016-09\\\/V_290916_005.jpg\",\"contentUrl\":\"http:\\\/\\\/www.grelibre.net\\\/WP\\\/wp-content\\\/gallery\\\/2016-09\\\/V_290916_005.jpg\"},{\"@type\":\"WebSite\",\"@id\":\"https:\\\/\\\/www.grelibre.net\\\/WP\\\/#website\",\"url\":\"https:\\\/\\\/www.grelibre.net\\\/WP\\\/\",\"name\":\"Grelibre.net\",\"description\":\"la Montagne dans tous ses \u00e9tats\",\"potentialAction\":[{\"@type\":\"SearchAction\",\"target\":{\"@type\":\"EntryPoint\",\"urlTemplate\":\"https:\\\/\\\/www.grelibre.net\\\/WP\\\/?s={search_term_string}\"},\"query-input\":{\"@type\":\"PropertyValueSpecification\",\"valueRequired\":true,\"valueName\":\"search_term_string\"}}],\"inLanguage\":\"fr-FR\"},{\"@type\":\"Person\",\"@id\":\"https:\\\/\\\/www.grelibre.net\\\/WP\\\/#\\\/schema\\\/person\\\/ad30d863c31be1a80dd44300962ef92e\",\"name\":\"Grelibre\",\"image\":{\"@type\":\"ImageObject\",\"inLanguage\":\"fr-FR\",\"@id\":\"https:\\\/\\\/secure.gravatar.com\\\/avatar\\\/58beb5dfb95390604f13a3474b88e7c3cccbd91d3d084e8a46fb51deed41ea4c?s=96&d=mm&r=g\",\"url\":\"https:\\\/\\\/secure.gravatar.com\\\/avatar\\\/58beb5dfb95390604f13a3474b88e7c3cccbd91d3d084e8a46fb51deed41ea4c?s=96&d=mm&r=g\",\"contentUrl\":\"https:\\\/\\\/secure.gravatar.com\\\/avatar\\\/58beb5dfb95390604f13a3474b88e7c3cccbd91d3d084e8a46fb51deed41ea4c?s=96&d=mm&r=g\",\"caption\":\"Grelibre\"},\"sameAs\":[\"http:\\\/\\\/wwww.grelibre.net\"],\"url\":\"https:\\\/\\\/www.grelibre.net\\\/WP\\\/author\\\/grelibreadmin\\\/\"}]}<\/script>\n<!-- \/ Yoast SEO plugin. -->","yoast_head_json":{"title":"Edito du 29 septembre : l'automne en Vercors","description":"Photo du jour\u2026 jeudi 29 septembre : l'automne en Vercors... Rando du jour\u2026 La plus belle saison est arriv\u00e9e en montagne en cet fin de mois de septembre...","robots":{"index":"index","follow":"follow","max-snippet":"max-snippet:-1","max-image-preview":"max-image-preview:large","max-video-preview":"max-video-preview:-1"},"canonical":"https:\/\/www.grelibre.net\/WP\/2016\/11\/22\/edito-29-septembre-lautomne-vercors\/","og_locale":"fr_FR","og_type":"article","og_title":"Edito du 29 septembre : l'automne en Vercors","og_description":"Photo du jour\u2026 jeudi 29 septembre : l'automne en Vercors... Rando du jour\u2026 La plus belle saison est arriv\u00e9e en montagne en cet fin de mois de septembre...","og_url":"https:\/\/www.grelibre.net\/WP\/2016\/11\/22\/edito-29-septembre-lautomne-vercors\/","og_site_name":"Grelibre.net","article_publisher":"https:\/\/www.facebook.com\/pages\/Grelibre\/127788767248442","article_published_time":"2016-11-22T20:30:43+00:00","og_image":[{"url":"http:\/\/www.grelibre.net\/WP\/wp-content\/gallery\/2016-09\/V_290916_005.jpg","type":"","width":"","height":""}],"author":"Grelibre","twitter_misc":{"\u00c9crit par":"Grelibre"},"schema":{"@context":"https:\/\/schema.org","@graph":[{"@type":"Article","@id":"https:\/\/www.grelibre.net\/WP\/2016\/11\/22\/edito-29-septembre-lautomne-vercors\/#article","isPartOf":{"@id":"https:\/\/www.grelibre.net\/WP\/2016\/11\/22\/edito-29-septembre-lautomne-vercors\/"},"author":{"name":"Grelibre","@id":"https:\/\/www.grelibre.net\/WP\/#\/schema\/person\/ad30d863c31be1a80dd44300962ef92e"},"headline":"Edito du 29 septembre : l&rsquo;automne en Vercors","datePublished":"2016-11-22T20:30:43+00:00","mainEntityOfPage":{"@id":"https:\/\/www.grelibre.net\/WP\/2016\/11\/22\/edito-29-septembre-lautomne-vercors\/"},"wordCount":81,"image":{"@id":"https:\/\/www.grelibre.net\/WP\/2016\/11\/22\/edito-29-septembre-lautomne-vercors\/#primaryimage"},"thumbnailUrl":"http:\/\/www.grelibre.net\/WP\/wp-content\/gallery\/2016-09\/V_290916_005.jpg","keywords":["bouquetin","pas de berri\u00e8ves"],"articleSection":["2016","automne"],"inLanguage":"fr-FR"},{"@type":"WebPage","@id":"https:\/\/www.grelibre.net\/WP\/2016\/11\/22\/edito-29-septembre-lautomne-vercors\/","url":"https:\/\/www.grelibre.net\/WP\/2016\/11\/22\/edito-29-septembre-lautomne-vercors\/","name":"Edito du 29 septembre : l'automne en Vercors","isPartOf":{"@id":"https:\/\/www.grelibre.net\/WP\/#website"},"primaryImageOfPage":{"@id":"https:\/\/www.grelibre.net\/WP\/2016\/11\/22\/edito-29-septembre-lautomne-vercors\/#primaryimage"},"image":{"@id":"https:\/\/www.grelibre.net\/WP\/2016\/11\/22\/edito-29-septembre-lautomne-vercors\/#primaryimage"},"thumbnailUrl":"http:\/\/www.grelibre.net\/WP\/wp-content\/gallery\/2016-09\/V_290916_005.jpg","datePublished":"2016-11-22T20:30:43+00:00","author":{"@id":"https:\/\/www.grelibre.net\/WP\/#\/schema\/person\/ad30d863c31be1a80dd44300962ef92e"},"description":"Photo du jour\u2026 jeudi 29 septembre : l'automne en Vercors... Rando du jour\u2026 La plus belle saison est arriv\u00e9e en montagne en cet fin de mois de septembre...","inLanguage":"fr-FR","potentialAction":[{"@type":"ReadAction","target":["https:\/\/www.grelibre.net\/WP\/2016\/11\/22\/edito-29-septembre-lautomne-vercors\/"]}]},{"@type":"ImageObject","inLanguage":"fr-FR","@id":"https:\/\/www.grelibre.net\/WP\/2016\/11\/22\/edito-29-septembre-lautomne-vercors\/#primaryimage","url":"http:\/\/www.grelibre.net\/WP\/wp-content\/gallery\/2016-09\/V_290916_005.jpg","contentUrl":"http:\/\/www.grelibre.net\/WP\/wp-content\/gallery\/2016-09\/V_290916_005.jpg"},{"@type":"WebSite","@id":"https:\/\/www.grelibre.net\/WP\/#website","url":"https:\/\/www.grelibre.net\/WP\/","name":"Grelibre.net","description":"la Montagne dans tous ses \u00e9tats","potentialAction":[{"@type":"SearchAction","target":{"@type":"EntryPoint","urlTemplate":"https:\/\/www.grelibre.net\/WP\/?s={search_term_string}"},"query-input":{"@type":"PropertyValueSpecification","valueRequired":true,"valueName":"search_term_string"}}],"inLanguage":"fr-FR"},{"@type":"Person","@id":"https:\/\/www.grelibre.net\/WP\/#\/schema\/person\/ad30d863c31be1a80dd44300962ef92e","name":"Grelibre","image":{"@type":"ImageObject","inLanguage":"fr-FR","@id":"https:\/\/secure.gravatar.com\/avatar\/58beb5dfb95390604f13a3474b88e7c3cccbd91d3d084e8a46fb51deed41ea4c?s=96&d=mm&r=g","url":"https:\/\/secure.gravatar.com\/avatar\/58beb5dfb95390604f13a3474b88e7c3cccbd91d3d084e8a46fb51deed41ea4c?s=96&d=mm&r=g","contentUrl":"https:\/\/secure.gravatar.com\/avatar\/58beb5dfb95390604f13a3474b88e7c3cccbd91d3d084e8a46fb51deed41ea4c?s=96&d=mm&r=g","caption":"Grelibre"},"sameAs":["http:\/\/wwww.grelibre.net"],"url":"https:\/\/www.grelibre.net\/WP\/author\/grelibreadmin\/"}]}},"_links":{"self":[{"href":"https:\/\/www.grelibre.net\/WP\/wp-json\/wp\/v2\/posts\/3062","targetHints":{"allow":["GET"]}}],"collection":[{"href":"https:\/\/www.grelibre.net\/WP\/wp-json\/wp\/v2\/posts"}],"about":[{"href":"https:\/\/www.grelibre.net\/WP\/wp-json\/wp\/v2\/types\/post"}],"author":[{"embeddable":true,"href":"https:\/\/www.grelibre.net\/WP\/wp-json\/wp\/v2\/users\/2"}],"replies":[{"embeddable":true,"href":"https:\/\/www.grelibre.net\/WP\/wp-json\/wp\/v2\/comments?post=3062"}],"version-history":[{"count":4,"href":"https:\/\/www.grelibre.net\/WP\/wp-json\/wp\/v2\/posts\/3062\/revisions"}],"predecessor-version":[{"id":3066,"href":"https:\/\/www.grelibre.net\/WP\/wp-json\/wp\/v2\/posts\/3062\/revisions\/3066"}],"wp:attachment":[{"href":"https:\/\/www.grelibre.net\/WP\/wp-json\/wp\/v2\/media?parent=3062"}],"wp:term":[{"taxonomy":"category","embeddable":true,"href":"https:\/\/www.grelibre.net\/WP\/wp-json\/wp\/v2\/categories?post=3062"},{"taxonomy":"post_tag","embeddable":true,"href":"https:\/\/www.grelibre.net\/WP\/wp-json\/wp\/v2\/tags?post=3062"}],"curies":[{"name":"wp","href":"https:\/\/api.w.org\/{rel}","templated":true}]}}