{"id":2889,"date":"2015-08-27T05:15:21","date_gmt":"2015-08-27T05:15:21","guid":{"rendered":"http:\/\/www.grelibre.net\/WP\/?p=2889"},"modified":"2015-08-27T05:16:04","modified_gmt":"2015-08-27T05:16:04","slug":"edito-du-11-aout-mer-de-nuages-dete","status":"publish","type":"post","link":"https:\/\/www.grelibre.net\/WP\/2015\/08\/27\/edito-du-11-aout-mer-de-nuages-dete\/","title":{"rendered":"Edito du 11 ao\u00fbt : mer de nuages d&rsquo;\u00e9t\u00e9"},"content":{"rendered":"<h1>Photo du jour\u2026<\/h1>\n<h4>mardi 11 ao\u00fbt : mer de nuages d&rsquo;\u00e9t\u00e9<\/h4>\n<p><img decoding=\"async\" class=\"ngg-singlepic ngg-none\" src=\"http:\/\/www.grelibre.net\/WP\/wp-content\/plugins\/image-shadow\/cache\/814c4099ac211ad807ed8c9b016b3250.jpg\" alt=\"mer de nuages d'\u00e9t\u00e9\" \/><\/p>\n<h1>Rando du jour\u2026<\/h1>\n<p>Il est assez rare de rencontrer des mers de nuages en plein \u00e9t\u00e9 comme pour ce mardi matin du 11 ao\u00fbt&#8230; alors pour ne pas manquer ce spectacle toujours aussi beau vu d&rsquo;en haut, petit tour sur les contreforts du Vercors&#8230;<br \/>\nQuelques images :<\/p>\n<p>lever du soleil sur l&rsquo;horizon<br \/>\n<img decoding=\"async\" class=\"ngg-singlepic ngg-none\" src=\"http:\/\/www.grelibre.net\/WP\/wp-content\/plugins\/image-shadow\/cache\/4932bfdf77a7d921e541978f68894ccb.jpg\" alt=\"mer de nuages d'\u00e9t\u00e9\" \/><\/p>\n<p><img decoding=\"async\" class=\"ngg-singlepic ngg-none\" src=\"http:\/\/www.grelibre.net\/WP\/wp-content\/plugins\/image-shadow\/cache\/c42d2f759d4f6f21b1938b1643644d67.jpg\" alt=\"mer de nuages d'\u00e9t\u00e9\" \/><\/p>\n<p>la mer de nuages se densifie&#8230;<br \/>\n<img decoding=\"async\" class=\"ngg-singlepic ngg-none\" src=\"http:\/\/www.grelibre.net\/WP\/wp-content\/plugins\/image-shadow\/cache\/7e56df31fc02cf86971d383dc38e2275.jpg\" alt=\"mer de nuages d'\u00e9t\u00e9\" \/><\/p>\n<p>Les premiers rayons atteignent les cr\u00eates orientales<br \/>\n<img decoding=\"async\" class=\"ngg-singlepic ngg-none\" src=\"http:\/\/www.grelibre.net\/WP\/wp-content\/plugins\/image-shadow\/cache\/d852c393fd299e70724238b2e206c9b2.jpg\" alt=\"mer de nuages d'\u00e9t\u00e9\" \/><\/p>\n<p>le jeu des nuages<br \/>\n<img decoding=\"async\" class=\"ngg-singlepic ngg-none\" src=\"http:\/\/www.grelibre.net\/WP\/wp-content\/plugins\/image-shadow\/cache\/dbf11bd7ac775e64e62c94dd41079193.jpg\" alt=\"mer de nuages d'\u00e9t\u00e9\" \/><\/p>\n<p><img decoding=\"async\" class=\"ngg-singlepic ngg-none\" src=\"http:\/\/www.grelibre.net\/WP\/wp-content\/plugins\/image-shadow\/cache\/8f65551145e999c87672fff461118c8c.jpg\" alt=\"mer de nuages d'\u00e9t\u00e9\" \/><\/p>\n<p>il est temps de redescendre m\u00eame si l&rsquo;envie de rester est plus forte&#8230;<br \/>\n<img decoding=\"async\" class=\"ngg-singlepic ngg-none\" src=\"http:\/\/www.grelibre.net\/WP\/wp-content\/plugins\/image-shadow\/cache\/8f0e98c9ae29b0756e1c2f0ec654edde.jpg\" alt=\"mer de nuages d'\u00e9t\u00e9\" \/><\/p>\n","protected":false},"excerpt":{"rendered":"<p>Photo du jour\u2026 mardi 11 ao\u00fbt : mer de nuages d&rsquo;\u00e9t\u00e9 Rando du jour\u2026 Il est assez rare de rencontrer des mers de nuages en plein \u00e9t\u00e9 comme pour ce mardi matin du 11 ao\u00fbt&#8230; alors pour ne pas manquer ce spectacle toujours aussi beau vu d&rsquo;en haut, petit tour sur les contreforts du Vercors&#8230;&hellip;<\/p>\n<p class=\"more\"><a class=\"more-link\" href=\"https:\/\/www.grelibre.net\/WP\/2015\/08\/27\/edito-du-11-aout-mer-de-nuages-dete\/\">Continue reading <span class=\"screen-reader-text\">Edito du 11 ao\u00fbt : mer de nuages d&rsquo;\u00e9t\u00e9<\/span><\/a><\/p>\n","protected":false},"author":2,"featured_media":0,"comment_status":"closed","ping_status":"open","sticky":false,"template":"","format":"standard","meta":{"footnotes":""},"categories":[111,69],"tags":[115],"class_list":["post-2889","post","type-post","status-publish","format-standard","hentry","category-111","category-vercors-3","tag-mer-de-nuages","entry"],"yoast_head":"<!-- This site is optimized with the Yoast SEO plugin v27.5 - https:\/\/yoast.com\/product\/yoast-seo-wordpress\/ -->\n<title>Edito du 11 ao\u00fbt : mer de nuages d&#039;\u00e9t\u00e9<\/title>\n<meta name=\"description\" content=\"Grelibre.net, la montagne dans tous ses \u00e9tats - mer de nuages d&#039;\u00e9t\u00e9\" \/>\n<meta name=\"robots\" content=\"index, follow, max-snippet:-1, max-image-preview:large, max-video-preview:-1\" \/>\n<link rel=\"canonical\" href=\"https:\/\/www.grelibre.net\/WP\/2015\/08\/27\/edito-du-11-aout-mer-de-nuages-dete\/\" \/>\n<meta property=\"og:locale\" content=\"fr_FR\" \/>\n<meta property=\"og:type\" content=\"article\" \/>\n<meta property=\"og:title\" content=\"Edito du 11 ao\u00fbt : mer de nuages d&#039;\u00e9t\u00e9\" \/>\n<meta property=\"og:description\" content=\"Grelibre.net, la montagne dans tous ses \u00e9tats - mer de nuages d&#039;\u00e9t\u00e9\" \/>\n<meta property=\"og:url\" content=\"https:\/\/www.grelibre.net\/WP\/2015\/08\/27\/edito-du-11-aout-mer-de-nuages-dete\/\" \/>\n<meta property=\"og:site_name\" content=\"Grelibre.net\" \/>\n<meta property=\"article:publisher\" content=\"https:\/\/www.facebook.com\/pages\/Grelibre\/127788767248442\" \/>\n<meta property=\"article:published_time\" content=\"2015-08-27T05:15:21+00:00\" \/>\n<meta property=\"article:modified_time\" content=\"2015-08-27T05:16:04+00:00\" \/>\n<meta property=\"og:image\" content=\"http:\/\/www.grelibre.net\/WP\/wp-content\/gallery\/2015-08\/V_110815_001.jpg\" \/>\n<meta name=\"author\" content=\"Grelibre\" \/>\n<meta name=\"twitter:label1\" content=\"\u00c9crit par\" \/>\n\t<meta name=\"twitter:data1\" content=\"Grelibre\" \/>\n<script type=\"application\/ld+json\" class=\"yoast-schema-graph\">{\"@context\":\"https:\\\/\\\/schema.org\",\"@graph\":[{\"@type\":\"Article\",\"@id\":\"https:\\\/\\\/www.grelibre.net\\\/WP\\\/2015\\\/08\\\/27\\\/edito-du-11-aout-mer-de-nuages-dete\\\/#article\",\"isPartOf\":{\"@id\":\"https:\\\/\\\/www.grelibre.net\\\/WP\\\/2015\\\/08\\\/27\\\/edito-du-11-aout-mer-de-nuages-dete\\\/\"},\"author\":{\"name\":\"Grelibre\",\"@id\":\"https:\\\/\\\/www.grelibre.net\\\/WP\\\/#\\\/schema\\\/person\\\/ad30d863c31be1a80dd44300962ef92e\"},\"headline\":\"Edito du 11 ao\u00fbt : mer de nuages d&rsquo;\u00e9t\u00e9\",\"datePublished\":\"2015-08-27T05:15:21+00:00\",\"dateModified\":\"2015-08-27T05:16:04+00:00\",\"mainEntityOfPage\":{\"@id\":\"https:\\\/\\\/www.grelibre.net\\\/WP\\\/2015\\\/08\\\/27\\\/edito-du-11-aout-mer-de-nuages-dete\\\/\"},\"wordCount\":103,\"image\":{\"@id\":\"https:\\\/\\\/www.grelibre.net\\\/WP\\\/2015\\\/08\\\/27\\\/edito-du-11-aout-mer-de-nuages-dete\\\/#primaryimage\"},\"thumbnailUrl\":\"http:\\\/\\\/www.grelibre.net\\\/WP\\\/wp-content\\\/gallery\\\/2015-08\\\/V_110815_001.jpg\",\"keywords\":[\"mer de nuages\"],\"articleSection\":[\"2015\",\"Vercors\"],\"inLanguage\":\"fr-FR\"},{\"@type\":\"WebPage\",\"@id\":\"https:\\\/\\\/www.grelibre.net\\\/WP\\\/2015\\\/08\\\/27\\\/edito-du-11-aout-mer-de-nuages-dete\\\/\",\"url\":\"https:\\\/\\\/www.grelibre.net\\\/WP\\\/2015\\\/08\\\/27\\\/edito-du-11-aout-mer-de-nuages-dete\\\/\",\"name\":\"Edito du 11 ao\u00fbt : mer de nuages d'\u00e9t\u00e9\",\"isPartOf\":{\"@id\":\"https:\\\/\\\/www.grelibre.net\\\/WP\\\/#website\"},\"primaryImageOfPage\":{\"@id\":\"https:\\\/\\\/www.grelibre.net\\\/WP\\\/2015\\\/08\\\/27\\\/edito-du-11-aout-mer-de-nuages-dete\\\/#primaryimage\"},\"image\":{\"@id\":\"https:\\\/\\\/www.grelibre.net\\\/WP\\\/2015\\\/08\\\/27\\\/edito-du-11-aout-mer-de-nuages-dete\\\/#primaryimage\"},\"thumbnailUrl\":\"http:\\\/\\\/www.grelibre.net\\\/WP\\\/wp-content\\\/gallery\\\/2015-08\\\/V_110815_001.jpg\",\"datePublished\":\"2015-08-27T05:15:21+00:00\",\"dateModified\":\"2015-08-27T05:16:04+00:00\",\"author\":{\"@id\":\"https:\\\/\\\/www.grelibre.net\\\/WP\\\/#\\\/schema\\\/person\\\/ad30d863c31be1a80dd44300962ef92e\"},\"description\":\"Grelibre.net, la montagne dans tous ses \u00e9tats - mer de nuages d'\u00e9t\u00e9\",\"inLanguage\":\"fr-FR\",\"potentialAction\":[{\"@type\":\"ReadAction\",\"target\":[\"https:\\\/\\\/www.grelibre.net\\\/WP\\\/2015\\\/08\\\/27\\\/edito-du-11-aout-mer-de-nuages-dete\\\/\"]}]},{\"@type\":\"ImageObject\",\"inLanguage\":\"fr-FR\",\"@id\":\"https:\\\/\\\/www.grelibre.net\\\/WP\\\/2015\\\/08\\\/27\\\/edito-du-11-aout-mer-de-nuages-dete\\\/#primaryimage\",\"url\":\"http:\\\/\\\/www.grelibre.net\\\/WP\\\/wp-content\\\/gallery\\\/2015-08\\\/V_110815_001.jpg\",\"contentUrl\":\"http:\\\/\\\/www.grelibre.net\\\/WP\\\/wp-content\\\/gallery\\\/2015-08\\\/V_110815_001.jpg\"},{\"@type\":\"WebSite\",\"@id\":\"https:\\\/\\\/www.grelibre.net\\\/WP\\\/#website\",\"url\":\"https:\\\/\\\/www.grelibre.net\\\/WP\\\/\",\"name\":\"Grelibre.net\",\"description\":\"la Montagne dans tous ses \u00e9tats\",\"potentialAction\":[{\"@type\":\"SearchAction\",\"target\":{\"@type\":\"EntryPoint\",\"urlTemplate\":\"https:\\\/\\\/www.grelibre.net\\\/WP\\\/?s={search_term_string}\"},\"query-input\":{\"@type\":\"PropertyValueSpecification\",\"valueRequired\":true,\"valueName\":\"search_term_string\"}}],\"inLanguage\":\"fr-FR\"},{\"@type\":\"Person\",\"@id\":\"https:\\\/\\\/www.grelibre.net\\\/WP\\\/#\\\/schema\\\/person\\\/ad30d863c31be1a80dd44300962ef92e\",\"name\":\"Grelibre\",\"image\":{\"@type\":\"ImageObject\",\"inLanguage\":\"fr-FR\",\"@id\":\"https:\\\/\\\/secure.gravatar.com\\\/avatar\\\/58beb5dfb95390604f13a3474b88e7c3cccbd91d3d084e8a46fb51deed41ea4c?s=96&d=mm&r=g\",\"url\":\"https:\\\/\\\/secure.gravatar.com\\\/avatar\\\/58beb5dfb95390604f13a3474b88e7c3cccbd91d3d084e8a46fb51deed41ea4c?s=96&d=mm&r=g\",\"contentUrl\":\"https:\\\/\\\/secure.gravatar.com\\\/avatar\\\/58beb5dfb95390604f13a3474b88e7c3cccbd91d3d084e8a46fb51deed41ea4c?s=96&d=mm&r=g\",\"caption\":\"Grelibre\"},\"sameAs\":[\"http:\\\/\\\/wwww.grelibre.net\"],\"url\":\"https:\\\/\\\/www.grelibre.net\\\/WP\\\/author\\\/grelibreadmin\\\/\"}]}<\/script>\n<!-- \/ Yoast SEO plugin. -->","yoast_head_json":{"title":"Edito du 11 ao\u00fbt : mer de nuages d'\u00e9t\u00e9","description":"Grelibre.net, la montagne dans tous ses \u00e9tats - mer de nuages d'\u00e9t\u00e9","robots":{"index":"index","follow":"follow","max-snippet":"max-snippet:-1","max-image-preview":"max-image-preview:large","max-video-preview":"max-video-preview:-1"},"canonical":"https:\/\/www.grelibre.net\/WP\/2015\/08\/27\/edito-du-11-aout-mer-de-nuages-dete\/","og_locale":"fr_FR","og_type":"article","og_title":"Edito du 11 ao\u00fbt : mer de nuages d'\u00e9t\u00e9","og_description":"Grelibre.net, la montagne dans tous ses \u00e9tats - mer de nuages d'\u00e9t\u00e9","og_url":"https:\/\/www.grelibre.net\/WP\/2015\/08\/27\/edito-du-11-aout-mer-de-nuages-dete\/","og_site_name":"Grelibre.net","article_publisher":"https:\/\/www.facebook.com\/pages\/Grelibre\/127788767248442","article_published_time":"2015-08-27T05:15:21+00:00","article_modified_time":"2015-08-27T05:16:04+00:00","og_image":[{"url":"http:\/\/www.grelibre.net\/WP\/wp-content\/gallery\/2015-08\/V_110815_001.jpg","type":"","width":"","height":""}],"author":"Grelibre","twitter_misc":{"\u00c9crit par":"Grelibre"},"schema":{"@context":"https:\/\/schema.org","@graph":[{"@type":"Article","@id":"https:\/\/www.grelibre.net\/WP\/2015\/08\/27\/edito-du-11-aout-mer-de-nuages-dete\/#article","isPartOf":{"@id":"https:\/\/www.grelibre.net\/WP\/2015\/08\/27\/edito-du-11-aout-mer-de-nuages-dete\/"},"author":{"name":"Grelibre","@id":"https:\/\/www.grelibre.net\/WP\/#\/schema\/person\/ad30d863c31be1a80dd44300962ef92e"},"headline":"Edito du 11 ao\u00fbt : mer de nuages d&rsquo;\u00e9t\u00e9","datePublished":"2015-08-27T05:15:21+00:00","dateModified":"2015-08-27T05:16:04+00:00","mainEntityOfPage":{"@id":"https:\/\/www.grelibre.net\/WP\/2015\/08\/27\/edito-du-11-aout-mer-de-nuages-dete\/"},"wordCount":103,"image":{"@id":"https:\/\/www.grelibre.net\/WP\/2015\/08\/27\/edito-du-11-aout-mer-de-nuages-dete\/#primaryimage"},"thumbnailUrl":"http:\/\/www.grelibre.net\/WP\/wp-content\/gallery\/2015-08\/V_110815_001.jpg","keywords":["mer de nuages"],"articleSection":["2015","Vercors"],"inLanguage":"fr-FR"},{"@type":"WebPage","@id":"https:\/\/www.grelibre.net\/WP\/2015\/08\/27\/edito-du-11-aout-mer-de-nuages-dete\/","url":"https:\/\/www.grelibre.net\/WP\/2015\/08\/27\/edito-du-11-aout-mer-de-nuages-dete\/","name":"Edito du 11 ao\u00fbt : mer de nuages d'\u00e9t\u00e9","isPartOf":{"@id":"https:\/\/www.grelibre.net\/WP\/#website"},"primaryImageOfPage":{"@id":"https:\/\/www.grelibre.net\/WP\/2015\/08\/27\/edito-du-11-aout-mer-de-nuages-dete\/#primaryimage"},"image":{"@id":"https:\/\/www.grelibre.net\/WP\/2015\/08\/27\/edito-du-11-aout-mer-de-nuages-dete\/#primaryimage"},"thumbnailUrl":"http:\/\/www.grelibre.net\/WP\/wp-content\/gallery\/2015-08\/V_110815_001.jpg","datePublished":"2015-08-27T05:15:21+00:00","dateModified":"2015-08-27T05:16:04+00:00","author":{"@id":"https:\/\/www.grelibre.net\/WP\/#\/schema\/person\/ad30d863c31be1a80dd44300962ef92e"},"description":"Grelibre.net, la montagne dans tous ses \u00e9tats - mer de nuages d'\u00e9t\u00e9","inLanguage":"fr-FR","potentialAction":[{"@type":"ReadAction","target":["https:\/\/www.grelibre.net\/WP\/2015\/08\/27\/edito-du-11-aout-mer-de-nuages-dete\/"]}]},{"@type":"ImageObject","inLanguage":"fr-FR","@id":"https:\/\/www.grelibre.net\/WP\/2015\/08\/27\/edito-du-11-aout-mer-de-nuages-dete\/#primaryimage","url":"http:\/\/www.grelibre.net\/WP\/wp-content\/gallery\/2015-08\/V_110815_001.jpg","contentUrl":"http:\/\/www.grelibre.net\/WP\/wp-content\/gallery\/2015-08\/V_110815_001.jpg"},{"@type":"WebSite","@id":"https:\/\/www.grelibre.net\/WP\/#website","url":"https:\/\/www.grelibre.net\/WP\/","name":"Grelibre.net","description":"la Montagne dans tous ses \u00e9tats","potentialAction":[{"@type":"SearchAction","target":{"@type":"EntryPoint","urlTemplate":"https:\/\/www.grelibre.net\/WP\/?s={search_term_string}"},"query-input":{"@type":"PropertyValueSpecification","valueRequired":true,"valueName":"search_term_string"}}],"inLanguage":"fr-FR"},{"@type":"Person","@id":"https:\/\/www.grelibre.net\/WP\/#\/schema\/person\/ad30d863c31be1a80dd44300962ef92e","name":"Grelibre","image":{"@type":"ImageObject","inLanguage":"fr-FR","@id":"https:\/\/secure.gravatar.com\/avatar\/58beb5dfb95390604f13a3474b88e7c3cccbd91d3d084e8a46fb51deed41ea4c?s=96&d=mm&r=g","url":"https:\/\/secure.gravatar.com\/avatar\/58beb5dfb95390604f13a3474b88e7c3cccbd91d3d084e8a46fb51deed41ea4c?s=96&d=mm&r=g","contentUrl":"https:\/\/secure.gravatar.com\/avatar\/58beb5dfb95390604f13a3474b88e7c3cccbd91d3d084e8a46fb51deed41ea4c?s=96&d=mm&r=g","caption":"Grelibre"},"sameAs":["http:\/\/wwww.grelibre.net"],"url":"https:\/\/www.grelibre.net\/WP\/author\/grelibreadmin\/"}]}},"_links":{"self":[{"href":"https:\/\/www.grelibre.net\/WP\/wp-json\/wp\/v2\/posts\/2889","targetHints":{"allow":["GET"]}}],"collection":[{"href":"https:\/\/www.grelibre.net\/WP\/wp-json\/wp\/v2\/posts"}],"about":[{"href":"https:\/\/www.grelibre.net\/WP\/wp-json\/wp\/v2\/types\/post"}],"author":[{"embeddable":true,"href":"https:\/\/www.grelibre.net\/WP\/wp-json\/wp\/v2\/users\/2"}],"replies":[{"embeddable":true,"href":"https:\/\/www.grelibre.net\/WP\/wp-json\/wp\/v2\/comments?post=2889"}],"version-history":[{"count":6,"href":"https:\/\/www.grelibre.net\/WP\/wp-json\/wp\/v2\/posts\/2889\/revisions"}],"predecessor-version":[{"id":2896,"href":"https:\/\/www.grelibre.net\/WP\/wp-json\/wp\/v2\/posts\/2889\/revisions\/2896"}],"wp:attachment":[{"href":"https:\/\/www.grelibre.net\/WP\/wp-json\/wp\/v2\/media?parent=2889"}],"wp:term":[{"taxonomy":"category","embeddable":true,"href":"https:\/\/www.grelibre.net\/WP\/wp-json\/wp\/v2\/categories?post=2889"},{"taxonomy":"post_tag","embeddable":true,"href":"https:\/\/www.grelibre.net\/WP\/wp-json\/wp\/v2\/tags?post=2889"}],"curies":[{"name":"wp","href":"https:\/\/api.w.org\/{rel}","templated":true}]}}