{"id":2717,"date":"2014-07-25T15:23:01","date_gmt":"2014-07-25T15:23:01","guid":{"rendered":"http:\/\/www.grelibre.net\/WP\/?p=2717"},"modified":"2014-07-25T15:23:01","modified_gmt":"2014-07-25T15:23:01","slug":"edito-du-15-juillet-soir-dent-crolles","status":"publish","type":"post","link":"https:\/\/www.grelibre.net\/WP\/2014\/07\/25\/edito-du-15-juillet-soir-dent-crolles\/","title":{"rendered":"Edito du 15 juillet : Un soir \u00e0 la Dent de Crolles"},"content":{"rendered":"<h1>Photo du jour\u2026<\/h1>\n<h4>lundi 14 juillet : Un soir \u00e0 la Dent de Crolles&#8230;<\/h4>\n<p><img decoding=\"async\" class=\"ngg-singlepic ngg-none\" alt=\"Un soir \u00e0 la Dent de Crolles\" src=\"http:\/\/www.grelibre.net\/WP\/wp-content\/plugins\/image-shadow\/cache\/508ae0039190101e55e919fb465ef9bb.jpg\" \/><\/p>\n<h1>Rando du jour\u2026<\/h1>\n<p>Le beau temps \u00e9tais annonc\u00e9 ce mardi 15 juillet mais les nuages pouvaient encore accrocher les pentes des montagnes&#8230; Id\u00e9al pour une sortie apr\u00e8s le boulot pour profiter de ces longues journ\u00e9es de  juillet.<br \/>\nCe fut une nouvelle fois de superbes moments \u00e0 contempler avec des nuages qui se form\u00e8rent en mer de nuages juste avant le coucher du soleil&#8230; comme en automne&#8230;<\/p>\n<p>Quelques images&#8230;<\/p>\n<p>petit tour vers des passages Chartrousins presque secrets<br \/>\n<img decoding=\"async\" class=\"ngg-singlepic ngg-none\" alt=\"Un soir \u00e0 la Dent de Crolles\" src=\"http:\/\/www.grelibre.net\/WP\/wp-content\/plugins\/image-shadow\/cache\/daa3a3fe5e6593680a43dcc4e2f36c2b.jpg\" \/><\/p>\n<p>petit coucou \u00e0 l&rsquo;Arche \u00e0 l&rsquo;Aiguille<br \/>\n<img decoding=\"async\" class=\"ngg-singlepic ngg-none\" alt=\"Un soir \u00e0 la Dent de Crolles\" src=\"http:\/\/www.grelibre.net\/WP\/wp-content\/plugins\/image-shadow\/cache\/c61b8ab361a7d49fe7fe6618d06b100f.jpg\" \/><\/p>\n<p>rencontre avec quelques chamois&#8230;<br \/>\n<img decoding=\"async\" class=\"ngg-singlepic ngg-none\" alt=\"Un soir \u00e0 la Dent de Crolles\" src=\"http:\/\/www.grelibre.net\/WP\/wp-content\/plugins\/image-shadow\/cache\/da10736d822aacab556a2d661d652961.jpg\" \/><\/p>\n<p>Ca peut rendre fou !!<br \/>\n<img decoding=\"async\" class=\"ngg-singlepic ngg-none\" alt=\"Un soir \u00e0 la Dent de Crolles\" src=\"http:\/\/www.grelibre.net\/WP\/wp-content\/plugins\/image-shadow\/cache\/715ad9fa703c5e13f15bc5d5f33a41ad.jpg\" \/><\/p>\n<p>La Chartreuse est belle !<br \/>\n<img decoding=\"async\" class=\"ngg-singlepic ngg-none\" alt=\"Un soir \u00e0 la Dent de Crolles\" src=\"http:\/\/www.grelibre.net\/WP\/wp-content\/plugins\/image-shadow\/cache\/c8eb644dce272c1a985672da7d4b460f.jpg\" \/><\/p>\n<p><img decoding=\"async\" class=\"ngg-singlepic ngg-none\" alt=\"Un soir \u00e0 la Dent de Crolles\" src=\"http:\/\/www.grelibre.net\/WP\/wp-content\/plugins\/image-shadow\/cache\/4acd01ff94c59eada020e87305f6b136.jpg\" \/><\/p>\n<p>Les brumes d&rsquo;\u00e9t\u00e9 au Pas de l&rsquo;Oeille<br \/>\n<img decoding=\"async\" class=\"ngg-singlepic ngg-none\" alt=\"Un soir \u00e0 la Dent de Crolles\" src=\"http:\/\/www.grelibre.net\/WP\/wp-content\/plugins\/image-shadow\/cache\/104fede2d87bc22f888ec3962d2fab09.jpg\" \/><\/p>\n<p>\u00e7a fume sur les falaises&#8230;<br \/>\n<img decoding=\"async\" class=\"ngg-singlepic ngg-none\" alt=\"Un soir \u00e0 la Dent de Crolles\" src=\"http:\/\/www.grelibre.net\/WP\/wp-content\/plugins\/image-shadow\/cache\/08c23303887d26d4d59cac6ab3205673.jpg\" \/><\/p>\n<p>Petit \u00e0 petit le soleil baisse&#8230;<br \/>\n<img decoding=\"async\" class=\"ngg-singlepic ngg-none\" alt=\"Un soir \u00e0 la Dent de Crolles\" src=\"http:\/\/www.grelibre.net\/WP\/wp-content\/plugins\/image-shadow\/cache\/264bfab845486c5a7d6b8487a6d287f7.jpg\" \/><\/p>\n<p><img decoding=\"async\" class=\"ngg-singlepic ngg-none\" alt=\"Un soir \u00e0 la Dent de Crolles\" src=\"http:\/\/www.grelibre.net\/WP\/wp-content\/plugins\/image-shadow\/cache\/200671568602d70c976b6213bfd1c79d.jpg\" \/><\/p>\n<p>le soleil brule les cr\u00eates du Pravouta et du Roc d&rsquo;Arguille<br \/>\n<img decoding=\"async\" class=\"ngg-singlepic ngg-none\" alt=\"Un soir \u00e0 la Dent de Crolles\" src=\"http:\/\/www.grelibre.net\/WP\/wp-content\/plugins\/image-shadow\/cache\/c53dd3e47ef90331df45a49433769dd6.jpg\" \/><\/p>\n<p><img decoding=\"async\" class=\"ngg-singlepic ngg-none\" alt=\"Un soir \u00e0 la Dent de Crolles\" src=\"http:\/\/www.grelibre.net\/WP\/wp-content\/plugins\/image-shadow\/cache\/b884cd552da74cb1a13c93692145c1d8.jpg\" \/><\/p>\n<p>Les derniers rayons&#8230; avec une belle vague au col des Ayes&#8230;<br \/>\n<img decoding=\"async\" class=\"ngg-singlepic ngg-none\" alt=\"Un soir \u00e0 la Dent de Crolles\" src=\"http:\/\/www.grelibre.net\/WP\/wp-content\/plugins\/image-shadow\/cache\/ef5e98c2d67b4c7a0cc1c65f45d25f36.jpg\" \/><\/p>\n<p><img decoding=\"async\" class=\"ngg-singlepic ngg-none\" alt=\"Un soir \u00e0 la Dent de Crolles\" src=\"http:\/\/www.grelibre.net\/WP\/wp-content\/plugins\/image-shadow\/cache\/cd3a63cc9312024678d2c2b27e0ce2a4.jpg\" \/><\/p>\n<p>\u00e7a rend euphorique !<br \/>\n<img decoding=\"async\" class=\"ngg-singlepic ngg-none\" alt=\"Un soir \u00e0 la Dent de Crolles\" src=\"http:\/\/www.grelibre.net\/WP\/wp-content\/plugins\/image-shadow\/cache\/5cf182ea23c7af7f8ef2a5f28b253ba5.jpg\" \/><\/p>\n<p><img decoding=\"async\" class=\"ngg-singlepic ngg-none\" alt=\"Un soir \u00e0 la Dent de Crolles\" src=\"http:\/\/www.grelibre.net\/WP\/wp-content\/plugins\/image-shadow\/cache\/28e8fcf6eddfb1eae6821683a139456a.jpg\" \/><\/p>\n<p><img decoding=\"async\" class=\"ngg-singlepic ngg-none\" alt=\"Un soir \u00e0 la Dent de Crolles\" src=\"http:\/\/www.grelibre.net\/WP\/wp-content\/plugins\/image-shadow\/cache\/19f0cbc4842da1ff35488a0af4793683.jpg\" \/><\/p>\n","protected":false},"excerpt":{"rendered":"<p>Photo du jour\u2026 lundi 14 juillet : Un soir \u00e0 la Dent de Crolles&#8230; Rando du jour\u2026 Le beau temps \u00e9tais annonc\u00e9 ce mardi 15 juillet mais les nuages pouvaient encore accrocher les pentes des montagnes&#8230; Id\u00e9al pour une sortie apr\u00e8s le boulot pour profiter de ces longues journ\u00e9es de juillet. Ce fut une nouvelle&hellip;<\/p>\n<p class=\"more\"><a class=\"more-link\" href=\"https:\/\/www.grelibre.net\/WP\/2014\/07\/25\/edito-du-15-juillet-soir-dent-crolles\/\">Continue reading <span class=\"screen-reader-text\">Edito du 15 juillet : Un soir \u00e0 la Dent de Crolles<\/span><\/a><\/p>\n","protected":false},"author":2,"featured_media":0,"comment_status":"closed","ping_status":"open","sticky":false,"template":"","format":"standard","meta":{"footnotes":""},"categories":[108,121],"tags":[],"class_list":["post-2717","post","type-post","status-publish","format-standard","hentry","category-108","category-chartreuse","entry"],"yoast_head":"<!-- This site is optimized with the Yoast SEO plugin v27.4 - https:\/\/yoast.com\/product\/yoast-seo-wordpress\/ -->\n<title>Edito du 15 juillet : Un soir \u00e0 la Dent de Crolles<\/title>\n<meta name=\"description\" content=\"La Montagne dans tous ses \u00e9tats : www.grelibre.net - Un soir \u00e0 la Dent de Crolles\" \/>\n<meta name=\"robots\" content=\"index, follow, max-snippet:-1, max-image-preview:large, max-video-preview:-1\" \/>\n<link rel=\"canonical\" href=\"https:\/\/www.grelibre.net\/WP\/2014\/07\/25\/edito-du-15-juillet-soir-dent-crolles\/\" \/>\n<meta property=\"og:locale\" content=\"fr_FR\" \/>\n<meta property=\"og:type\" content=\"article\" \/>\n<meta property=\"og:title\" content=\"Edito du 15 juillet : Un soir \u00e0 la Dent de Crolles\" \/>\n<meta property=\"og:description\" content=\"La Montagne dans tous ses \u00e9tats : www.grelibre.net - Un soir \u00e0 la Dent de Crolles\" \/>\n<meta property=\"og:url\" content=\"https:\/\/www.grelibre.net\/WP\/2014\/07\/25\/edito-du-15-juillet-soir-dent-crolles\/\" \/>\n<meta property=\"og:site_name\" content=\"Grelibre.net\" \/>\n<meta property=\"article:publisher\" content=\"https:\/\/www.facebook.com\/pages\/Grelibre\/127788767248442\" \/>\n<meta property=\"article:published_time\" content=\"2014-07-25T15:23:01+00:00\" \/>\n<meta property=\"og:image\" content=\"http:\/\/www.grelibre.net\/WP\/wp-content\/gallery\/2014-07\/V_150714_010.jpg\" \/>\n<meta name=\"author\" content=\"Grelibre\" \/>\n<meta name=\"twitter:label1\" content=\"\u00c9crit par\" \/>\n\t<meta name=\"twitter:data1\" content=\"Grelibre\" \/>\n\t<meta name=\"twitter:label2\" content=\"Dur\u00e9e de lecture estim\u00e9e\" \/>\n\t<meta name=\"twitter:data2\" content=\"1 minute\" \/>\n<script type=\"application\/ld+json\" class=\"yoast-schema-graph\">{\"@context\":\"https:\\\/\\\/schema.org\",\"@graph\":[{\"@type\":\"Article\",\"@id\":\"https:\\\/\\\/www.grelibre.net\\\/WP\\\/2014\\\/07\\\/25\\\/edito-du-15-juillet-soir-dent-crolles\\\/#article\",\"isPartOf\":{\"@id\":\"https:\\\/\\\/www.grelibre.net\\\/WP\\\/2014\\\/07\\\/25\\\/edito-du-15-juillet-soir-dent-crolles\\\/\"},\"author\":{\"name\":\"Grelibre\",\"@id\":\"https:\\\/\\\/www.grelibre.net\\\/WP\\\/#\\\/schema\\\/person\\\/ad30d863c31be1a80dd44300962ef92e\"},\"headline\":\"Edito du 15 juillet : Un soir \u00e0 la Dent de Crolles\",\"datePublished\":\"2014-07-25T15:23:01+00:00\",\"mainEntityOfPage\":{\"@id\":\"https:\\\/\\\/www.grelibre.net\\\/WP\\\/2014\\\/07\\\/25\\\/edito-du-15-juillet-soir-dent-crolles\\\/\"},\"wordCount\":158,\"image\":{\"@id\":\"https:\\\/\\\/www.grelibre.net\\\/WP\\\/2014\\\/07\\\/25\\\/edito-du-15-juillet-soir-dent-crolles\\\/#primaryimage\"},\"thumbnailUrl\":\"http:\\\/\\\/www.grelibre.net\\\/WP\\\/wp-content\\\/gallery\\\/2014-07\\\/V_150714_010.jpg\",\"articleSection\":[\"2014\",\"Chartreuse\"],\"inLanguage\":\"fr-FR\"},{\"@type\":\"WebPage\",\"@id\":\"https:\\\/\\\/www.grelibre.net\\\/WP\\\/2014\\\/07\\\/25\\\/edito-du-15-juillet-soir-dent-crolles\\\/\",\"url\":\"https:\\\/\\\/www.grelibre.net\\\/WP\\\/2014\\\/07\\\/25\\\/edito-du-15-juillet-soir-dent-crolles\\\/\",\"name\":\"Edito du 15 juillet : Un soir \u00e0 la Dent de Crolles\",\"isPartOf\":{\"@id\":\"https:\\\/\\\/www.grelibre.net\\\/WP\\\/#website\"},\"primaryImageOfPage\":{\"@id\":\"https:\\\/\\\/www.grelibre.net\\\/WP\\\/2014\\\/07\\\/25\\\/edito-du-15-juillet-soir-dent-crolles\\\/#primaryimage\"},\"image\":{\"@id\":\"https:\\\/\\\/www.grelibre.net\\\/WP\\\/2014\\\/07\\\/25\\\/edito-du-15-juillet-soir-dent-crolles\\\/#primaryimage\"},\"thumbnailUrl\":\"http:\\\/\\\/www.grelibre.net\\\/WP\\\/wp-content\\\/gallery\\\/2014-07\\\/V_150714_010.jpg\",\"datePublished\":\"2014-07-25T15:23:01+00:00\",\"author\":{\"@id\":\"https:\\\/\\\/www.grelibre.net\\\/WP\\\/#\\\/schema\\\/person\\\/ad30d863c31be1a80dd44300962ef92e\"},\"description\":\"La Montagne dans tous ses \u00e9tats : www.grelibre.net - Un soir \u00e0 la Dent de Crolles\",\"inLanguage\":\"fr-FR\",\"potentialAction\":[{\"@type\":\"ReadAction\",\"target\":[\"https:\\\/\\\/www.grelibre.net\\\/WP\\\/2014\\\/07\\\/25\\\/edito-du-15-juillet-soir-dent-crolles\\\/\"]}]},{\"@type\":\"ImageObject\",\"inLanguage\":\"fr-FR\",\"@id\":\"https:\\\/\\\/www.grelibre.net\\\/WP\\\/2014\\\/07\\\/25\\\/edito-du-15-juillet-soir-dent-crolles\\\/#primaryimage\",\"url\":\"http:\\\/\\\/www.grelibre.net\\\/WP\\\/wp-content\\\/gallery\\\/2014-07\\\/V_150714_010.jpg\",\"contentUrl\":\"http:\\\/\\\/www.grelibre.net\\\/WP\\\/wp-content\\\/gallery\\\/2014-07\\\/V_150714_010.jpg\"},{\"@type\":\"WebSite\",\"@id\":\"https:\\\/\\\/www.grelibre.net\\\/WP\\\/#website\",\"url\":\"https:\\\/\\\/www.grelibre.net\\\/WP\\\/\",\"name\":\"Grelibre.net\",\"description\":\"la Montagne dans tous ses \u00e9tats\",\"potentialAction\":[{\"@type\":\"SearchAction\",\"target\":{\"@type\":\"EntryPoint\",\"urlTemplate\":\"https:\\\/\\\/www.grelibre.net\\\/WP\\\/?s={search_term_string}\"},\"query-input\":{\"@type\":\"PropertyValueSpecification\",\"valueRequired\":true,\"valueName\":\"search_term_string\"}}],\"inLanguage\":\"fr-FR\"},{\"@type\":\"Person\",\"@id\":\"https:\\\/\\\/www.grelibre.net\\\/WP\\\/#\\\/schema\\\/person\\\/ad30d863c31be1a80dd44300962ef92e\",\"name\":\"Grelibre\",\"image\":{\"@type\":\"ImageObject\",\"inLanguage\":\"fr-FR\",\"@id\":\"https:\\\/\\\/secure.gravatar.com\\\/avatar\\\/58beb5dfb95390604f13a3474b88e7c3cccbd91d3d084e8a46fb51deed41ea4c?s=96&d=mm&r=g\",\"url\":\"https:\\\/\\\/secure.gravatar.com\\\/avatar\\\/58beb5dfb95390604f13a3474b88e7c3cccbd91d3d084e8a46fb51deed41ea4c?s=96&d=mm&r=g\",\"contentUrl\":\"https:\\\/\\\/secure.gravatar.com\\\/avatar\\\/58beb5dfb95390604f13a3474b88e7c3cccbd91d3d084e8a46fb51deed41ea4c?s=96&d=mm&r=g\",\"caption\":\"Grelibre\"},\"sameAs\":[\"http:\\\/\\\/wwww.grelibre.net\"],\"url\":\"https:\\\/\\\/www.grelibre.net\\\/WP\\\/author\\\/grelibreadmin\\\/\"}]}<\/script>\n<!-- \/ Yoast SEO plugin. -->","yoast_head_json":{"title":"Edito du 15 juillet : Un soir \u00e0 la Dent de Crolles","description":"La Montagne dans tous ses \u00e9tats : www.grelibre.net - Un soir \u00e0 la Dent de Crolles","robots":{"index":"index","follow":"follow","max-snippet":"max-snippet:-1","max-image-preview":"max-image-preview:large","max-video-preview":"max-video-preview:-1"},"canonical":"https:\/\/www.grelibre.net\/WP\/2014\/07\/25\/edito-du-15-juillet-soir-dent-crolles\/","og_locale":"fr_FR","og_type":"article","og_title":"Edito du 15 juillet : Un soir \u00e0 la Dent de Crolles","og_description":"La Montagne dans tous ses \u00e9tats : www.grelibre.net - Un soir \u00e0 la Dent de Crolles","og_url":"https:\/\/www.grelibre.net\/WP\/2014\/07\/25\/edito-du-15-juillet-soir-dent-crolles\/","og_site_name":"Grelibre.net","article_publisher":"https:\/\/www.facebook.com\/pages\/Grelibre\/127788767248442","article_published_time":"2014-07-25T15:23:01+00:00","og_image":[{"url":"http:\/\/www.grelibre.net\/WP\/wp-content\/gallery\/2014-07\/V_150714_010.jpg","type":"","width":"","height":""}],"author":"Grelibre","twitter_misc":{"\u00c9crit par":"Grelibre","Dur\u00e9e de lecture estim\u00e9e":"1 minute"},"schema":{"@context":"https:\/\/schema.org","@graph":[{"@type":"Article","@id":"https:\/\/www.grelibre.net\/WP\/2014\/07\/25\/edito-du-15-juillet-soir-dent-crolles\/#article","isPartOf":{"@id":"https:\/\/www.grelibre.net\/WP\/2014\/07\/25\/edito-du-15-juillet-soir-dent-crolles\/"},"author":{"name":"Grelibre","@id":"https:\/\/www.grelibre.net\/WP\/#\/schema\/person\/ad30d863c31be1a80dd44300962ef92e"},"headline":"Edito du 15 juillet : Un soir \u00e0 la Dent de Crolles","datePublished":"2014-07-25T15:23:01+00:00","mainEntityOfPage":{"@id":"https:\/\/www.grelibre.net\/WP\/2014\/07\/25\/edito-du-15-juillet-soir-dent-crolles\/"},"wordCount":158,"image":{"@id":"https:\/\/www.grelibre.net\/WP\/2014\/07\/25\/edito-du-15-juillet-soir-dent-crolles\/#primaryimage"},"thumbnailUrl":"http:\/\/www.grelibre.net\/WP\/wp-content\/gallery\/2014-07\/V_150714_010.jpg","articleSection":["2014","Chartreuse"],"inLanguage":"fr-FR"},{"@type":"WebPage","@id":"https:\/\/www.grelibre.net\/WP\/2014\/07\/25\/edito-du-15-juillet-soir-dent-crolles\/","url":"https:\/\/www.grelibre.net\/WP\/2014\/07\/25\/edito-du-15-juillet-soir-dent-crolles\/","name":"Edito du 15 juillet : Un soir \u00e0 la Dent de Crolles","isPartOf":{"@id":"https:\/\/www.grelibre.net\/WP\/#website"},"primaryImageOfPage":{"@id":"https:\/\/www.grelibre.net\/WP\/2014\/07\/25\/edito-du-15-juillet-soir-dent-crolles\/#primaryimage"},"image":{"@id":"https:\/\/www.grelibre.net\/WP\/2014\/07\/25\/edito-du-15-juillet-soir-dent-crolles\/#primaryimage"},"thumbnailUrl":"http:\/\/www.grelibre.net\/WP\/wp-content\/gallery\/2014-07\/V_150714_010.jpg","datePublished":"2014-07-25T15:23:01+00:00","author":{"@id":"https:\/\/www.grelibre.net\/WP\/#\/schema\/person\/ad30d863c31be1a80dd44300962ef92e"},"description":"La Montagne dans tous ses \u00e9tats : www.grelibre.net - Un soir \u00e0 la Dent de Crolles","inLanguage":"fr-FR","potentialAction":[{"@type":"ReadAction","target":["https:\/\/www.grelibre.net\/WP\/2014\/07\/25\/edito-du-15-juillet-soir-dent-crolles\/"]}]},{"@type":"ImageObject","inLanguage":"fr-FR","@id":"https:\/\/www.grelibre.net\/WP\/2014\/07\/25\/edito-du-15-juillet-soir-dent-crolles\/#primaryimage","url":"http:\/\/www.grelibre.net\/WP\/wp-content\/gallery\/2014-07\/V_150714_010.jpg","contentUrl":"http:\/\/www.grelibre.net\/WP\/wp-content\/gallery\/2014-07\/V_150714_010.jpg"},{"@type":"WebSite","@id":"https:\/\/www.grelibre.net\/WP\/#website","url":"https:\/\/www.grelibre.net\/WP\/","name":"Grelibre.net","description":"la Montagne dans tous ses \u00e9tats","potentialAction":[{"@type":"SearchAction","target":{"@type":"EntryPoint","urlTemplate":"https:\/\/www.grelibre.net\/WP\/?s={search_term_string}"},"query-input":{"@type":"PropertyValueSpecification","valueRequired":true,"valueName":"search_term_string"}}],"inLanguage":"fr-FR"},{"@type":"Person","@id":"https:\/\/www.grelibre.net\/WP\/#\/schema\/person\/ad30d863c31be1a80dd44300962ef92e","name":"Grelibre","image":{"@type":"ImageObject","inLanguage":"fr-FR","@id":"https:\/\/secure.gravatar.com\/avatar\/58beb5dfb95390604f13a3474b88e7c3cccbd91d3d084e8a46fb51deed41ea4c?s=96&d=mm&r=g","url":"https:\/\/secure.gravatar.com\/avatar\/58beb5dfb95390604f13a3474b88e7c3cccbd91d3d084e8a46fb51deed41ea4c?s=96&d=mm&r=g","contentUrl":"https:\/\/secure.gravatar.com\/avatar\/58beb5dfb95390604f13a3474b88e7c3cccbd91d3d084e8a46fb51deed41ea4c?s=96&d=mm&r=g","caption":"Grelibre"},"sameAs":["http:\/\/wwww.grelibre.net"],"url":"https:\/\/www.grelibre.net\/WP\/author\/grelibreadmin\/"}]}},"_links":{"self":[{"href":"https:\/\/www.grelibre.net\/WP\/wp-json\/wp\/v2\/posts\/2717","targetHints":{"allow":["GET"]}}],"collection":[{"href":"https:\/\/www.grelibre.net\/WP\/wp-json\/wp\/v2\/posts"}],"about":[{"href":"https:\/\/www.grelibre.net\/WP\/wp-json\/wp\/v2\/types\/post"}],"author":[{"embeddable":true,"href":"https:\/\/www.grelibre.net\/WP\/wp-json\/wp\/v2\/users\/2"}],"replies":[{"embeddable":true,"href":"https:\/\/www.grelibre.net\/WP\/wp-json\/wp\/v2\/comments?post=2717"}],"version-history":[{"count":6,"href":"https:\/\/www.grelibre.net\/WP\/wp-json\/wp\/v2\/posts\/2717\/revisions"}],"predecessor-version":[{"id":2723,"href":"https:\/\/www.grelibre.net\/WP\/wp-json\/wp\/v2\/posts\/2717\/revisions\/2723"}],"wp:attachment":[{"href":"https:\/\/www.grelibre.net\/WP\/wp-json\/wp\/v2\/media?parent=2717"}],"wp:term":[{"taxonomy":"category","embeddable":true,"href":"https:\/\/www.grelibre.net\/WP\/wp-json\/wp\/v2\/categories?post=2717"},{"taxonomy":"post_tag","embeddable":true,"href":"https:\/\/www.grelibre.net\/WP\/wp-json\/wp\/v2\/tags?post=2717"}],"curies":[{"name":"wp","href":"https:\/\/api.w.org\/{rel}","templated":true}]}}