{"id":2202,"date":"2013-06-07T20:08:07","date_gmt":"2013-06-07T20:08:07","guid":{"rendered":"http:\/\/www.grelibre.net\/WP\/?p=2202"},"modified":"2013-07-05T04:25:16","modified_gmt":"2013-07-05T04:25:16","slug":"edito-du-05-juin-faune-de-chartreuse","status":"publish","type":"post","link":"https:\/\/www.grelibre.net\/WP\/2013\/06\/07\/edito-du-05-juin-faune-de-chartreuse\/","title":{"rendered":"Edito du 05 juin : faune de Chartreuse"},"content":{"rendered":"<h1>Photo du jour\u2026<\/h1>\n<h4>mercredi 05 juin : faune de Chartreuse&#8230;<\/h4>\n<p><img decoding=\"async\" class=\"ngg-singlepic ngg-none\" alt=\"Cr\u00eates du Vercors\" src=\"http:\/\/www.grelibre.net\/WP\/wp-content\/plugins\/image-shadow\/cache\/a9c5d7b25c69dfe289417b3745ad665e.jpg\" \/><\/p>\n<h1>Rando du jour\u2026<\/h1>\n<p>Petite sortie ce mercredi matin avant le boulot pour profiter d&rsquo;un doux soleil et pour admirer la faune qui profite, elle aussi, des temp\u00e9ratures enfin printani\u00e8res.<br \/>\nL&rsquo;inconv\u00e9nient du mois de juin est qu&rsquo;il faut se lever t\u00f4t (~4h) mais l&rsquo;avantage c&rsquo;est de pouvoir en profiter pendant au moins deux bonnes heures !! Autant vous dire que l&rsquo;on a la p\u00eache pour aller au boulot apr\u00e8s !! Si si, m\u00eame pas un coup de pompe apr\u00e8s le repas du midi !<\/p>\n<p>Plus d&rsquo;images en cliquant sur le lien : <a rel=\"attachment wp-att-838\"><!--more--><\/a><\/p>\n<p>Quelques photos :<\/p>\n<p>rencontre rare avec un T\u00e9tra-Lyre qui est venu se poser devant moi !<br \/>\n<img decoding=\"async\" class=\"ngg-singlepic ngg-none\" alt=\"Cr\u00eates du Vercors\" src=\"http:\/\/www.grelibre.net\/WP\/wp-content\/plugins\/image-shadow\/cache\/988a71457598456650634e1bb80ddce7.jpg\" \/><\/p>\n<p>lui par contre a rep\u00e9r\u00e9 ma pr\u00e9sence<br \/>\n<img decoding=\"async\" class=\"ngg-singlepic ngg-none\" alt=\"Cr\u00eates du Vercors\" src=\"http:\/\/www.grelibre.net\/WP\/wp-content\/plugins\/image-shadow\/cache\/0e16f226b41ed3cc877ff4308515a99b.jpg\" \/><\/p>\n<p>\u00e7a chante par l\u00e0&#8230; mais sans danse<br \/>\n<img decoding=\"async\" class=\"ngg-singlepic ngg-none\" alt=\"Cr\u00eates du Vercors\" src=\"http:\/\/www.grelibre.net\/WP\/wp-content\/plugins\/image-shadow\/cache\/0c1a76868ef9a2cdcc6e7a8a9c7efa02.jpg\" \/><\/p>\n<p>on remarquera la couleur sombre encore du poil d&rsquo;hiver et la partie claire correspondant au poil d&rsquo;\u00e9t\u00e9<br \/>\n<img decoding=\"async\" class=\"ngg-singlepic ngg-none\" alt=\"Cr\u00eates du Vercors\" src=\"http:\/\/www.grelibre.net\/WP\/wp-content\/plugins\/image-shadow\/cache\/2dc58f3b60dee412bc11bd860775155a.jpg\" \/><\/p>\n<p>Attention, il y a UNE diff\u00e9rence !<br \/>\n<img decoding=\"async\" class=\"ngg-singlepic ngg-none\" alt=\"Cr\u00eates du Vercors\" src=\"http:\/\/www.grelibre.net\/WP\/wp-content\/plugins\/image-shadow\/cache\/da056bac75460f2c6c485ddc4f89fe11.jpg\" \/><br \/>\n<img decoding=\"async\" class=\"ngg-singlepic ngg-none\" alt=\"Cr\u00eates du Vercors\" src=\"http:\/\/www.grelibre.net\/WP\/wp-content\/plugins\/image-shadow\/cache\/f6be1df741b4b02a7356f65f2d9ed7c3.jpg\" \/><\/p>\n<p>j&rsquo;ai failli rester avec lui et ne pas redescendre pour aller au boulot !<br \/>\n<img decoding=\"async\" class=\"ngg-singlepic ngg-none\" alt=\"Cr\u00eates du Vercors\" src=\"http:\/\/www.grelibre.net\/WP\/wp-content\/plugins\/image-shadow\/cache\/aa1a2bc3d8ec7da5c23bf0046cd557c5.jpg\" \/><\/p>\n<p>des champs de crocus comme un d\u00e9but mai !<br \/>\n<img decoding=\"async\" class=\"ngg-singlepic ngg-none\" alt=\"Cr\u00eates du Vercors\" src=\"http:\/\/www.grelibre.net\/WP\/wp-content\/plugins\/image-shadow\/cache\/33a5c0c3e6bcf8791c2087380bfdf954.jpg\" \/><\/p>\n<p>ce crocus \u00e0 l&rsquo;air de dire : \u00ab\u00a0y en a marre, je veux sortir de la neige\u00a0\u00bb<br \/>\n<img decoding=\"async\" class=\"ngg-singlepic ngg-none\" alt=\"Cr\u00eates du Vercors\" src=\"http:\/\/www.grelibre.net\/WP\/wp-content\/plugins\/image-shadow\/cache\/d9b7a9a02367fa096b990a61dc2d5efb.jpg\" \/><\/p>\n<h1>Info du jour\u2026<\/h1>\n<p>Pour ceux qui le souhaitent, vous pouvez recevoir la newsletter (photo de la semaine) par mail en vous inscrivant via la page <a title=\"Newsletter\" href=\"http:\/\/www.grelibre.net\/WP\/?page_id=896\" target=\"_blank\">NewsLetter <\/a>ou en m&rsquo;envoyant un mail via la page <a title=\"Contact\" href=\"http:\/\/www.grelibre.net\/WP\/?page_id=900\" target=\"_blank\">contact<\/a>.<\/p>\n","protected":false},"excerpt":{"rendered":"<p>Photo du jour\u2026 mercredi 05 juin : faune de Chartreuse&#8230; Rando du jour\u2026 Petite sortie ce mercredi matin avant le boulot pour profiter d&rsquo;un doux soleil et pour admirer la faune qui profite, elle aussi, des temp\u00e9ratures enfin printani\u00e8res. L&rsquo;inconv\u00e9nient du mois de juin est qu&rsquo;il faut se lever t\u00f4t (~4h) mais l&rsquo;avantage c&rsquo;est de&hellip;<\/p>\n<p class=\"more\"><a class=\"more-link\" href=\"https:\/\/www.grelibre.net\/WP\/2013\/06\/07\/edito-du-05-juin-faune-de-chartreuse\/\">Continue reading <span class=\"screen-reader-text\">Edito du 05 juin : faune de Chartreuse<\/span><\/a><\/p>\n","protected":false},"author":2,"featured_media":0,"comment_status":"closed","ping_status":"open","sticky":false,"template":"","format":"standard","meta":{"footnotes":""},"categories":[87,121],"tags":[96,60,97],"class_list":["post-2202","post","type-post","status-publish","format-standard","hentry","category-87","category-chartreuse","tag-chamois-2","tag-chartreuse-2","tag-tetra-lyre","entry"],"yoast_head":"<!-- This site is optimized with the Yoast SEO plugin v27.5 - https:\/\/yoast.com\/product\/yoast-seo-wordpress\/ -->\n<title>Edito du 05 juin : faune de Chartreuse<\/title>\n<meta name=\"description\" content=\"Grelibre.net, la Montagne dans tous ses \u00e9tats - Faune de Chartreuse\" \/>\n<meta name=\"robots\" content=\"index, follow, max-snippet:-1, max-image-preview:large, max-video-preview:-1\" \/>\n<link rel=\"canonical\" href=\"https:\/\/www.grelibre.net\/WP\/2013\/06\/07\/edito-du-05-juin-faune-de-chartreuse\/\" \/>\n<meta property=\"og:locale\" content=\"fr_FR\" \/>\n<meta property=\"og:type\" content=\"article\" \/>\n<meta property=\"og:title\" content=\"Edito du 05 juin : faune de Chartreuse\" \/>\n<meta property=\"og:description\" content=\"Grelibre.net, la Montagne dans tous ses \u00e9tats - Faune de Chartreuse\" \/>\n<meta property=\"og:url\" content=\"https:\/\/www.grelibre.net\/WP\/2013\/06\/07\/edito-du-05-juin-faune-de-chartreuse\/\" \/>\n<meta property=\"og:site_name\" content=\"Grelibre.net\" \/>\n<meta property=\"article:publisher\" content=\"https:\/\/www.facebook.com\/pages\/Grelibre\/127788767248442\" \/>\n<meta property=\"article:published_time\" content=\"2013-06-07T20:08:07+00:00\" \/>\n<meta property=\"article:modified_time\" content=\"2013-07-05T04:25:16+00:00\" \/>\n<meta property=\"og:image\" content=\"http:\/\/www.grelibre.net\/WP\/wp-content\/gallery\/2013-06\/Ch_050613_008.jpg\" \/>\n<meta name=\"author\" content=\"Grelibre\" \/>\n<meta name=\"twitter:label1\" content=\"\u00c9crit par\" \/>\n\t<meta name=\"twitter:data1\" content=\"Grelibre\" \/>\n\t<meta name=\"twitter:label2\" content=\"Dur\u00e9e de lecture estim\u00e9e\" \/>\n\t<meta name=\"twitter:data2\" content=\"1 minute\" \/>\n<script type=\"application\/ld+json\" class=\"yoast-schema-graph\">{\"@context\":\"https:\\\/\\\/schema.org\",\"@graph\":[{\"@type\":\"Article\",\"@id\":\"https:\\\/\\\/www.grelibre.net\\\/WP\\\/2013\\\/06\\\/07\\\/edito-du-05-juin-faune-de-chartreuse\\\/#article\",\"isPartOf\":{\"@id\":\"https:\\\/\\\/www.grelibre.net\\\/WP\\\/2013\\\/06\\\/07\\\/edito-du-05-juin-faune-de-chartreuse\\\/\"},\"author\":{\"name\":\"Grelibre\",\"@id\":\"https:\\\/\\\/www.grelibre.net\\\/WP\\\/#\\\/schema\\\/person\\\/ad30d863c31be1a80dd44300962ef92e\"},\"headline\":\"Edito du 05 juin : faune de Chartreuse\",\"datePublished\":\"2013-06-07T20:08:07+00:00\",\"dateModified\":\"2013-07-05T04:25:16+00:00\",\"mainEntityOfPage\":{\"@id\":\"https:\\\/\\\/www.grelibre.net\\\/WP\\\/2013\\\/06\\\/07\\\/edito-du-05-juin-faune-de-chartreuse\\\/\"},\"wordCount\":237,\"image\":{\"@id\":\"https:\\\/\\\/www.grelibre.net\\\/WP\\\/2013\\\/06\\\/07\\\/edito-du-05-juin-faune-de-chartreuse\\\/#primaryimage\"},\"thumbnailUrl\":\"http:\\\/\\\/www.grelibre.net\\\/WP\\\/wp-content\\\/gallery\\\/2013-06\\\/Ch_050613_008.jpg\",\"keywords\":[\"chamois\",\"chartreuse\",\"tetra lyre\"],\"articleSection\":[\"2013\",\"Chartreuse\"],\"inLanguage\":\"fr-FR\"},{\"@type\":\"WebPage\",\"@id\":\"https:\\\/\\\/www.grelibre.net\\\/WP\\\/2013\\\/06\\\/07\\\/edito-du-05-juin-faune-de-chartreuse\\\/\",\"url\":\"https:\\\/\\\/www.grelibre.net\\\/WP\\\/2013\\\/06\\\/07\\\/edito-du-05-juin-faune-de-chartreuse\\\/\",\"name\":\"Edito du 05 juin : faune de Chartreuse\",\"isPartOf\":{\"@id\":\"https:\\\/\\\/www.grelibre.net\\\/WP\\\/#website\"},\"primaryImageOfPage\":{\"@id\":\"https:\\\/\\\/www.grelibre.net\\\/WP\\\/2013\\\/06\\\/07\\\/edito-du-05-juin-faune-de-chartreuse\\\/#primaryimage\"},\"image\":{\"@id\":\"https:\\\/\\\/www.grelibre.net\\\/WP\\\/2013\\\/06\\\/07\\\/edito-du-05-juin-faune-de-chartreuse\\\/#primaryimage\"},\"thumbnailUrl\":\"http:\\\/\\\/www.grelibre.net\\\/WP\\\/wp-content\\\/gallery\\\/2013-06\\\/Ch_050613_008.jpg\",\"datePublished\":\"2013-06-07T20:08:07+00:00\",\"dateModified\":\"2013-07-05T04:25:16+00:00\",\"author\":{\"@id\":\"https:\\\/\\\/www.grelibre.net\\\/WP\\\/#\\\/schema\\\/person\\\/ad30d863c31be1a80dd44300962ef92e\"},\"description\":\"Grelibre.net, la Montagne dans tous ses \u00e9tats - Faune de Chartreuse\",\"inLanguage\":\"fr-FR\",\"potentialAction\":[{\"@type\":\"ReadAction\",\"target\":[\"https:\\\/\\\/www.grelibre.net\\\/WP\\\/2013\\\/06\\\/07\\\/edito-du-05-juin-faune-de-chartreuse\\\/\"]}]},{\"@type\":\"ImageObject\",\"inLanguage\":\"fr-FR\",\"@id\":\"https:\\\/\\\/www.grelibre.net\\\/WP\\\/2013\\\/06\\\/07\\\/edito-du-05-juin-faune-de-chartreuse\\\/#primaryimage\",\"url\":\"http:\\\/\\\/www.grelibre.net\\\/WP\\\/wp-content\\\/gallery\\\/2013-06\\\/Ch_050613_008.jpg\",\"contentUrl\":\"http:\\\/\\\/www.grelibre.net\\\/WP\\\/wp-content\\\/gallery\\\/2013-06\\\/Ch_050613_008.jpg\"},{\"@type\":\"WebSite\",\"@id\":\"https:\\\/\\\/www.grelibre.net\\\/WP\\\/#website\",\"url\":\"https:\\\/\\\/www.grelibre.net\\\/WP\\\/\",\"name\":\"Grelibre.net\",\"description\":\"la Montagne dans tous ses \u00e9tats\",\"potentialAction\":[{\"@type\":\"SearchAction\",\"target\":{\"@type\":\"EntryPoint\",\"urlTemplate\":\"https:\\\/\\\/www.grelibre.net\\\/WP\\\/?s={search_term_string}\"},\"query-input\":{\"@type\":\"PropertyValueSpecification\",\"valueRequired\":true,\"valueName\":\"search_term_string\"}}],\"inLanguage\":\"fr-FR\"},{\"@type\":\"Person\",\"@id\":\"https:\\\/\\\/www.grelibre.net\\\/WP\\\/#\\\/schema\\\/person\\\/ad30d863c31be1a80dd44300962ef92e\",\"name\":\"Grelibre\",\"image\":{\"@type\":\"ImageObject\",\"inLanguage\":\"fr-FR\",\"@id\":\"https:\\\/\\\/secure.gravatar.com\\\/avatar\\\/58beb5dfb95390604f13a3474b88e7c3cccbd91d3d084e8a46fb51deed41ea4c?s=96&d=mm&r=g\",\"url\":\"https:\\\/\\\/secure.gravatar.com\\\/avatar\\\/58beb5dfb95390604f13a3474b88e7c3cccbd91d3d084e8a46fb51deed41ea4c?s=96&d=mm&r=g\",\"contentUrl\":\"https:\\\/\\\/secure.gravatar.com\\\/avatar\\\/58beb5dfb95390604f13a3474b88e7c3cccbd91d3d084e8a46fb51deed41ea4c?s=96&d=mm&r=g\",\"caption\":\"Grelibre\"},\"sameAs\":[\"http:\\\/\\\/wwww.grelibre.net\"],\"url\":\"https:\\\/\\\/www.grelibre.net\\\/WP\\\/author\\\/grelibreadmin\\\/\"}]}<\/script>\n<!-- \/ Yoast SEO plugin. -->","yoast_head_json":{"title":"Edito du 05 juin : faune de Chartreuse","description":"Grelibre.net, la Montagne dans tous ses \u00e9tats - Faune de Chartreuse","robots":{"index":"index","follow":"follow","max-snippet":"max-snippet:-1","max-image-preview":"max-image-preview:large","max-video-preview":"max-video-preview:-1"},"canonical":"https:\/\/www.grelibre.net\/WP\/2013\/06\/07\/edito-du-05-juin-faune-de-chartreuse\/","og_locale":"fr_FR","og_type":"article","og_title":"Edito du 05 juin : faune de Chartreuse","og_description":"Grelibre.net, la Montagne dans tous ses \u00e9tats - Faune de Chartreuse","og_url":"https:\/\/www.grelibre.net\/WP\/2013\/06\/07\/edito-du-05-juin-faune-de-chartreuse\/","og_site_name":"Grelibre.net","article_publisher":"https:\/\/www.facebook.com\/pages\/Grelibre\/127788767248442","article_published_time":"2013-06-07T20:08:07+00:00","article_modified_time":"2013-07-05T04:25:16+00:00","og_image":[{"url":"http:\/\/www.grelibre.net\/WP\/wp-content\/gallery\/2013-06\/Ch_050613_008.jpg","type":"","width":"","height":""}],"author":"Grelibre","twitter_misc":{"\u00c9crit par":"Grelibre","Dur\u00e9e de lecture estim\u00e9e":"1 minute"},"schema":{"@context":"https:\/\/schema.org","@graph":[{"@type":"Article","@id":"https:\/\/www.grelibre.net\/WP\/2013\/06\/07\/edito-du-05-juin-faune-de-chartreuse\/#article","isPartOf":{"@id":"https:\/\/www.grelibre.net\/WP\/2013\/06\/07\/edito-du-05-juin-faune-de-chartreuse\/"},"author":{"name":"Grelibre","@id":"https:\/\/www.grelibre.net\/WP\/#\/schema\/person\/ad30d863c31be1a80dd44300962ef92e"},"headline":"Edito du 05 juin : faune de Chartreuse","datePublished":"2013-06-07T20:08:07+00:00","dateModified":"2013-07-05T04:25:16+00:00","mainEntityOfPage":{"@id":"https:\/\/www.grelibre.net\/WP\/2013\/06\/07\/edito-du-05-juin-faune-de-chartreuse\/"},"wordCount":237,"image":{"@id":"https:\/\/www.grelibre.net\/WP\/2013\/06\/07\/edito-du-05-juin-faune-de-chartreuse\/#primaryimage"},"thumbnailUrl":"http:\/\/www.grelibre.net\/WP\/wp-content\/gallery\/2013-06\/Ch_050613_008.jpg","keywords":["chamois","chartreuse","tetra lyre"],"articleSection":["2013","Chartreuse"],"inLanguage":"fr-FR"},{"@type":"WebPage","@id":"https:\/\/www.grelibre.net\/WP\/2013\/06\/07\/edito-du-05-juin-faune-de-chartreuse\/","url":"https:\/\/www.grelibre.net\/WP\/2013\/06\/07\/edito-du-05-juin-faune-de-chartreuse\/","name":"Edito du 05 juin : faune de Chartreuse","isPartOf":{"@id":"https:\/\/www.grelibre.net\/WP\/#website"},"primaryImageOfPage":{"@id":"https:\/\/www.grelibre.net\/WP\/2013\/06\/07\/edito-du-05-juin-faune-de-chartreuse\/#primaryimage"},"image":{"@id":"https:\/\/www.grelibre.net\/WP\/2013\/06\/07\/edito-du-05-juin-faune-de-chartreuse\/#primaryimage"},"thumbnailUrl":"http:\/\/www.grelibre.net\/WP\/wp-content\/gallery\/2013-06\/Ch_050613_008.jpg","datePublished":"2013-06-07T20:08:07+00:00","dateModified":"2013-07-05T04:25:16+00:00","author":{"@id":"https:\/\/www.grelibre.net\/WP\/#\/schema\/person\/ad30d863c31be1a80dd44300962ef92e"},"description":"Grelibre.net, la Montagne dans tous ses \u00e9tats - Faune de Chartreuse","inLanguage":"fr-FR","potentialAction":[{"@type":"ReadAction","target":["https:\/\/www.grelibre.net\/WP\/2013\/06\/07\/edito-du-05-juin-faune-de-chartreuse\/"]}]},{"@type":"ImageObject","inLanguage":"fr-FR","@id":"https:\/\/www.grelibre.net\/WP\/2013\/06\/07\/edito-du-05-juin-faune-de-chartreuse\/#primaryimage","url":"http:\/\/www.grelibre.net\/WP\/wp-content\/gallery\/2013-06\/Ch_050613_008.jpg","contentUrl":"http:\/\/www.grelibre.net\/WP\/wp-content\/gallery\/2013-06\/Ch_050613_008.jpg"},{"@type":"WebSite","@id":"https:\/\/www.grelibre.net\/WP\/#website","url":"https:\/\/www.grelibre.net\/WP\/","name":"Grelibre.net","description":"la Montagne dans tous ses \u00e9tats","potentialAction":[{"@type":"SearchAction","target":{"@type":"EntryPoint","urlTemplate":"https:\/\/www.grelibre.net\/WP\/?s={search_term_string}"},"query-input":{"@type":"PropertyValueSpecification","valueRequired":true,"valueName":"search_term_string"}}],"inLanguage":"fr-FR"},{"@type":"Person","@id":"https:\/\/www.grelibre.net\/WP\/#\/schema\/person\/ad30d863c31be1a80dd44300962ef92e","name":"Grelibre","image":{"@type":"ImageObject","inLanguage":"fr-FR","@id":"https:\/\/secure.gravatar.com\/avatar\/58beb5dfb95390604f13a3474b88e7c3cccbd91d3d084e8a46fb51deed41ea4c?s=96&d=mm&r=g","url":"https:\/\/secure.gravatar.com\/avatar\/58beb5dfb95390604f13a3474b88e7c3cccbd91d3d084e8a46fb51deed41ea4c?s=96&d=mm&r=g","contentUrl":"https:\/\/secure.gravatar.com\/avatar\/58beb5dfb95390604f13a3474b88e7c3cccbd91d3d084e8a46fb51deed41ea4c?s=96&d=mm&r=g","caption":"Grelibre"},"sameAs":["http:\/\/wwww.grelibre.net"],"url":"https:\/\/www.grelibre.net\/WP\/author\/grelibreadmin\/"}]}},"_links":{"self":[{"href":"https:\/\/www.grelibre.net\/WP\/wp-json\/wp\/v2\/posts\/2202","targetHints":{"allow":["GET"]}}],"collection":[{"href":"https:\/\/www.grelibre.net\/WP\/wp-json\/wp\/v2\/posts"}],"about":[{"href":"https:\/\/www.grelibre.net\/WP\/wp-json\/wp\/v2\/types\/post"}],"author":[{"embeddable":true,"href":"https:\/\/www.grelibre.net\/WP\/wp-json\/wp\/v2\/users\/2"}],"replies":[{"embeddable":true,"href":"https:\/\/www.grelibre.net\/WP\/wp-json\/wp\/v2\/comments?post=2202"}],"version-history":[{"count":5,"href":"https:\/\/www.grelibre.net\/WP\/wp-json\/wp\/v2\/posts\/2202\/revisions"}],"predecessor-version":[{"id":2209,"href":"https:\/\/www.grelibre.net\/WP\/wp-json\/wp\/v2\/posts\/2202\/revisions\/2209"}],"wp:attachment":[{"href":"https:\/\/www.grelibre.net\/WP\/wp-json\/wp\/v2\/media?parent=2202"}],"wp:term":[{"taxonomy":"category","embeddable":true,"href":"https:\/\/www.grelibre.net\/WP\/wp-json\/wp\/v2\/categories?post=2202"},{"taxonomy":"post_tag","embeddable":true,"href":"https:\/\/www.grelibre.net\/WP\/wp-json\/wp\/v2\/tags?post=2202"}],"curies":[{"name":"wp","href":"https:\/\/api.w.org\/{rel}","templated":true}]}}