{"id":2167,"date":"2013-05-03T10:09:58","date_gmt":"2013-05-03T10:09:58","guid":{"rendered":"http:\/\/www.grelibre.net\/WP\/?p=2167"},"modified":"2013-05-17T06:00:26","modified_gmt":"2013-05-17T06:00:26","slug":"edito-du-3-mai-a-defaut-de-belles-lumieres-de-beaux-orages","status":"publish","type":"post","link":"https:\/\/www.grelibre.net\/WP\/2013\/05\/03\/edito-du-3-mai-a-defaut-de-belles-lumieres-de-beaux-orages\/","title":{"rendered":"Edito du 3 mai : \u00e0 d\u00e9faut de belles lumi\u00e8res, de beaux orages&#8230;"},"content":{"rendered":"<h1>Photo du jour\u2026<\/h1>\n<h4>jeudi 3 mai : un bel impact dans la nuit de jeudi \u00e0 vendredi&#8230;<\/h4>\n<p><img decoding=\"async\" class=\"ngg-singlepic ngg-none\" alt=\"Orage\" src=\"http:\/\/www.grelibre.net\/WP\/wp-content\/plugins\/image-shadow\/cache\/767eb5da74196f77055686d3d7418fa1.jpg\" \/><\/p>\n<p><img decoding=\"async\" class=\"ngg-singlepic ngg-none\" alt=\"Orage\" src=\"http:\/\/www.grelibre.net\/WP\/wp-content\/plugins\/image-shadow\/cache\/9855f83dc4e602b5952f8da715a50598.jpg\" \/><\/p>\n<h1>Rando du jour\u2026<\/h1>\n<p>Pas de rando actuellement mais on esp\u00e8re le retour du beau temps&#8230;<\/p>\n<p>Plus d&rsquo;images en cliquant sur le lien : <a rel=\"attachment wp-att-838\"><!--more--><\/a><\/p>\n<h1>Info du jour\u2026<\/h1>\n<p>Pour ceux qui le souhaitent, vous pouvez recevoir la newsletter (photo de la semaine) par mail en vous inscrivant via la page <a title=\"Newsletter\" href=\"http:\/\/www.grelibre.net\/WP\/?page_id=896\" target=\"_blank\">NewsLetter <\/a>ou en m&rsquo;envoyant un mail via la page <a title=\"Contact\" href=\"http:\/\/www.grelibre.net\/WP\/?page_id=900\" target=\"_blank\">contact<\/a>.<\/p>\n","protected":false},"excerpt":{"rendered":"<p>Photo du jour\u2026 jeudi 3 mai : un bel impact dans la nuit de jeudi \u00e0 vendredi&#8230; Rando du jour\u2026 Pas de rando actuellement mais on esp\u00e8re le retour du beau temps&#8230; Plus d&rsquo;images en cliquant sur le lien :<\/p>\n","protected":false},"author":2,"featured_media":0,"comment_status":"closed","ping_status":"open","sticky":false,"template":"","format":"standard","meta":{"footnotes":""},"categories":[87],"tags":[117],"class_list":["post-2167","post","type-post","status-publish","format-standard","hentry","category-87","tag-orage","entry"],"yoast_head":"<!-- This site is optimized with the Yoast SEO plugin v27.4 - https:\/\/yoast.com\/product\/yoast-seo-wordpress\/ -->\n<title>Edito du 3 mai : \u00e0 d\u00e9faut de belles lumi\u00e8res, de beaux orages...<\/title>\n<meta name=\"description\" content=\"Grelibre.net La Montagne dans tous ses \u00e9tats - \u00e0 d\u00e9faut de belles lumi\u00e8res, de beaux orages...\" \/>\n<meta name=\"robots\" content=\"index, follow, max-snippet:-1, max-image-preview:large, max-video-preview:-1\" \/>\n<link rel=\"canonical\" href=\"https:\/\/www.grelibre.net\/WP\/2013\/05\/03\/edito-du-3-mai-a-defaut-de-belles-lumieres-de-beaux-orages\/\" \/>\n<meta property=\"og:locale\" content=\"fr_FR\" \/>\n<meta property=\"og:type\" content=\"article\" \/>\n<meta property=\"og:title\" content=\"Edito du 3 mai : \u00e0 d\u00e9faut de belles lumi\u00e8res, de beaux orages...\" \/>\n<meta property=\"og:description\" content=\"Grelibre.net La Montagne dans tous ses \u00e9tats - \u00e0 d\u00e9faut de belles lumi\u00e8res, de beaux orages...\" \/>\n<meta property=\"og:url\" content=\"https:\/\/www.grelibre.net\/WP\/2013\/05\/03\/edito-du-3-mai-a-defaut-de-belles-lumieres-de-beaux-orages\/\" \/>\n<meta property=\"og:site_name\" content=\"Grelibre.net\" \/>\n<meta property=\"article:publisher\" content=\"https:\/\/www.facebook.com\/pages\/Grelibre\/127788767248442\" \/>\n<meta property=\"article:published_time\" content=\"2013-05-03T10:09:58+00:00\" \/>\n<meta property=\"article:modified_time\" content=\"2013-05-17T06:00:26+00:00\" \/>\n<meta property=\"og:image\" content=\"http:\/\/www.grelibre.net\/WP\/wp-content\/gallery\/2013-05\/Orage_030513_001.jpg\" \/>\n<meta name=\"author\" content=\"Grelibre\" \/>\n<meta name=\"twitter:label1\" content=\"\u00c9crit par\" \/>\n\t<meta name=\"twitter:data1\" content=\"Grelibre\" \/>\n<script type=\"application\/ld+json\" class=\"yoast-schema-graph\">{\"@context\":\"https:\\\/\\\/schema.org\",\"@graph\":[{\"@type\":\"Article\",\"@id\":\"https:\\\/\\\/www.grelibre.net\\\/WP\\\/2013\\\/05\\\/03\\\/edito-du-3-mai-a-defaut-de-belles-lumieres-de-beaux-orages\\\/#article\",\"isPartOf\":{\"@id\":\"https:\\\/\\\/www.grelibre.net\\\/WP\\\/2013\\\/05\\\/03\\\/edito-du-3-mai-a-defaut-de-belles-lumieres-de-beaux-orages\\\/\"},\"author\":{\"name\":\"Grelibre\",\"@id\":\"https:\\\/\\\/www.grelibre.net\\\/WP\\\/#\\\/schema\\\/person\\\/ad30d863c31be1a80dd44300962ef92e\"},\"headline\":\"Edito du 3 mai : \u00e0 d\u00e9faut de belles lumi\u00e8res, de beaux orages&#8230;\",\"datePublished\":\"2013-05-03T10:09:58+00:00\",\"dateModified\":\"2013-05-17T06:00:26+00:00\",\"mainEntityOfPage\":{\"@id\":\"https:\\\/\\\/www.grelibre.net\\\/WP\\\/2013\\\/05\\\/03\\\/edito-du-3-mai-a-defaut-de-belles-lumieres-de-beaux-orages\\\/\"},\"wordCount\":84,\"image\":{\"@id\":\"https:\\\/\\\/www.grelibre.net\\\/WP\\\/2013\\\/05\\\/03\\\/edito-du-3-mai-a-defaut-de-belles-lumieres-de-beaux-orages\\\/#primaryimage\"},\"thumbnailUrl\":\"http:\\\/\\\/www.grelibre.net\\\/WP\\\/wp-content\\\/gallery\\\/2013-05\\\/Orage_030513_001.jpg\",\"keywords\":[\"orage\"],\"articleSection\":[\"2013\"],\"inLanguage\":\"fr-FR\"},{\"@type\":\"WebPage\",\"@id\":\"https:\\\/\\\/www.grelibre.net\\\/WP\\\/2013\\\/05\\\/03\\\/edito-du-3-mai-a-defaut-de-belles-lumieres-de-beaux-orages\\\/\",\"url\":\"https:\\\/\\\/www.grelibre.net\\\/WP\\\/2013\\\/05\\\/03\\\/edito-du-3-mai-a-defaut-de-belles-lumieres-de-beaux-orages\\\/\",\"name\":\"Edito du 3 mai : \u00e0 d\u00e9faut de belles lumi\u00e8res, de beaux orages...\",\"isPartOf\":{\"@id\":\"https:\\\/\\\/www.grelibre.net\\\/WP\\\/#website\"},\"primaryImageOfPage\":{\"@id\":\"https:\\\/\\\/www.grelibre.net\\\/WP\\\/2013\\\/05\\\/03\\\/edito-du-3-mai-a-defaut-de-belles-lumieres-de-beaux-orages\\\/#primaryimage\"},\"image\":{\"@id\":\"https:\\\/\\\/www.grelibre.net\\\/WP\\\/2013\\\/05\\\/03\\\/edito-du-3-mai-a-defaut-de-belles-lumieres-de-beaux-orages\\\/#primaryimage\"},\"thumbnailUrl\":\"http:\\\/\\\/www.grelibre.net\\\/WP\\\/wp-content\\\/gallery\\\/2013-05\\\/Orage_030513_001.jpg\",\"datePublished\":\"2013-05-03T10:09:58+00:00\",\"dateModified\":\"2013-05-17T06:00:26+00:00\",\"author\":{\"@id\":\"https:\\\/\\\/www.grelibre.net\\\/WP\\\/#\\\/schema\\\/person\\\/ad30d863c31be1a80dd44300962ef92e\"},\"description\":\"Grelibre.net La Montagne dans tous ses \u00e9tats - \u00e0 d\u00e9faut de belles lumi\u00e8res, de beaux orages...\",\"inLanguage\":\"fr-FR\",\"potentialAction\":[{\"@type\":\"ReadAction\",\"target\":[\"https:\\\/\\\/www.grelibre.net\\\/WP\\\/2013\\\/05\\\/03\\\/edito-du-3-mai-a-defaut-de-belles-lumieres-de-beaux-orages\\\/\"]}]},{\"@type\":\"ImageObject\",\"inLanguage\":\"fr-FR\",\"@id\":\"https:\\\/\\\/www.grelibre.net\\\/WP\\\/2013\\\/05\\\/03\\\/edito-du-3-mai-a-defaut-de-belles-lumieres-de-beaux-orages\\\/#primaryimage\",\"url\":\"http:\\\/\\\/www.grelibre.net\\\/WP\\\/wp-content\\\/gallery\\\/2013-05\\\/Orage_030513_001.jpg\",\"contentUrl\":\"http:\\\/\\\/www.grelibre.net\\\/WP\\\/wp-content\\\/gallery\\\/2013-05\\\/Orage_030513_001.jpg\"},{\"@type\":\"WebSite\",\"@id\":\"https:\\\/\\\/www.grelibre.net\\\/WP\\\/#website\",\"url\":\"https:\\\/\\\/www.grelibre.net\\\/WP\\\/\",\"name\":\"Grelibre.net\",\"description\":\"la Montagne dans tous ses \u00e9tats\",\"potentialAction\":[{\"@type\":\"SearchAction\",\"target\":{\"@type\":\"EntryPoint\",\"urlTemplate\":\"https:\\\/\\\/www.grelibre.net\\\/WP\\\/?s={search_term_string}\"},\"query-input\":{\"@type\":\"PropertyValueSpecification\",\"valueRequired\":true,\"valueName\":\"search_term_string\"}}],\"inLanguage\":\"fr-FR\"},{\"@type\":\"Person\",\"@id\":\"https:\\\/\\\/www.grelibre.net\\\/WP\\\/#\\\/schema\\\/person\\\/ad30d863c31be1a80dd44300962ef92e\",\"name\":\"Grelibre\",\"image\":{\"@type\":\"ImageObject\",\"inLanguage\":\"fr-FR\",\"@id\":\"https:\\\/\\\/secure.gravatar.com\\\/avatar\\\/58beb5dfb95390604f13a3474b88e7c3cccbd91d3d084e8a46fb51deed41ea4c?s=96&d=mm&r=g\",\"url\":\"https:\\\/\\\/secure.gravatar.com\\\/avatar\\\/58beb5dfb95390604f13a3474b88e7c3cccbd91d3d084e8a46fb51deed41ea4c?s=96&d=mm&r=g\",\"contentUrl\":\"https:\\\/\\\/secure.gravatar.com\\\/avatar\\\/58beb5dfb95390604f13a3474b88e7c3cccbd91d3d084e8a46fb51deed41ea4c?s=96&d=mm&r=g\",\"caption\":\"Grelibre\"},\"sameAs\":[\"http:\\\/\\\/wwww.grelibre.net\"],\"url\":\"https:\\\/\\\/www.grelibre.net\\\/WP\\\/author\\\/grelibreadmin\\\/\"}]}<\/script>\n<!-- \/ Yoast SEO plugin. -->","yoast_head_json":{"title":"Edito du 3 mai : \u00e0 d\u00e9faut de belles lumi\u00e8res, de beaux orages...","description":"Grelibre.net La Montagne dans tous ses \u00e9tats - \u00e0 d\u00e9faut de belles lumi\u00e8res, de beaux orages...","robots":{"index":"index","follow":"follow","max-snippet":"max-snippet:-1","max-image-preview":"max-image-preview:large","max-video-preview":"max-video-preview:-1"},"canonical":"https:\/\/www.grelibre.net\/WP\/2013\/05\/03\/edito-du-3-mai-a-defaut-de-belles-lumieres-de-beaux-orages\/","og_locale":"fr_FR","og_type":"article","og_title":"Edito du 3 mai : \u00e0 d\u00e9faut de belles lumi\u00e8res, de beaux orages...","og_description":"Grelibre.net La Montagne dans tous ses \u00e9tats - \u00e0 d\u00e9faut de belles lumi\u00e8res, de beaux orages...","og_url":"https:\/\/www.grelibre.net\/WP\/2013\/05\/03\/edito-du-3-mai-a-defaut-de-belles-lumieres-de-beaux-orages\/","og_site_name":"Grelibre.net","article_publisher":"https:\/\/www.facebook.com\/pages\/Grelibre\/127788767248442","article_published_time":"2013-05-03T10:09:58+00:00","article_modified_time":"2013-05-17T06:00:26+00:00","og_image":[{"url":"http:\/\/www.grelibre.net\/WP\/wp-content\/gallery\/2013-05\/Orage_030513_001.jpg","type":"","width":"","height":""}],"author":"Grelibre","twitter_misc":{"\u00c9crit par":"Grelibre"},"schema":{"@context":"https:\/\/schema.org","@graph":[{"@type":"Article","@id":"https:\/\/www.grelibre.net\/WP\/2013\/05\/03\/edito-du-3-mai-a-defaut-de-belles-lumieres-de-beaux-orages\/#article","isPartOf":{"@id":"https:\/\/www.grelibre.net\/WP\/2013\/05\/03\/edito-du-3-mai-a-defaut-de-belles-lumieres-de-beaux-orages\/"},"author":{"name":"Grelibre","@id":"https:\/\/www.grelibre.net\/WP\/#\/schema\/person\/ad30d863c31be1a80dd44300962ef92e"},"headline":"Edito du 3 mai : \u00e0 d\u00e9faut de belles lumi\u00e8res, de beaux orages&#8230;","datePublished":"2013-05-03T10:09:58+00:00","dateModified":"2013-05-17T06:00:26+00:00","mainEntityOfPage":{"@id":"https:\/\/www.grelibre.net\/WP\/2013\/05\/03\/edito-du-3-mai-a-defaut-de-belles-lumieres-de-beaux-orages\/"},"wordCount":84,"image":{"@id":"https:\/\/www.grelibre.net\/WP\/2013\/05\/03\/edito-du-3-mai-a-defaut-de-belles-lumieres-de-beaux-orages\/#primaryimage"},"thumbnailUrl":"http:\/\/www.grelibre.net\/WP\/wp-content\/gallery\/2013-05\/Orage_030513_001.jpg","keywords":["orage"],"articleSection":["2013"],"inLanguage":"fr-FR"},{"@type":"WebPage","@id":"https:\/\/www.grelibre.net\/WP\/2013\/05\/03\/edito-du-3-mai-a-defaut-de-belles-lumieres-de-beaux-orages\/","url":"https:\/\/www.grelibre.net\/WP\/2013\/05\/03\/edito-du-3-mai-a-defaut-de-belles-lumieres-de-beaux-orages\/","name":"Edito du 3 mai : \u00e0 d\u00e9faut de belles lumi\u00e8res, de beaux orages...","isPartOf":{"@id":"https:\/\/www.grelibre.net\/WP\/#website"},"primaryImageOfPage":{"@id":"https:\/\/www.grelibre.net\/WP\/2013\/05\/03\/edito-du-3-mai-a-defaut-de-belles-lumieres-de-beaux-orages\/#primaryimage"},"image":{"@id":"https:\/\/www.grelibre.net\/WP\/2013\/05\/03\/edito-du-3-mai-a-defaut-de-belles-lumieres-de-beaux-orages\/#primaryimage"},"thumbnailUrl":"http:\/\/www.grelibre.net\/WP\/wp-content\/gallery\/2013-05\/Orage_030513_001.jpg","datePublished":"2013-05-03T10:09:58+00:00","dateModified":"2013-05-17T06:00:26+00:00","author":{"@id":"https:\/\/www.grelibre.net\/WP\/#\/schema\/person\/ad30d863c31be1a80dd44300962ef92e"},"description":"Grelibre.net La Montagne dans tous ses \u00e9tats - \u00e0 d\u00e9faut de belles lumi\u00e8res, de beaux orages...","inLanguage":"fr-FR","potentialAction":[{"@type":"ReadAction","target":["https:\/\/www.grelibre.net\/WP\/2013\/05\/03\/edito-du-3-mai-a-defaut-de-belles-lumieres-de-beaux-orages\/"]}]},{"@type":"ImageObject","inLanguage":"fr-FR","@id":"https:\/\/www.grelibre.net\/WP\/2013\/05\/03\/edito-du-3-mai-a-defaut-de-belles-lumieres-de-beaux-orages\/#primaryimage","url":"http:\/\/www.grelibre.net\/WP\/wp-content\/gallery\/2013-05\/Orage_030513_001.jpg","contentUrl":"http:\/\/www.grelibre.net\/WP\/wp-content\/gallery\/2013-05\/Orage_030513_001.jpg"},{"@type":"WebSite","@id":"https:\/\/www.grelibre.net\/WP\/#website","url":"https:\/\/www.grelibre.net\/WP\/","name":"Grelibre.net","description":"la Montagne dans tous ses \u00e9tats","potentialAction":[{"@type":"SearchAction","target":{"@type":"EntryPoint","urlTemplate":"https:\/\/www.grelibre.net\/WP\/?s={search_term_string}"},"query-input":{"@type":"PropertyValueSpecification","valueRequired":true,"valueName":"search_term_string"}}],"inLanguage":"fr-FR"},{"@type":"Person","@id":"https:\/\/www.grelibre.net\/WP\/#\/schema\/person\/ad30d863c31be1a80dd44300962ef92e","name":"Grelibre","image":{"@type":"ImageObject","inLanguage":"fr-FR","@id":"https:\/\/secure.gravatar.com\/avatar\/58beb5dfb95390604f13a3474b88e7c3cccbd91d3d084e8a46fb51deed41ea4c?s=96&d=mm&r=g","url":"https:\/\/secure.gravatar.com\/avatar\/58beb5dfb95390604f13a3474b88e7c3cccbd91d3d084e8a46fb51deed41ea4c?s=96&d=mm&r=g","contentUrl":"https:\/\/secure.gravatar.com\/avatar\/58beb5dfb95390604f13a3474b88e7c3cccbd91d3d084e8a46fb51deed41ea4c?s=96&d=mm&r=g","caption":"Grelibre"},"sameAs":["http:\/\/wwww.grelibre.net"],"url":"https:\/\/www.grelibre.net\/WP\/author\/grelibreadmin\/"}]}},"_links":{"self":[{"href":"https:\/\/www.grelibre.net\/WP\/wp-json\/wp\/v2\/posts\/2167","targetHints":{"allow":["GET"]}}],"collection":[{"href":"https:\/\/www.grelibre.net\/WP\/wp-json\/wp\/v2\/posts"}],"about":[{"href":"https:\/\/www.grelibre.net\/WP\/wp-json\/wp\/v2\/types\/post"}],"author":[{"embeddable":true,"href":"https:\/\/www.grelibre.net\/WP\/wp-json\/wp\/v2\/users\/2"}],"replies":[{"embeddable":true,"href":"https:\/\/www.grelibre.net\/WP\/wp-json\/wp\/v2\/comments?post=2167"}],"version-history":[{"count":3,"href":"https:\/\/www.grelibre.net\/WP\/wp-json\/wp\/v2\/posts\/2167\/revisions"}],"predecessor-version":[{"id":2177,"href":"https:\/\/www.grelibre.net\/WP\/wp-json\/wp\/v2\/posts\/2167\/revisions\/2177"}],"wp:attachment":[{"href":"https:\/\/www.grelibre.net\/WP\/wp-json\/wp\/v2\/media?parent=2167"}],"wp:term":[{"taxonomy":"category","embeddable":true,"href":"https:\/\/www.grelibre.net\/WP\/wp-json\/wp\/v2\/categories?post=2167"},{"taxonomy":"post_tag","embeddable":true,"href":"https:\/\/www.grelibre.net\/WP\/wp-json\/wp\/v2\/tags?post=2167"}],"curies":[{"name":"wp","href":"https:\/\/api.w.org\/{rel}","templated":true}]}}